{"id":2329,"date":"2024-08-01T16:53:47","date_gmt":"2024-08-01T14:53:47","guid":{"rendered":"https:\/\/boxeur-pro.fr\/?p=2329"},"modified":"2024-08-01T16:53:49","modified_gmt":"2024-08-01T14:53:49","slug":"davina-michel","status":"publish","type":"post","link":"https:\/\/boxeur-pro.fr\/de\/boxe\/davina-michel\/","title":{"rendered":"Davina Michel: ihre Geschichte, Gr\u00f6\u00dfe, Gewicht, Alter, Verm\u00f6gen"},"content":{"rendered":"<p>Davina Michel, eine franz\u00f6sische Boxerin, die immer wieder von sich reden macht, wurde am 29. Dezember 1997 auf Martinique geboren. Seit ihren Anf\u00e4ngen hat sie sich zu einer der vielversprechendsten Figuren des franz\u00f6sischen Boxsports entwickelt. Entdecken wir gemeinsam ihren Werdegang, ihre K\u00f6rperma\u00dfe, ihr Alter und die finanziellen Aspekte ihrer Karriere.<\/p>\n\n\n\n<h3 class=\"wp-block-heading\">Wer ist Davina Michel?<\/h3>\n\n\n\n<p>Davina Michel wurde 1997 auf Martinique geboren und begann sehr jung mit dem Boxen. Sie zeichnete sich schnell durch ihre athletischen F\u00e4higkeiten und ihren Kampfgeist aus. Bereits als Teenager zeigte sie ein enormes Potenzial, was dazu f\u00fchrte, dass sie in Hochleistungsstrukturen wie das INSEP in Frankreich aufgenommen wurde. Doch ihr Weg war nicht immer einfach. Nach einer ersten Erfahrung bei den Olympischen Jugendspielen 2014 in Nanjing, bei denen sie nicht die erhofften Ergebnisse erzielte, beschloss Davina, eine Pause einzulegen.<\/p>\n\n\n\n<p>Diese Pause erm\u00f6glichte es ihr, st\u00e4rker und entschlossener zur\u00fcckzukehren. 2018 war ihre R\u00fcckkehr in den Ring von einem eisernen Willen gepr\u00e4gt. Sie nahm das intensive Training unter der Leitung ihres Trainers Emmanuel Dos Santos wieder auf. Dank dieser Wiederaufnahme konnte sie in sechs Monaten 30 kg abnehmen, eine Leistung, die von ihrer Disziplin und Hingabe zeugt. Ihre Bem\u00fchungen wurden belohnt, als sie 2019, 2020 und 2021 die franz\u00f6sische Meisterschaft in der Kategorie unter 75 kg gewann.<\/p>\n\n\n\n<h3 class=\"wp-block-heading\">Gr\u00f6\u00dfe und Gewicht von Davina Michel<\/h3>\n\n\n\n<p>Davina Michel misst <strong>1,82 m<\/strong> und wiegt <strong>75 kg<\/strong>Die meisten Menschen, die sich in der Schule aufhalten, haben keine Ahnung, was sie tun sollen. <a href=\"https:\/\/boxeur-pro.fr\/de\/boxe\/mike-tyson-poids\/\">Gewicht<\/a> Mittel. Seine <a href=\"https:\/\/boxeur-pro.fr\/de\/boxe\/mike-tyson-taille\/\">Gr\u00f6\u00dfe<\/a> verschafft ihm einen erheblichen Vorteil gegen\u00fcber seinen Gegnern, vor allem in Bezug auf die Reichweite und die St\u00e4rke von <a href=\"https:\/\/boxeur-pro.fr\/de\/boxe\/meilleur-sac-de-frappe-boxe\/\">Schlag<\/a>. Im Ring kann er dank seiner imposanten Statur die Distanz kontrollieren und seine Gegner mit seinen kr\u00e4ftigen Jabs auf Abstand halten.<\/p>\n\n\n\n<p>Abgesehen von ihren k\u00f6rperlichen Eigenschaften verf\u00fcgt Davina \u00fcber eine beeindruckende mentale St\u00e4rke. Ihre F\u00e4higkeit, konzentriert zu bleiben und mit dem Stress von Wettk\u00e4mpfen auf hohem Niveau umzugehen, ist bemerkenswert. Diese Kombination aus physischen und mentalen Qualit\u00e4ten macht sie zu einer gef\u00fcrchteten Gegnerin.<\/p>\n\n\n\n<h3 class=\"wp-block-heading\">Der Werdegang von Davina Michel<\/h3>\n\n\n\n<p>Davina Michels Weg ist gepr\u00e4gt von Herausforderungen und Erfolgen. Nach ihrer Pause im Jahr 2014 war ihre R\u00fcckkehr 2018 ein Wendepunkt. Unter der Leitung von Dos Santos fand sie wieder Gefallen am Wettkampf und fand schnell zu ihrem Niveau zur\u00fcck. Im Jahr 2019 wurde sie zur franz\u00f6sischen Meisterin gek\u00fcrt, ein Sieg, der ihre R\u00fcckkehr an die Spitze best\u00e4tigte.<\/p>\n\n\n\n<p>Im Jahr 2022 gewann sie bei den Weltmeisterschaften in Istanbul eine Bronzemedaille, eine Leistung, die ihr die T\u00fcr zu den Olympischen Spielen 2024 in Paris \u00f6ffnete. Diese Medaille war das Ergebnis vieler Trainingsstunden und Aufopferung. Davina trainiert zweimal t\u00e4glich und wechselt zwischen Krafttraining, Technikarbeit und Sparring. Ihre Strenge und Entschlossenheit sind der Schl\u00fcssel zu ihrem Erfolg.<\/p>\n\n\n\n<h3 class=\"wp-block-heading\">Die Erfolge von Davina Michel<\/h3>\n\n\n\n<p>Unter den vielen Erfolgen von Davina Michel ist ihre Bronzemedaille bei den Weltmeisterschaften 2022 wohl der herausragendste. Diese Leistung brachte sie auf die internationale B\u00fchne und erm\u00f6glichte es ihr, sich f\u00fcr die Olympischen Spiele 2024 in Paris zu qualifizieren. Ihre Erfolge beschr\u00e4nken sich jedoch nicht auf internationale Wettk\u00e4mpfe. In Frankreich dominierte sie die nationalen Meisterschaften und gewann mehrfach den Titel der franz\u00f6sischen Meisterin.<\/p>\n\n\n\n<p>Neben ihren Siegen im Ring hat Davina es auch geschafft, eine parallele Karriere aufzubauen. Sie wurde in das Programm \"Athl\u00e8tes de la SNCF\" aufgenommen, eine Initiative, die Spitzensportler unterst\u00fctzt, indem sie ihnen stabile berufliche M\u00f6glichkeiten bietet. Dank dieses Programms konnte Davina ihre Leidenschaft f\u00fcr den Boxsport mit einem Job bei der SNCF vereinbaren, wo sie im Bereich Eisenbahnsicherheit arbeitet.<\/p>\n\n\n\n<h3 class=\"wp-block-heading\">Davina Michel und die SNCF<\/h3>\n\n\n\n<p>2023 trat Davina Michel dem Programm \"Athl\u00e8tes de la SNCF\" bei, das es ihr erm\u00f6glicht, ihre sportliche Karriere fortzusetzen und gleichzeitig bei der SNCF zu arbeiten. Dieses Programm bietet ihr eine berufliche Stabilit\u00e4t, die f\u00fcr einen Spitzensportler unerl\u00e4sslich ist. Durch die Arbeit bei der SNCF hat sie ein stabiles Einkommen und kann sich voll und ganz auf ihr Training und ihre Wettk\u00e4mpfe konzentrieren. Die Aussicht, im Team zu arbeiten und f\u00fcr die Sicherheit der Fahrg\u00e4ste zu sorgen, hat sie gereizt - eine Verantwortung, die sie sehr ernst nimmt.<\/p>\n\n\n\n<p>Davina trainiert zweimal t\u00e4glich, zus\u00e4tzlich zu ihren beruflichen Verpflichtungen. Ihr Terminkalender ist voll, aber sie schafft es, dieses Doppelleben dank einer strikten Organisation und eiserner Disziplin zu bew\u00e4ltigen. Die Erfahrung bei der SNCF ist f\u00fcr sie eine zus\u00e4tzliche Motivationsquelle, die es ihr erm\u00f6glicht, sowohl sportlich als auch beruflich ihr Bestes zu geben.<\/p>\n\n\n\n<h3 class=\"wp-block-heading\">Die Herausforderungen von Davina Michel<\/h3>\n\n\n\n<p>Das Leben von Davina Michel ist alles andere als einfach. Zwischen ihrem intensiven Training, ihren Wettk\u00e4mpfen und ihrer Arbeit bei der SNCF f\u00fchrt sie ein sehr anspruchsvolles Leben. Boxen ist ein Sport, der extreme Disziplin und Strenge erfordert. Jeder Fehler kann im Ring t\u00f6dlich sein, was eine gr\u00fcndliche und st\u00e4ndige Vorbereitung erfordert. Davina verbringt Stunden damit, an ihrer Technik zu feilen, an ihrer Kondition zu arbeiten und im Sparring zu trainieren, um f\u00fcr ihre Gegner bereit zu sein.<\/p>\n\n\n\n<p>Neben der k\u00f6rperlichen Vorbereitung muss Davina auch den mentalen Druck bew\u00e4ltigen. Wettk\u00e4mpfe auf hohem Niveau verursachen Stress, und es ist entscheidend, konzentriert und motiviert zu bleiben. Dabei kann sie auf die Unterst\u00fctzung ihres Trainers, ihrer Familie und ihrer Freunde z\u00e4hlen, die eine wesentliche Rolle f\u00fcr ihre Ausgeglichenheit und ihren Erfolg spielen.<\/p>\n\n\n\n<h3 class=\"wp-block-heading\">Davina Michels Verm\u00f6gen<\/h3>\n\n\n\n<p>In Bezug auf <a href=\"https:\/\/boxeur-pro.fr\/de\/boxe\/mike-tyson-fortune\/\">Verm\u00f6gen<\/a>Davina Michel hat noch keinen gro\u00dfen Reichtum angeh\u00e4uft. Ihre sportlichen Leistungen und ihr berufliches Engagement sichern ihr jedoch eine gewisse finanzielle Stabilit\u00e4t. Dank der Unterst\u00fctzung durch ihre Sponsoren und die SNCF kann sie sich voll und ganz auf ihre sportliche Karriere konzentrieren, ohne sich um finanzielle Aspekte sorgen zu m\u00fcssen. Dar\u00fcber hinaus k\u00f6nnte ihm seine Qualifikation f\u00fcr die Olympischen Spiele 2024 in Paris neue M\u00f6glichkeiten er\u00f6ffnen und seinen Bekanntheitsgrad und sein Einkommen steigern.<\/p>\n\n\n\n<p>Davina ist sich auch bewusst, wie wichtig es ist, sich gut zu umgeben, um erfolgreich zu sein. Sie arbeitet mit Fitnesstrainern, Ern\u00e4hrungswissenschaftlern und anderen Fachleuten zusammen, um ihre Leistungen zu optimieren. Dieser ganzheitliche Ansatz bei der Sportvorbereitung ist entscheidend, um das h\u00f6chste Niveau zu erreichen und auf eine olympische Medaille zu hoffen.<\/p>\n\n\n\n<h3 class=\"wp-block-heading\">Schlussfolgerung<\/h3>\n\n\n\n<p>Davina Michel ist eine Ausnahmeathletin, die Entschlossenheit, Belastbarkeit und Leidenschaft verk\u00f6rpert. Ihr Werdegang, der von Herausforderungen und Erfolgen gepr\u00e4gt ist, ist eine Inspiration f\u00fcr viele junge Menschen. Indem sie ihre sportliche Karriere mit einer Anstellung bei der SNCF verbindet, zeigt sie, dass es m\u00f6glich ist, mit einer straffen Organisation und eiserner Disziplin an mehreren Fronten erfolgreich zu sein. Folgen Sie <strong>Davina Michel<\/strong> bei den bevorstehenden Olympischen Spielen in Paris 2024, wo sie die Weltspitze des Boxsports anstrebt und ihre Medaillentr\u00e4ume verwirklichen will.<\/p>\n\n\n\n<p>Quellen: <strong><a href=\"https:\/\/fr.wikipedia.org\/wiki\/Boxe\" data-lasso-id=\"4473\">Boxing Wiki <\/a><\/strong><\/p>\n\n\n\n<p>Siehe auch :<strong><a href=\"https:\/\/pflmma.com\/\" data-lasso-id=\"4474\"> Offizielle Website f\u00fcr Kombattanten<\/a><\/strong><\/p>","protected":false},"excerpt":{"rendered":"<p>Davina Michel, eine franz\u00f6sische Boxerin, die immer wieder von sich reden macht, wurde am 29. Dezember 1997 auf Martinique geboren. Seit ihren Anf\u00e4ngen hat sie sich zu einer der vielversprechendsten Figuren des franz\u00f6sischen Boxsports entwickelt. Wir wollen gemeinsam ihren Werdegang, ihre K\u00f6rperma\u00dfe, ihr Alter und die Aspekte ... <a title=\"Davina Michel: ihre Geschichte, Gr\u00f6\u00dfe, Gewicht, Alter, Verm\u00f6gen\" class=\"read-more\" href=\"https:\/\/boxeur-pro.fr\/de\/boxe\/davina-michel\/\" aria-label=\"Mehr Informationen \u00fcber Davina Michel : son histoire, taille, poids, \u00e2ge, fortune\">Weiterlesen &#8230;<\/a><\/p>","protected":false},"author":2,"featured_media":2331,"comment_status":"open","ping_status":"open","sticky":false,"template":"","format":"standard","meta":{"footnotes":""},"categories":[7],"tags":[15],"class_list":["post-2329","post","type-post","status-publish","format-standard","has-post-thumbnail","hentry","category-boxe","tag-boxeurs"],"yoast_head":"<!-- This site is optimized with the Yoast SEO plugin v27.4 - https:\/\/yoast.com\/product\/yoast-seo-wordpress\/ -->\n<title>Davina Michel : son histoire, taille, poids, \u00e2ge, fortune<\/title>\n<meta name=\"description\" content=\"Davina Michel, n\u00e9e en 1997 en Martinique, a commenc\u00e9 la boxe tr\u00e8s jeune. Elle s\u2019est rapidement d\u00e9marqu\u00e9e par ses capacit\u00e9s athl\u00e9tiques\" \/>\n<meta name=\"robots\" content=\"index, follow, max-snippet:-1, max-image-preview:large, max-video-preview:-1\" \/>\n<link rel=\"canonical\" href=\"https:\/\/boxeur-pro.fr\/de\/boxen\/davina-michel\/\" \/>\n<meta property=\"og:locale\" content=\"de_DE\" \/>\n<meta property=\"og:type\" content=\"article\" \/>\n<meta property=\"og:title\" content=\"Davina Michel : son histoire, taille, poids, \u00e2ge, fortune\" \/>\n<meta property=\"og:description\" content=\"Davina Michel, n\u00e9e en 1997 en Martinique, a commenc\u00e9 la boxe tr\u00e8s jeune. Elle s\u2019est rapidement d\u00e9marqu\u00e9e par ses capacit\u00e9s athl\u00e9tiques\" \/>\n<meta property=\"og:url\" content=\"https:\/\/boxeur-pro.fr\/de\/boxen\/davina-michel\/\" \/>\n<meta property=\"og:site_name\" content=\"Boxeur PRO\" \/>\n<meta property=\"article:published_time\" content=\"2024-08-01T14:53:47+00:00\" \/>\n<meta property=\"article:modified_time\" content=\"2024-08-01T14:53:49+00:00\" \/>\n<meta property=\"og:image\" content=\"https:\/\/boxeur-pro.fr\/wp-content\/uploads\/2024\/08\/FIL_6783-scaled-e1669897837650-removebg-preview.png\" \/>\n\t<meta property=\"og:image:width\" content=\"449\" \/>\n\t<meta property=\"og:image:height\" content=\"556\" \/>\n\t<meta property=\"og:image:type\" content=\"image\/png\" \/>\n<meta name=\"author\" content=\"Maxime\" \/>\n<meta name=\"twitter:card\" content=\"summary_large_image\" \/>\n<meta name=\"twitter:label1\" content=\"Verfasst von\" \/>\n\t<meta name=\"twitter:data1\" content=\"Maxime\" \/>\n\t<meta name=\"twitter:label2\" content=\"Gesch\u00e4tzte Lesezeit\" \/>\n\t<meta name=\"twitter:data2\" content=\"7\u00a0Minuten\" \/>\n<script type=\"application\/ld+json\" class=\"yoast-schema-graph\">{\"@context\":\"https:\\\/\\\/schema.org\",\"@graph\":[{\"@type\":\"Article\",\"@id\":\"https:\\\/\\\/boxeur-pro.fr\\\/de\\\/boxe\\\/davina-michel\\\/#article\",\"isPartOf\":{\"@id\":\"https:\\\/\\\/boxeur-pro.fr\\\/de\\\/boxe\\\/davina-michel\\\/\"},\"author\":{\"name\":\"Maxime\",\"@id\":\"https:\\\/\\\/boxeur-pro.fr\\\/de\\\/#\\\/schema\\\/person\\\/086d0ef78c9fe53d995cf72b71821937\"},\"headline\":\"Davina Michel : son histoire, taille, poids, \u00e2ge, fortune\",\"datePublished\":\"2024-08-01T14:53:47+00:00\",\"dateModified\":\"2024-08-01T14:53:49+00:00\",\"mainEntityOfPage\":{\"@id\":\"https:\\\/\\\/boxeur-pro.fr\\\/de\\\/boxe\\\/davina-michel\\\/\"},\"wordCount\":1273,\"commentCount\":0,\"publisher\":{\"@id\":\"https:\\\/\\\/boxeur-pro.fr\\\/de\\\/#organization\"},\"image\":{\"@id\":\"https:\\\/\\\/boxeur-pro.fr\\\/de\\\/boxe\\\/davina-michel\\\/#primaryimage\"},\"thumbnailUrl\":\"https:\\\/\\\/boxeur-pro.fr\\\/wp-content\\\/uploads\\\/2024\\\/08\\\/FIL_6783-scaled-e1669897837650-removebg-preview.png\",\"keywords\":[\"Boxeurs\"],\"articleSection\":[\"Boxe\"],\"inLanguage\":\"de\",\"potentialAction\":[{\"@type\":\"CommentAction\",\"name\":\"Comment\",\"target\":[\"https:\\\/\\\/boxeur-pro.fr\\\/de\\\/boxe\\\/davina-michel\\\/#respond\"]}]},{\"@type\":\"WebPage\",\"@id\":\"https:\\\/\\\/boxeur-pro.fr\\\/de\\\/boxe\\\/davina-michel\\\/\",\"url\":\"https:\\\/\\\/boxeur-pro.fr\\\/de\\\/boxe\\\/davina-michel\\\/\",\"name\":\"Davina Michel : son histoire, taille, poids, \u00e2ge, fortune\",\"isPartOf\":{\"@id\":\"https:\\\/\\\/boxeur-pro.fr\\\/de\\\/#website\"},\"primaryImageOfPage\":{\"@id\":\"https:\\\/\\\/boxeur-pro.fr\\\/de\\\/boxe\\\/davina-michel\\\/#primaryimage\"},\"image\":{\"@id\":\"https:\\\/\\\/boxeur-pro.fr\\\/de\\\/boxe\\\/davina-michel\\\/#primaryimage\"},\"thumbnailUrl\":\"https:\\\/\\\/boxeur-pro.fr\\\/wp-content\\\/uploads\\\/2024\\\/08\\\/FIL_6783-scaled-e1669897837650-removebg-preview.png\",\"datePublished\":\"2024-08-01T14:53:47+00:00\",\"dateModified\":\"2024-08-01T14:53:49+00:00\",\"description\":\"Davina Michel, n\u00e9e en 1997 en Martinique, a commenc\u00e9 la boxe tr\u00e8s jeune. Elle s\u2019est rapidement d\u00e9marqu\u00e9e par ses capacit\u00e9s athl\u00e9tiques\",\"breadcrumb\":{\"@id\":\"https:\\\/\\\/boxeur-pro.fr\\\/de\\\/boxe\\\/davina-michel\\\/#breadcrumb\"},\"inLanguage\":\"de\",\"potentialAction\":[{\"@type\":\"ReadAction\",\"target\":[\"https:\\\/\\\/boxeur-pro.fr\\\/de\\\/boxe\\\/davina-michel\\\/\"]}]},{\"@type\":\"ImageObject\",\"inLanguage\":\"de\",\"@id\":\"https:\\\/\\\/boxeur-pro.fr\\\/de\\\/boxe\\\/davina-michel\\\/#primaryimage\",\"url\":\"https:\\\/\\\/boxeur-pro.fr\\\/wp-content\\\/uploads\\\/2024\\\/08\\\/FIL_6783-scaled-e1669897837650-removebg-preview.png\",\"contentUrl\":\"https:\\\/\\\/boxeur-pro.fr\\\/wp-content\\\/uploads\\\/2024\\\/08\\\/FIL_6783-scaled-e1669897837650-removebg-preview.png\",\"width\":449,\"height\":556,\"caption\":\"Davina Michel\"},{\"@type\":\"BreadcrumbList\",\"@id\":\"https:\\\/\\\/boxeur-pro.fr\\\/de\\\/boxe\\\/davina-michel\\\/#breadcrumb\",\"itemListElement\":[{\"@type\":\"ListItem\",\"position\":1,\"name\":\"Accueil\",\"item\":\"https:\\\/\\\/boxeur-pro.fr\\\/\"},{\"@type\":\"ListItem\",\"position\":2,\"name\":\"Davina Michel : son histoire, taille, poids, \u00e2ge, fortune\"}]},{\"@type\":\"WebSite\",\"@id\":\"https:\\\/\\\/boxeur-pro.fr\\\/de\\\/#website\",\"url\":\"https:\\\/\\\/boxeur-pro.fr\\\/de\\\/\",\"name\":\"Boxeur PRO\",\"description\":\"\",\"publisher\":{\"@id\":\"https:\\\/\\\/boxeur-pro.fr\\\/de\\\/#organization\"},\"potentialAction\":[{\"@type\":\"SearchAction\",\"target\":{\"@type\":\"EntryPoint\",\"urlTemplate\":\"https:\\\/\\\/boxeur-pro.fr\\\/de\\\/?s={search_term_string}\"},\"query-input\":{\"@type\":\"PropertyValueSpecification\",\"valueRequired\":true,\"valueName\":\"search_term_string\"}}],\"inLanguage\":\"de\"},{\"@type\":\"Organization\",\"@id\":\"https:\\\/\\\/boxeur-pro.fr\\\/de\\\/#organization\",\"name\":\"Boxeur PRO\",\"url\":\"https:\\\/\\\/boxeur-pro.fr\\\/de\\\/\",\"logo\":{\"@type\":\"ImageObject\",\"inLanguage\":\"de\",\"@id\":\"https:\\\/\\\/boxeur-pro.fr\\\/de\\\/#\\\/schema\\\/logo\\\/image\\\/\",\"url\":\"https:\\\/\\\/boxeur-pro.fr\\\/wp-content\\\/uploads\\\/2024\\\/01\\\/LogoBoxeurProTransparent-1.png\",\"contentUrl\":\"https:\\\/\\\/boxeur-pro.fr\\\/wp-content\\\/uploads\\\/2024\\\/01\\\/LogoBoxeurProTransparent-1.png\",\"width\":709,\"height\":800,\"caption\":\"Boxeur PRO\"},\"image\":{\"@id\":\"https:\\\/\\\/boxeur-pro.fr\\\/de\\\/#\\\/schema\\\/logo\\\/image\\\/\"}},{\"@type\":\"Person\",\"@id\":\"https:\\\/\\\/boxeur-pro.fr\\\/de\\\/#\\\/schema\\\/person\\\/086d0ef78c9fe53d995cf72b71821937\",\"name\":\"Maxime\",\"image\":{\"@type\":\"ImageObject\",\"inLanguage\":\"de\",\"@id\":\"https:\\\/\\\/secure.gravatar.com\\\/avatar\\\/ce38768ebaf5d044c623efd7ff10a6ad2e1bf4f59b1039f5295b8e35e82bb447?s=96&d=mm&r=g\",\"url\":\"https:\\\/\\\/secure.gravatar.com\\\/avatar\\\/ce38768ebaf5d044c623efd7ff10a6ad2e1bf4f59b1039f5295b8e35e82bb447?s=96&d=mm&r=g\",\"contentUrl\":\"https:\\\/\\\/secure.gravatar.com\\\/avatar\\\/ce38768ebaf5d044c623efd7ff10a6ad2e1bf4f59b1039f5295b8e35e82bb447?s=96&d=mm&r=g\",\"caption\":\"Maxime\"},\"url\":\"https:\\\/\\\/boxeur-pro.fr\\\/de\\\/author\\\/maxime\\\/\"}]}<\/script>\n<!-- \/ Yoast SEO plugin. -->","yoast_head_json":{"title":"Davina Michel: ihre Geschichte, Gr\u00f6\u00dfe, Gewicht, Alter, Verm\u00f6gen","description":"Davina Michel wurde 1997 auf Martinique geboren und begann sehr jung mit dem Boxen. Sie zeichnete sich schnell durch ihre athletischen F\u00e4higkeiten aus.","robots":{"index":"index","follow":"follow","max-snippet":"max-snippet:-1","max-image-preview":"max-image-preview:large","max-video-preview":"max-video-preview:-1"},"canonical":"https:\/\/boxeur-pro.fr\/de\/boxen\/davina-michel\/","og_locale":"de_DE","og_type":"article","og_title":"Davina Michel : son histoire, taille, poids, \u00e2ge, fortune","og_description":"Davina Michel, n\u00e9e en 1997 en Martinique, a commenc\u00e9 la boxe tr\u00e8s jeune. Elle s\u2019est rapidement d\u00e9marqu\u00e9e par ses capacit\u00e9s athl\u00e9tiques","og_url":"https:\/\/boxeur-pro.fr\/de\/boxen\/davina-michel\/","og_site_name":"Boxeur PRO","article_published_time":"2024-08-01T14:53:47+00:00","article_modified_time":"2024-08-01T14:53:49+00:00","og_image":[{"width":449,"height":556,"url":"https:\/\/boxeur-pro.fr\/wp-content\/uploads\/2024\/08\/FIL_6783-scaled-e1669897837650-removebg-preview.png","type":"image\/png"}],"author":"Maxime","twitter_card":"summary_large_image","twitter_misc":{"Verfasst von":"Maxime","Gesch\u00e4tzte Lesezeit":"7\u00a0Minuten"},"schema":{"@context":"https:\/\/schema.org","@graph":[{"@type":"Article","@id":"https:\/\/boxeur-pro.fr\/de\/boxe\/davina-michel\/#article","isPartOf":{"@id":"https:\/\/boxeur-pro.fr\/de\/boxe\/davina-michel\/"},"author":{"name":"Maxime","@id":"https:\/\/boxeur-pro.fr\/de\/#\/schema\/person\/086d0ef78c9fe53d995cf72b71821937"},"headline":"Davina Michel : son histoire, taille, poids, \u00e2ge, fortune","datePublished":"2024-08-01T14:53:47+00:00","dateModified":"2024-08-01T14:53:49+00:00","mainEntityOfPage":{"@id":"https:\/\/boxeur-pro.fr\/de\/boxe\/davina-michel\/"},"wordCount":1273,"commentCount":0,"publisher":{"@id":"https:\/\/boxeur-pro.fr\/de\/#organization"},"image":{"@id":"https:\/\/boxeur-pro.fr\/de\/boxe\/davina-michel\/#primaryimage"},"thumbnailUrl":"https:\/\/boxeur-pro.fr\/wp-content\/uploads\/2024\/08\/FIL_6783-scaled-e1669897837650-removebg-preview.png","keywords":["Boxeurs"],"articleSection":["Boxe"],"inLanguage":"de","potentialAction":[{"@type":"CommentAction","name":"Comment","target":["https:\/\/boxeur-pro.fr\/de\/boxe\/davina-michel\/#respond"]}]},{"@type":"WebPage","@id":"https:\/\/boxeur-pro.fr\/de\/boxe\/davina-michel\/","url":"https:\/\/boxeur-pro.fr\/de\/boxe\/davina-michel\/","name":"Davina Michel: ihre Geschichte, Gr\u00f6\u00dfe, Gewicht, Alter, Verm\u00f6gen","isPartOf":{"@id":"https:\/\/boxeur-pro.fr\/de\/#website"},"primaryImageOfPage":{"@id":"https:\/\/boxeur-pro.fr\/de\/boxe\/davina-michel\/#primaryimage"},"image":{"@id":"https:\/\/boxeur-pro.fr\/de\/boxe\/davina-michel\/#primaryimage"},"thumbnailUrl":"https:\/\/boxeur-pro.fr\/wp-content\/uploads\/2024\/08\/FIL_6783-scaled-e1669897837650-removebg-preview.png","datePublished":"2024-08-01T14:53:47+00:00","dateModified":"2024-08-01T14:53:49+00:00","description":"Davina Michel wurde 1997 auf Martinique geboren und begann sehr jung mit dem Boxen. Sie zeichnete sich schnell durch ihre athletischen F\u00e4higkeiten aus.","breadcrumb":{"@id":"https:\/\/boxeur-pro.fr\/de\/boxe\/davina-michel\/#breadcrumb"},"inLanguage":"de","potentialAction":[{"@type":"ReadAction","target":["https:\/\/boxeur-pro.fr\/de\/boxe\/davina-michel\/"]}]},{"@type":"ImageObject","inLanguage":"de","@id":"https:\/\/boxeur-pro.fr\/de\/boxe\/davina-michel\/#primaryimage","url":"https:\/\/boxeur-pro.fr\/wp-content\/uploads\/2024\/08\/FIL_6783-scaled-e1669897837650-removebg-preview.png","contentUrl":"https:\/\/boxeur-pro.fr\/wp-content\/uploads\/2024\/08\/FIL_6783-scaled-e1669897837650-removebg-preview.png","width":449,"height":556,"caption":"Davina Michel"},{"@type":"BreadcrumbList","@id":"https:\/\/boxeur-pro.fr\/de\/boxe\/davina-michel\/#breadcrumb","itemListElement":[{"@type":"ListItem","position":1,"name":"Accueil","item":"https:\/\/boxeur-pro.fr\/"},{"@type":"ListItem","position":2,"name":"Davina Michel : son histoire, taille, poids, \u00e2ge, fortune"}]},{"@type":"WebSite","@id":"https:\/\/boxeur-pro.fr\/de\/#website","url":"https:\/\/boxeur-pro.fr\/de\/","name":"PRO-Boxer","description":"","publisher":{"@id":"https:\/\/boxeur-pro.fr\/de\/#organization"},"potentialAction":[{"@type":"SearchAction","target":{"@type":"EntryPoint","urlTemplate":"https:\/\/boxeur-pro.fr\/de\/?s={search_term_string}"},"query-input":{"@type":"PropertyValueSpecification","valueRequired":true,"valueName":"search_term_string"}}],"inLanguage":"de"},{"@type":"Organization","@id":"https:\/\/boxeur-pro.fr\/de\/#organization","name":"PRO-Boxer","url":"https:\/\/boxeur-pro.fr\/de\/","logo":{"@type":"ImageObject","inLanguage":"de","@id":"https:\/\/boxeur-pro.fr\/de\/#\/schema\/logo\/image\/","url":"https:\/\/boxeur-pro.fr\/wp-content\/uploads\/2024\/01\/LogoBoxeurProTransparent-1.png","contentUrl":"https:\/\/boxeur-pro.fr\/wp-content\/uploads\/2024\/01\/LogoBoxeurProTransparent-1.png","width":709,"height":800,"caption":"Boxeur PRO"},"image":{"@id":"https:\/\/boxeur-pro.fr\/de\/#\/schema\/logo\/image\/"}},{"@type":"Person","@id":"https:\/\/boxeur-pro.fr\/de\/#\/schema\/person\/086d0ef78c9fe53d995cf72b71821937","name":"Maxime","image":{"@type":"ImageObject","inLanguage":"de","@id":"https:\/\/secure.gravatar.com\/avatar\/ce38768ebaf5d044c623efd7ff10a6ad2e1bf4f59b1039f5295b8e35e82bb447?s=96&d=mm&r=g","url":"https:\/\/secure.gravatar.com\/avatar\/ce38768ebaf5d044c623efd7ff10a6ad2e1bf4f59b1039f5295b8e35e82bb447?s=96&d=mm&r=g","contentUrl":"https:\/\/secure.gravatar.com\/avatar\/ce38768ebaf5d044c623efd7ff10a6ad2e1bf4f59b1039f5295b8e35e82bb447?s=96&d=mm&r=g","caption":"Maxime"},"url":"https:\/\/boxeur-pro.fr\/de\/author\/maxime\/"}]}},"_links":{"self":[{"href":"https:\/\/boxeur-pro.fr\/de\/wp-json\/wp\/v2\/posts\/2329","targetHints":{"allow":["GET"]}}],"collection":[{"href":"https:\/\/boxeur-pro.fr\/de\/wp-json\/wp\/v2\/posts"}],"about":[{"href":"https:\/\/boxeur-pro.fr\/de\/wp-json\/wp\/v2\/types\/post"}],"author":[{"embeddable":true,"href":"https:\/\/boxeur-pro.fr\/de\/wp-json\/wp\/v2\/users\/2"}],"replies":[{"embeddable":true,"href":"https:\/\/boxeur-pro.fr\/de\/wp-json\/wp\/v2\/comments?post=2329"}],"version-history":[{"count":2,"href":"https:\/\/boxeur-pro.fr\/de\/wp-json\/wp\/v2\/posts\/2329\/revisions"}],"predecessor-version":[{"id":2332,"href":"https:\/\/boxeur-pro.fr\/de\/wp-json\/wp\/v2\/posts\/2329\/revisions\/2332"}],"wp:featuredmedia":[{"embeddable":true,"href":"https:\/\/boxeur-pro.fr\/de\/wp-json\/wp\/v2\/media\/2331"}],"wp:attachment":[{"href":"https:\/\/boxeur-pro.fr\/de\/wp-json\/wp\/v2\/media?parent=2329"}],"wp:term":[{"taxonomy":"category","embeddable":true,"href":"https:\/\/boxeur-pro.fr\/de\/wp-json\/wp\/v2\/categories?post=2329"},{"taxonomy":"post_tag","embeddable":true,"href":"https:\/\/boxeur-pro.fr\/de\/wp-json\/wp\/v2\/tags?post=2329"}],"curies":[{"name":"wp","href":"https:\/\/api.w.org\/{rel}","templated":true}]}}