{"id":4507,"date":"2026-04-18T18:17:00","date_gmt":"2026-04-18T16:17:00","guid":{"rendered":"https:\/\/boxeur-pro.fr\/blog\/boxe-mayweather-pacquiao-combat-legendaire\/"},"modified":"2026-04-18T18:17:00","modified_gmt":"2026-04-18T16:17:00","slug":"boxe-mayweather-pacquiao-combat-legendaire","status":"publish","type":"post","link":"https:\/\/boxeur-pro.fr\/en\/boxe\/boxe-mayweather-pacquiao-combat-legendaire\/","title":{"rendered":"Boxe Mayweather Pacquiao : le combat l\u00e9gendaire"},"content":{"rendered":"<p><!-- summary-start --><\/p>\n<p><strong>The article in brief<\/strong><\/p>\n<p><p>Le combat Mayweather-Pacquiao du 2 mai 2015 a r\u00e9volutionn\u00e9 l&rsquo;\u00e9conomie de la boxe avec des recettes record, bien que sportativement d\u00e9cevant.<\/p>\n<ul>\n<li><strong>500 millions de dollars de recettes totales<\/strong>, pulv\u00e9risant tous les records du sport professionnel<\/li>\n<li>Une victoire unanime de <em>Mayweather<\/em> avec des scores sans appel : 118-110, 116-112, 116-112<\/li>\n<li>Pacquiao r\u00e9v\u00e8le une <strong>blessure \u00e0 l&rsquo;\u00e9paule d\u00e8s le troisi\u00e8me round<\/strong>, d\u00e9clenchant des poursuites judiciaires<\/li>\n<li>Un combat jug\u00e9 <em>ennuyeux<\/em> par les observateurs, malgr\u00e9 l&rsquo;attente plan\u00e9taire<\/li>\n<li>A <strong>revanche annonc\u00e9e pour le 19 septembre 2026<\/strong> sur Netflix, offrant une seconde chance \u00e0 la l\u00e9gende<\/li>\n<\/ul>\n<p><!-- summary-end --><\/p>\n<p>Le <strong>2 mai 2015<\/strong>, le MGM Grand Garden Arena de Las Vegas accueillait ce que le monde entier appelait d\u00e9j\u00e0 \u00ab le combat du si\u00e8cle \u00bb. Floyd Mayweather, Jr. contre Manny Pacquiao : deux l\u00e9gendes vivantes, deux styles aux antipodes, une attente de plusieurs ann\u00e9es. L&rsquo;\u00e9v\u00e9nement a g\u00e9n\u00e9r\u00e9 <strong>500 millions de dollars de recettes totales<\/strong>, pulv\u00e9risant tous les records. Pourtant, le souvenir laiss\u00e9 reste ambigu \u2014 passionnant sur le plan m\u00e9diatique, frustrant sur le plan sportif.<\/p>\n<h2>Le combat Mayweather Pacquiao : contexte et enjeux d&rsquo;un duel historique<\/h2>\n<p>Pour comprendre l&rsquo;ampleur de cette rencontre, il faut replacer les deux hommes dans leur \u00e9poque. Floyd Mayweather affichait un palmar\u00e8s immacul\u00e9 de <strong>50 combats, 50 victoires<\/strong>, sans la moindre d\u00e9faite. Un mur d\u00e9fensif, un technicien hors pair, d\u00e9test\u00e9 autant qu&rsquo;admir\u00e9. En face, <a href=\"https:\/\/boxeur-pro.fr\/en\/boxing\/manny-pacquiao\/\" title=\"Manny Pacquiao: history, height, weight, age, wealth\">Manny Pacquiao, l&rsquo;une des figures les plus populaires de la boxe mondiale<\/a>, boxeur philippin capable \u00e0 son meilleur niveau de d\u00e9crocher <em>jusqu&rsquo;\u00e0 70 coups par round<\/em>.<\/p>\n<p>Les deux camps avaient repouss\u00e9 pendant des ann\u00e9es les tentatives de n\u00e9gociation. Quand l&rsquo;accord a finalement \u00e9t\u00e9 sign\u00e9, l&rsquo;engouement \u00e9tait plan\u00e9taire. Les 75 millions de dollars engrang\u00e9s par la seule billetterie illustrent cette fi\u00e8vre collective. Le pay-per-view am\u00e9ricain, codiffus\u00e9 par HBO et Showtime, a rapport\u00e9 400 millions de dollars suppl\u00e9mentaires, tandis que les droits de diffusion pour les t\u00e9l\u00e9visions \u00e9trang\u00e8res ajoutaient 35 millions.<\/p>\n<p>Les chiffres de ventes ont tout simplement \u00e9cras\u00e9 l&rsquo;histoire. 4,4 millions d&rsquo;acheteurs \u00e0 100 dollars l&rsquo;unit\u00e9, contre 2,4 millions pour le pr\u00e9c\u00e9dent record \u00e9tabli lors de De La Hoya vs Mayweather. Financi\u00e8rement, les deux camps sont sortis largement gagnants : Mayweather a empoch\u00e9 300 millions de dollars, Pacquiao 150 millions.<\/p>\n<h3>Une attente qui a cr\u00e9\u00e9 une pression immense<\/h3>\n<p>Rarement un combat a suscit\u00e9 autant de sp\u00e9culations avant m\u00eame le premier round. Chaque d\u00e9tail \u2014 le lieu, la date, les conditions contractuelles \u2014 alimentait les m\u00e9dias pendant des mois. Cette surexposition a probablement contribu\u00e9 \u00e0 l&rsquo;immense d\u00e9ception ressentie ensuite.<\/p>\n<h3>Deux styles radicalement oppos\u00e9s<\/h3>\n<p>Mayweather incarnait la ma\u00eetrise d\u00e9fensive absolue. Pacquiao repr\u00e9sentait la fougue offensive et la vitesse. Sur le papier, le choc de ces deux philosophies promettait un spectacle explosif. La r\u00e9alit\u00e9 fut toute autre.<\/p>\n<h3>Les enjeux financiers comme moteur majeur<\/h3>\n<p>Franchement, on peut se demander si l&rsquo;int\u00e9r\u00eat financier n&rsquo;a pas prim\u00e9 sur la comp\u00e9tition sportive. Avec 300 millions dans la poche, Mayweather avait tout int\u00e9r\u00eat \u00e0 g\u00e9rer plut\u00f4t qu&rsquo;\u00e0 prendre des risques. Ce contexte explique en partie le d\u00e9roul\u00e9 du combat.<\/p>\n<h2>R\u00e9sultats, statistiques et pol\u00e9miques autour du duel du si\u00e8cle<\/h2>\n<p>Mayweather a remport\u00e9 la d\u00e9cision unanime des trois juges-arbitres avec des scores sans appel : <strong>118-110, 116-112 et 116-112<\/strong>. Aucun knockdown, peu d&rsquo;\u00e9changes spectaculaires. Une victoire nette techniquement, mais qui a laiss\u00e9 le public sur sa faim.<\/p>\n<p>Les statistiques racontent clairement l&rsquo;histoire du combat. Pacquiao n&rsquo;a r\u00e9ussi que <em>35,75 coups par round avec un taux d&rsquo;efficacit\u00e9 de 19 %<\/em>, loin de son niveau habituel. Mayweather, lui, a affich\u00e9 36,25 coups par round avec 34 % de coups ajust\u00e9s \u2014 plus pr\u00e9cis, plus efficace, totalement dans son registre habituel.<\/p>\n<table>\n<thead>\n<tr>\n<th>Statistics<\/th>\n<th>Mayweather<\/th>\n<th>Pacquiao<\/th>\n<\/tr>\n<\/thead>\n<tbody>\n<tr>\n<td>Coups lanc\u00e9s par round<\/td>\n<td>36,25<\/td>\n<td>35,75<\/td>\n<\/tr>\n<tr>\n<td>Taux de coups ajust\u00e9s<\/td>\n<td>34 %<\/td>\n<td>19 %<\/td>\n<\/tr>\n<tr>\n<td>Results<\/td>\n<td>Victoire unanime<\/td>\n<td>D\u00e9faite<\/td>\n<\/tr>\n<\/tbody>\n<\/table>\n<p>Quelques heures apr\u00e8s le verdict, Pacquiao a r\u00e9v\u00e9l\u00e9 qu&rsquo;une blessure \u00e0 l&rsquo;\u00e9paule droite, r\u00e9veill\u00e9e <em>d\u00e8s le troisi\u00e8me round<\/em>, avait s\u00e9v\u00e8rement limit\u00e9 sa capacit\u00e9 offensive. Une information cach\u00e9e avant le combat, qui a d\u00e9clench\u00e9 un authentique temp\u00eate judiciaire.<\/p>\n<h3>Les suites judiciaires d&rsquo;une r\u00e9v\u00e9lation tardive<\/h3>\n<p>D\u00e8s le 5 mai, deux Am\u00e9ricains ont d\u00e9pos\u00e9 des plaintes contre Pacquiao, r\u00e9clamant 5 millions de dollars de dommages et int\u00e9r\u00eats pour dissimulation de blessure. Le Philippin risquait entre 1 et 4 ans de prison ainsi qu&rsquo;une amende de 5 000 dollars, les plaignants invoquant une violation de la loi de l&rsquo;\u00c9tat du Nevada.<\/p>\n<h3>Un combat jug\u00e9 d\u00e9cevant par la majorit\u00e9 des observateurs<\/h3>\n<p>La plupart des commentateurs sportifs ont qualifi\u00e9 l&rsquo;affrontement d&rsquo;ennuyeux. Les deux boxeurs ne se sont jamais vraiment livr\u00e9s dans un \u00e9change ouvert. Pour Mayweather, c&rsquo;\u00e9tait pr\u00e9visible \u2014 sa strat\u00e9gie d\u00e9fensive est sa marque de fabrique. Pour Pacquiao, la blessure suffit-elle \u00e0 tout expliquer ? Une partie du public ne l&rsquo;a jamais vraiment accept\u00e9.<\/p>\n<h3>L&rsquo;h\u00e9ritage imm\u00e9diat du combat<\/h3>\n<p>Malgr\u00e9 la d\u00e9ception sportive, cet \u00e9v\u00e9nement a red\u00e9fini les standards \u00e9conomiques de la boxe professionnelle. Aucun autre combat n&rsquo;a approch\u00e9 ces recettes depuis. Pour une <a href=\"https:\/\/boxeur-pro.fr\/en\/blog\/fury-vs-usyk-analyse-combat-resultats-complets\/\">analyse d&rsquo;un autre grand choc entre boxeurs d&rsquo;\u00e9lite comme Fury vs Usyk<\/a>, on voit que m\u00eame les meilleurs duels r\u00e9cents peinent \u00e0 rivaliser sur le plan commercial.<\/p>\n<h2>La revanche annonc\u00e9e en 2026 : une deuxi\u00e8me chance pour l&rsquo;histoire<\/h2>\n<p>Onze ans apr\u00e8s Las Vegas, les deux l\u00e9gendes se pr\u00e9parent \u00e0 se retrouver face \u00e0 face. La revanche entre Mayweather et Pacquiao est officiellement annonc\u00e9e pour le <strong>19 septembre 2026<\/strong>, \u00e0 Las Vegas, et sera diffus\u00e9e sur Netflix \u2014 un choix symbolique qui ancre cet \u00e9v\u00e9nement dans l&rsquo;\u00e8re du streaming.<\/p>\n<p>Mayweather, 48 ans au moment de l&rsquo;annonce, sort d&rsquo;une longue p\u00e9riode sans combat professionnel depuis 2017, ponctu\u00e9e de quelques exhibitions. Il avait \u00e9galement pr\u00e9vu au printemps 2026 un combat non professionnel contre Mike Tyson. Pacquiao, 47 ans, affiche un bilan de <strong>62 victoires, 8 d\u00e9faites, 3 nuls<\/strong> et avait repris la comp\u00e9tition en juillet dernier, pour un match nul face \u00e0 Mario Barrios.<\/p>\n<p>Pacquiao lui-m\u00eame a d\u00e9clar\u00e9 que les fans m\u00e9ritaient cette revanche apr\u00e8s une attente si longue. Difficile de lui donner tort sur le fond \u2014 mais la question sportive reste enti\u00e8re. Deux hommes qui approchent la cinquantaine, sur un ring de Las Vegas, peuvent-ils offrir ce que leur premier face-\u00e0-face n&rsquo;a pas su donner ? C&rsquo;est pr\u00e9cis\u00e9ment cette incertitude qui rend l&rsquo;\u00e9v\u00e9nement aussi magn\u00e9tique.<\/p>\n<ol>\n<li>Mayweather reste invaincu en 50 combats professionnels<\/li>\n<li>Pacquiao revient apr\u00e8s un long passage \u00e0 vide<\/li>\n<li>La diffusion sur Netflix garantit une audience mondiale massive<\/li>\n<li>Las Vegas sera \u00e0 nouveau le th\u00e9\u00e2tre de cette confrontation mythique<\/li>\n<\/ol>\n<p>Ce n&rsquo;est pas simplement de la nostalgie. C&rsquo;est un test grandeur nature : la boxe peut-elle encore produire des \u00e9v\u00e9nements capables de captiver la plan\u00e8te enti\u00e8re ? Le 19 septembre 2026 apportera peut-\u00eatre enfin la r\u00e9ponse que 2015 n&rsquo;avait pas su donner.<\/p>\n<p>Sources : <a href=\"https:\/\/fr.wikipedia.org\/wiki\/Boxe\" target=\"<em>blank\u00a0\u00bb>wiki de la boxe<\/a> \u2014 <a href=\"https:>blank\u00a0\u00bb>site des combattants<\/a><\/p>\n<div style='text-align:center;'><iframe width='560' height='315' src='https:\/\/www.youtube.com\/embed\/NRSgKN6ueFw' frameborder='0' allow='accelerometer; autoplay; clipboard-write; encrypted-media; gyroscope; picture-in-picture' allowfullscreen><\/iframe><\/div>","protected":false},"excerpt":{"rendered":"<p>L&rsquo;article en bref Le combat Mayweather-Pacquiao du 2 mai 2015 a r\u00e9volutionn\u00e9 l&rsquo;\u00e9conomie de la boxe avec des recettes record, bien que sportativement d\u00e9cevant. 500 millions de dollars de recettes totales, pulv\u00e9risant tous les records du sport professionnel Une victoire unanime de Mayweather avec des scores sans appel : 118-110, &#8230; <a title=\"Boxe Mayweather Pacquiao : le combat l\u00e9gendaire\" class=\"read-more\" href=\"https:\/\/boxeur-pro.fr\/en\/boxe\/boxe-mayweather-pacquiao-combat-legendaire\/\" aria-label=\"Read more about Boxe Mayweather Pacquiao : le combat l\u00e9gendaire\">Read more<\/a><\/p>","protected":false},"author":2,"featured_media":4502,"comment_status":"open","ping_status":"","sticky":false,"template":"","format":"standard","meta":{"footnotes":""},"categories":[7],"tags":[],"class_list":["post-4507","post","type-post","status-publish","format-standard","has-post-thumbnail","hentry","category-boxe"],"yoast_head":"<!-- This site is optimized with the Yoast SEO plugin v27.5 - https:\/\/yoast.com\/product\/yoast-seo-wordpress\/ -->\n<title>Boxe Mayweather Pacquiao : le combat l\u00e9gendaire - Boxeur PRO<\/title>\n<meta name=\"robots\" content=\"index, follow, max-snippet:-1, max-image-preview:large, max-video-preview:-1\" \/>\n<link rel=\"canonical\" href=\"https:\/\/boxeur-pro.fr\/en\/boxing\/boxe-mayweather-pacquiao-combat-legendaire\/\" \/>\n<meta property=\"og:locale\" content=\"en_GB\" \/>\n<meta property=\"og:type\" content=\"article\" \/>\n<meta property=\"og:title\" content=\"Boxe Mayweather Pacquiao : le combat l\u00e9gendaire - Boxeur PRO\" \/>\n<meta property=\"og:description\" content=\"L&rsquo;article en bref Le combat Mayweather-Pacquiao du 2 mai 2015 a r\u00e9volutionn\u00e9 l&rsquo;\u00e9conomie de la boxe avec des recettes record, bien que sportativement d\u00e9cevant. 500 millions de dollars de recettes totales, pulv\u00e9risant tous les records du sport professionnel Une victoire unanime de Mayweather avec des scores sans appel : 118-110, ... Read more\" \/>\n<meta property=\"og:url\" content=\"https:\/\/boxeur-pro.fr\/en\/boxing\/boxe-mayweather-pacquiao-combat-legendaire\/\" \/>\n<meta property=\"og:site_name\" content=\"Boxeur PRO\" \/>\n<meta property=\"article:published_time\" content=\"2026-04-18T16:17:00+00:00\" \/>\n<meta name=\"author\" content=\"Maxime\" \/>\n<meta name=\"twitter:card\" content=\"summary_large_image\" \/>\n<meta name=\"twitter:label1\" content=\"Written by\" \/>\n\t<meta name=\"twitter:data1\" content=\"Maxime\" \/>\n\t<meta name=\"twitter:label2\" content=\"Estimated reading time\" \/>\n\t<meta name=\"twitter:data2\" content=\"6 minutes\" \/>\n<script type=\"application\/ld+json\" class=\"yoast-schema-graph\">{\"@context\":\"https:\\\/\\\/schema.org\",\"@graph\":[{\"@type\":\"Article\",\"@id\":\"https:\\\/\\\/boxeur-pro.fr\\\/en\\\/boxe\\\/boxe-mayweather-pacquiao-combat-legendaire\\\/#article\",\"isPartOf\":{\"@id\":\"https:\\\/\\\/boxeur-pro.fr\\\/en\\\/boxe\\\/boxe-mayweather-pacquiao-combat-legendaire\\\/\"},\"author\":{\"name\":\"Maxime\",\"@id\":\"https:\\\/\\\/boxeur-pro.fr\\\/en\\\/#\\\/schema\\\/person\\\/086d0ef78c9fe53d995cf72b71821937\"},\"headline\":\"Boxe Mayweather Pacquiao : le combat l\u00e9gendaire\",\"datePublished\":\"2026-04-18T16:17:00+00:00\",\"mainEntityOfPage\":{\"@id\":\"https:\\\/\\\/boxeur-pro.fr\\\/en\\\/boxe\\\/boxe-mayweather-pacquiao-combat-legendaire\\\/\"},\"wordCount\":1191,\"commentCount\":0,\"publisher\":{\"@id\":\"https:\\\/\\\/boxeur-pro.fr\\\/en\\\/#organization\"},\"image\":{\"@id\":\"https:\\\/\\\/boxeur-pro.fr\\\/en\\\/boxe\\\/boxe-mayweather-pacquiao-combat-legendaire\\\/#primaryimage\"},\"thumbnailUrl\":\"https:\\\/\\\/boxeur-pro.fr\\\/wp-content\\\/uploads\\\/2026\\\/04\\\/combat_de_boxe_professionnel_intense_7068.webp\",\"articleSection\":[\"Boxe\"],\"inLanguage\":\"en-GB\",\"potentialAction\":[{\"@type\":\"CommentAction\",\"name\":\"Comment\",\"target\":[\"https:\\\/\\\/boxeur-pro.fr\\\/en\\\/boxe\\\/boxe-mayweather-pacquiao-combat-legendaire\\\/#respond\"]}]},{\"@type\":\"WebPage\",\"@id\":\"https:\\\/\\\/boxeur-pro.fr\\\/en\\\/boxe\\\/boxe-mayweather-pacquiao-combat-legendaire\\\/\",\"url\":\"https:\\\/\\\/boxeur-pro.fr\\\/en\\\/boxe\\\/boxe-mayweather-pacquiao-combat-legendaire\\\/\",\"name\":\"Boxe Mayweather Pacquiao : le combat l\u00e9gendaire - Boxeur PRO\",\"isPartOf\":{\"@id\":\"https:\\\/\\\/boxeur-pro.fr\\\/en\\\/#website\"},\"primaryImageOfPage\":{\"@id\":\"https:\\\/\\\/boxeur-pro.fr\\\/en\\\/boxe\\\/boxe-mayweather-pacquiao-combat-legendaire\\\/#primaryimage\"},\"image\":{\"@id\":\"https:\\\/\\\/boxeur-pro.fr\\\/en\\\/boxe\\\/boxe-mayweather-pacquiao-combat-legendaire\\\/#primaryimage\"},\"thumbnailUrl\":\"https:\\\/\\\/boxeur-pro.fr\\\/wp-content\\\/uploads\\\/2026\\\/04\\\/combat_de_boxe_professionnel_intense_7068.webp\",\"datePublished\":\"2026-04-18T16:17:00+00:00\",\"breadcrumb\":{\"@id\":\"https:\\\/\\\/boxeur-pro.fr\\\/en\\\/boxe\\\/boxe-mayweather-pacquiao-combat-legendaire\\\/#breadcrumb\"},\"inLanguage\":\"en-GB\",\"potentialAction\":[{\"@type\":\"ReadAction\",\"target\":[\"https:\\\/\\\/boxeur-pro.fr\\\/en\\\/boxe\\\/boxe-mayweather-pacquiao-combat-legendaire\\\/\"]}]},{\"@type\":\"ImageObject\",\"inLanguage\":\"en-GB\",\"@id\":\"https:\\\/\\\/boxeur-pro.fr\\\/en\\\/boxe\\\/boxe-mayweather-pacquiao-combat-legendaire\\\/#primaryimage\",\"url\":\"https:\\\/\\\/boxeur-pro.fr\\\/wp-content\\\/uploads\\\/2026\\\/04\\\/combat_de_boxe_professionnel_intense_7068.webp\",\"contentUrl\":\"https:\\\/\\\/boxeur-pro.fr\\\/wp-content\\\/uploads\\\/2026\\\/04\\\/combat_de_boxe_professionnel_intense_7068.webp\",\"width\":1376,\"height\":768,\"caption\":\"Deux boxeurs s'affrontent sur le ring devant la foule\"},{\"@type\":\"BreadcrumbList\",\"@id\":\"https:\\\/\\\/boxeur-pro.fr\\\/en\\\/boxe\\\/boxe-mayweather-pacquiao-combat-legendaire\\\/#breadcrumb\",\"itemListElement\":[{\"@type\":\"ListItem\",\"position\":1,\"name\":\"Accueil\",\"item\":\"https:\\\/\\\/boxeur-pro.fr\\\/\"},{\"@type\":\"ListItem\",\"position\":2,\"name\":\"Boxe Mayweather Pacquiao : le combat l\u00e9gendaire\"}]},{\"@type\":\"WebSite\",\"@id\":\"https:\\\/\\\/boxeur-pro.fr\\\/en\\\/#website\",\"url\":\"https:\\\/\\\/boxeur-pro.fr\\\/en\\\/\",\"name\":\"Boxeur PRO\",\"description\":\"\",\"publisher\":{\"@id\":\"https:\\\/\\\/boxeur-pro.fr\\\/en\\\/#organization\"},\"potentialAction\":[{\"@type\":\"SearchAction\",\"target\":{\"@type\":\"EntryPoint\",\"urlTemplate\":\"https:\\\/\\\/boxeur-pro.fr\\\/en\\\/?s={search_term_string}\"},\"query-input\":{\"@type\":\"PropertyValueSpecification\",\"valueRequired\":true,\"valueName\":\"search_term_string\"}}],\"inLanguage\":\"en-GB\"},{\"@type\":\"Organization\",\"@id\":\"https:\\\/\\\/boxeur-pro.fr\\\/en\\\/#organization\",\"name\":\"Boxeur PRO\",\"url\":\"https:\\\/\\\/boxeur-pro.fr\\\/en\\\/\",\"logo\":{\"@type\":\"ImageObject\",\"inLanguage\":\"en-GB\",\"@id\":\"https:\\\/\\\/boxeur-pro.fr\\\/en\\\/#\\\/schema\\\/logo\\\/image\\\/\",\"url\":\"https:\\\/\\\/boxeur-pro.fr\\\/wp-content\\\/uploads\\\/2024\\\/01\\\/LogoBoxeurProTransparent-1.png\",\"contentUrl\":\"https:\\\/\\\/boxeur-pro.fr\\\/wp-content\\\/uploads\\\/2024\\\/01\\\/LogoBoxeurProTransparent-1.png\",\"width\":709,\"height\":800,\"caption\":\"Boxeur PRO\"},\"image\":{\"@id\":\"https:\\\/\\\/boxeur-pro.fr\\\/en\\\/#\\\/schema\\\/logo\\\/image\\\/\"}},{\"@type\":\"Person\",\"@id\":\"https:\\\/\\\/boxeur-pro.fr\\\/en\\\/#\\\/schema\\\/person\\\/086d0ef78c9fe53d995cf72b71821937\",\"name\":\"Maxime\",\"image\":{\"@type\":\"ImageObject\",\"inLanguage\":\"en-GB\",\"@id\":\"https:\\\/\\\/secure.gravatar.com\\\/avatar\\\/ce38768ebaf5d044c623efd7ff10a6ad2e1bf4f59b1039f5295b8e35e82bb447?s=96&d=mm&r=g\",\"url\":\"https:\\\/\\\/secure.gravatar.com\\\/avatar\\\/ce38768ebaf5d044c623efd7ff10a6ad2e1bf4f59b1039f5295b8e35e82bb447?s=96&d=mm&r=g\",\"contentUrl\":\"https:\\\/\\\/secure.gravatar.com\\\/avatar\\\/ce38768ebaf5d044c623efd7ff10a6ad2e1bf4f59b1039f5295b8e35e82bb447?s=96&d=mm&r=g\",\"caption\":\"Maxime\"},\"url\":\"https:\\\/\\\/boxeur-pro.fr\\\/en\\\/author\\\/maxime\\\/\"}]}<\/script>\n<!-- \/ Yoast SEO plugin. -->","yoast_head_json":{"title":"Boxe Mayweather Pacquiao : le combat l\u00e9gendaire - Boxeur PRO","robots":{"index":"index","follow":"follow","max-snippet":"max-snippet:-1","max-image-preview":"max-image-preview:large","max-video-preview":"max-video-preview:-1"},"canonical":"https:\/\/boxeur-pro.fr\/en\/boxing\/boxe-mayweather-pacquiao-combat-legendaire\/","og_locale":"en_GB","og_type":"article","og_title":"Boxe Mayweather Pacquiao : le combat l\u00e9gendaire - Boxeur PRO","og_description":"L&rsquo;article en bref Le combat Mayweather-Pacquiao du 2 mai 2015 a r\u00e9volutionn\u00e9 l&rsquo;\u00e9conomie de la boxe avec des recettes record, bien que sportativement d\u00e9cevant. 500 millions de dollars de recettes totales, pulv\u00e9risant tous les records du sport professionnel Une victoire unanime de Mayweather avec des scores sans appel : 118-110, ... Read more","og_url":"https:\/\/boxeur-pro.fr\/en\/boxing\/boxe-mayweather-pacquiao-combat-legendaire\/","og_site_name":"Boxeur PRO","article_published_time":"2026-04-18T16:17:00+00:00","author":"Maxime","twitter_card":"summary_large_image","twitter_misc":{"Written by":"Maxime","Estimated reading time":"6 minutes"},"schema":{"@context":"https:\/\/schema.org","@graph":[{"@type":"Article","@id":"https:\/\/boxeur-pro.fr\/en\/boxe\/boxe-mayweather-pacquiao-combat-legendaire\/#article","isPartOf":{"@id":"https:\/\/boxeur-pro.fr\/en\/boxe\/boxe-mayweather-pacquiao-combat-legendaire\/"},"author":{"name":"Maxime","@id":"https:\/\/boxeur-pro.fr\/en\/#\/schema\/person\/086d0ef78c9fe53d995cf72b71821937"},"headline":"Boxe Mayweather Pacquiao : le combat l\u00e9gendaire","datePublished":"2026-04-18T16:17:00+00:00","mainEntityOfPage":{"@id":"https:\/\/boxeur-pro.fr\/en\/boxe\/boxe-mayweather-pacquiao-combat-legendaire\/"},"wordCount":1191,"commentCount":0,"publisher":{"@id":"https:\/\/boxeur-pro.fr\/en\/#organization"},"image":{"@id":"https:\/\/boxeur-pro.fr\/en\/boxe\/boxe-mayweather-pacquiao-combat-legendaire\/#primaryimage"},"thumbnailUrl":"https:\/\/boxeur-pro.fr\/wp-content\/uploads\/2026\/04\/combat_de_boxe_professionnel_intense_7068.webp","articleSection":["Boxe"],"inLanguage":"en-GB","potentialAction":[{"@type":"CommentAction","name":"Comment","target":["https:\/\/boxeur-pro.fr\/en\/boxe\/boxe-mayweather-pacquiao-combat-legendaire\/#respond"]}]},{"@type":"WebPage","@id":"https:\/\/boxeur-pro.fr\/en\/boxe\/boxe-mayweather-pacquiao-combat-legendaire\/","url":"https:\/\/boxeur-pro.fr\/en\/boxe\/boxe-mayweather-pacquiao-combat-legendaire\/","name":"Boxe Mayweather Pacquiao : le combat l\u00e9gendaire - Boxeur PRO","isPartOf":{"@id":"https:\/\/boxeur-pro.fr\/en\/#website"},"primaryImageOfPage":{"@id":"https:\/\/boxeur-pro.fr\/en\/boxe\/boxe-mayweather-pacquiao-combat-legendaire\/#primaryimage"},"image":{"@id":"https:\/\/boxeur-pro.fr\/en\/boxe\/boxe-mayweather-pacquiao-combat-legendaire\/#primaryimage"},"thumbnailUrl":"https:\/\/boxeur-pro.fr\/wp-content\/uploads\/2026\/04\/combat_de_boxe_professionnel_intense_7068.webp","datePublished":"2026-04-18T16:17:00+00:00","breadcrumb":{"@id":"https:\/\/boxeur-pro.fr\/en\/boxe\/boxe-mayweather-pacquiao-combat-legendaire\/#breadcrumb"},"inLanguage":"en-GB","potentialAction":[{"@type":"ReadAction","target":["https:\/\/boxeur-pro.fr\/en\/boxe\/boxe-mayweather-pacquiao-combat-legendaire\/"]}]},{"@type":"ImageObject","inLanguage":"en-GB","@id":"https:\/\/boxeur-pro.fr\/en\/boxe\/boxe-mayweather-pacquiao-combat-legendaire\/#primaryimage","url":"https:\/\/boxeur-pro.fr\/wp-content\/uploads\/2026\/04\/combat_de_boxe_professionnel_intense_7068.webp","contentUrl":"https:\/\/boxeur-pro.fr\/wp-content\/uploads\/2026\/04\/combat_de_boxe_professionnel_intense_7068.webp","width":1376,"height":768,"caption":"Deux boxeurs s'affrontent sur le ring devant la foule"},{"@type":"BreadcrumbList","@id":"https:\/\/boxeur-pro.fr\/en\/boxe\/boxe-mayweather-pacquiao-combat-legendaire\/#breadcrumb","itemListElement":[{"@type":"ListItem","position":1,"name":"Accueil","item":"https:\/\/boxeur-pro.fr\/"},{"@type":"ListItem","position":2,"name":"Boxe Mayweather Pacquiao : le combat l\u00e9gendaire"}]},{"@type":"WebSite","@id":"https:\/\/boxeur-pro.fr\/en\/#website","url":"https:\/\/boxeur-pro.fr\/en\/","name":"PRO Boxer","description":"","publisher":{"@id":"https:\/\/boxeur-pro.fr\/en\/#organization"},"potentialAction":[{"@type":"SearchAction","target":{"@type":"EntryPoint","urlTemplate":"https:\/\/boxeur-pro.fr\/en\/?s={search_term_string}"},"query-input":{"@type":"PropertyValueSpecification","valueRequired":true,"valueName":"search_term_string"}}],"inLanguage":"en-GB"},{"@type":"Organization","@id":"https:\/\/boxeur-pro.fr\/en\/#organization","name":"PRO Boxer","url":"https:\/\/boxeur-pro.fr\/en\/","logo":{"@type":"ImageObject","inLanguage":"en-GB","@id":"https:\/\/boxeur-pro.fr\/en\/#\/schema\/logo\/image\/","url":"https:\/\/boxeur-pro.fr\/wp-content\/uploads\/2024\/01\/LogoBoxeurProTransparent-1.png","contentUrl":"https:\/\/boxeur-pro.fr\/wp-content\/uploads\/2024\/01\/LogoBoxeurProTransparent-1.png","width":709,"height":800,"caption":"Boxeur PRO"},"image":{"@id":"https:\/\/boxeur-pro.fr\/en\/#\/schema\/logo\/image\/"}},{"@type":"Person","@id":"https:\/\/boxeur-pro.fr\/en\/#\/schema\/person\/086d0ef78c9fe53d995cf72b71821937","name":"Maxime","image":{"@type":"ImageObject","inLanguage":"en-GB","@id":"https:\/\/secure.gravatar.com\/avatar\/ce38768ebaf5d044c623efd7ff10a6ad2e1bf4f59b1039f5295b8e35e82bb447?s=96&d=mm&r=g","url":"https:\/\/secure.gravatar.com\/avatar\/ce38768ebaf5d044c623efd7ff10a6ad2e1bf4f59b1039f5295b8e35e82bb447?s=96&d=mm&r=g","contentUrl":"https:\/\/secure.gravatar.com\/avatar\/ce38768ebaf5d044c623efd7ff10a6ad2e1bf4f59b1039f5295b8e35e82bb447?s=96&d=mm&r=g","caption":"Maxime"},"url":"https:\/\/boxeur-pro.fr\/en\/author\/maxime\/"}]}},"_links":{"self":[{"href":"https:\/\/boxeur-pro.fr\/en\/wp-json\/wp\/v2\/posts\/4507","targetHints":{"allow":["GET"]}}],"collection":[{"href":"https:\/\/boxeur-pro.fr\/en\/wp-json\/wp\/v2\/posts"}],"about":[{"href":"https:\/\/boxeur-pro.fr\/en\/wp-json\/wp\/v2\/types\/post"}],"author":[{"embeddable":true,"href":"https:\/\/boxeur-pro.fr\/en\/wp-json\/wp\/v2\/users\/2"}],"replies":[{"embeddable":true,"href":"https:\/\/boxeur-pro.fr\/en\/wp-json\/wp\/v2\/comments?post=4507"}],"version-history":[{"count":0,"href":"https:\/\/boxeur-pro.fr\/en\/wp-json\/wp\/v2\/posts\/4507\/revisions"}],"wp:featuredmedia":[{"embeddable":true,"href":"https:\/\/boxeur-pro.fr\/en\/wp-json\/wp\/v2\/media\/4502"}],"wp:attachment":[{"href":"https:\/\/boxeur-pro.fr\/en\/wp-json\/wp\/v2\/media?parent=4507"}],"wp:term":[{"taxonomy":"category","embeddable":true,"href":"https:\/\/boxeur-pro.fr\/en\/wp-json\/wp\/v2\/categories?post=4507"},{"taxonomy":"post_tag","embeddable":true,"href":"https:\/\/boxeur-pro.fr\/en\/wp-json\/wp\/v2\/tags?post=4507"}],"curies":[{"name":"wp","href":"https:\/\/api.w.org\/{rel}","templated":true}]}}