{"id":2337,"date":"2024-08-01T17:01:13","date_gmt":"2024-08-01T15:01:13","guid":{"rendered":"https:\/\/boxeur-pro.fr\/?p=2337"},"modified":"2024-08-01T17:01:15","modified_gmt":"2024-08-01T15:01:15","slug":"amina-zidani","status":"publish","type":"post","link":"https:\/\/boxeur-pro.fr\/es\/boxe\/amina-zidani\/","title":{"rendered":"Amina Zidani: su historia, altura, peso, edad, patrimonio"},"content":{"rendered":"<p>Hola, aficionados al boxeo. Hoy os llevo de viaje para descubrir a una estrella emergente en el cuadril\u00e1tero, <strong>Amina Zidani<\/strong>. Esta joven boxeadora francesa ha conseguido hacerse un nombre gracias a su talento y determinaci\u00f3n. Vamos a repasar su incre\u00edble carrera, sus estad\u00edsticas f\u00edsicas e incluso echaremos un vistazo a su <a href=\"https:\/\/boxeur-pro.fr\/es\/boxe\/mike-tyson-fortune\/\">riqueza<\/a>. \u00bfPreparados? All\u00e1 vamos.<\/p>\n\n\n\n<h3 class=\"wp-block-heading\">Historia de Amina Zidani<\/h3>\n\n\n\n<p><strong>Amina Zidani<\/strong> naci\u00f3 el 23 de agosto de 1993 en Villepinte, Seine-Saint-Denis. Desde muy peque\u00f1a sinti\u00f3 pasi\u00f3n por el deporte y practic\u00f3 varias disciplinas antes de descubrir el boxeo a los 18 a\u00f1os. Fue un comienzo tard\u00edo en comparaci\u00f3n con otros deportistas, pero Amina destac\u00f3 r\u00e1pidamente por su determinaci\u00f3n y su \u00e9tica de trabajo. En 2012, se uni\u00f3 al club Don't Panik Team de Le Havre y empez\u00f3 a entrenar en serio.<\/p>\n\n\n\n<p>No es solo su talento natural lo que la impulsa, sino tambi\u00e9n su capacidad para absorber las ense\u00f1anzas de sus entrenadores y aplicarlas en sus combates. En 2016, tras solo cuatro a\u00f1os de pr\u00e1ctica, se convirti\u00f3 en campeona francesa amateur de la <a href=\"https:\/\/boxeur-pro.fr\/es\/boxe\/mike-tyson-poids\/\">peso<\/a> peso superligero. Fue un momento decisivo en su carrera, que demostr\u00f3 a todo el mundo que realmente pertenec\u00eda al cuadril\u00e1tero. Amina Zidani no se detuvo ah\u00ed; sigui\u00f3 trabajando duro, a\u00f1adiendo varios t\u00edtulos nacionales e internacionales a su palmar\u00e9s. Su capacidad para recuperarse de las derrotas y aprender de cada combate ha forjado su reputaci\u00f3n de boxeadora tenaz y con talento.<\/p>\n\n\n\n<h3 class=\"wp-block-heading\">Tama\u00f1o y peso<\/h3>\n\n\n\n<p>Lado f\u00edsico, <strong>Amina Zidani<\/strong> mide 1,65 metros y lucha en la categor\u00eda de peso pluma, con 57 kilos. Su <a href=\"https:\/\/boxeur-pro.fr\/es\/boxe\/mike-tyson-taille\/\">talla<\/a> y su peso le permiten combinar velocidad y potencia, ventajas esenciales en el cuadril\u00e1tero. Ha desarrollado un estilo de lucha que maximiza estos atributos, utilizando su velocidad para esquivar golpes y su fuerza para asestar golpes decisivos.<\/p>\n\n\n\n<p>Su entrenamiento es riguroso y bien estructurado, e incorpora sesiones intensivas de fitness, entrenamiento de fuerza y t\u00e9cnicas avanzadas de boxeo. Amina tambi\u00e9n sigue una dieta estricta para mantener su peso competitivo y estar en plena forma. Esta disciplina dentro y fuera del ring es lo que le permite mantener un rendimiento constante en cada combate. Gracias a su f\u00edsico equilibrado, consigue dominar a sus rivales.<\/p>\n\n\n\n<h3 class=\"wp-block-heading\">Premios y \u00e9xitos<\/h3>\n\n\n\n<p>La carrera de Amina Zidani ha estado marcada por el \u00e9xito. En 2023, gan\u00f3 la medalla de oro en los Juegos Europeos de Cracovia en la categor\u00eda de peso pluma. Esta victoria fue especialmente significativa porque le permiti\u00f3 clasificarse para los Juegos Ol\u00edmpicos de Par\u00eds 2024. Adem\u00e1s, gan\u00f3 la medalla de bronce en el Campeonato Mundial de Boxeo Femenino celebrado en Nueva Delhi, una haza\u00f1a que la sit\u00faa entre las mejores boxeadoras del mundo en su categor\u00eda.<\/p>\n\n\n\n<p>Tambi\u00e9n ha ganado varios t\u00edtulos nacionales, entre ellos el de campeona de Francia en varias ocasiones. Se ha hecho un nombre en la escena internacional participando en varios torneos y compitiendo contra rivales de alto nivel. Su capacidad para mantener la concentraci\u00f3n y rendir bajo presi\u00f3n es una de las claves de su \u00e9xito. Adem\u00e1s, sus victorias le han servido para ganar notoriedad y atraer la atenci\u00f3n de los medios de comunicaci\u00f3n y los patrocinadores, lo que ha contribuido a su fortuna.<\/p>\n\n\n\n<h3 class=\"wp-block-heading\">Activos y compromisos<\/h3>\n\n\n\n<p>En cuanto a su fortuna, es dif\u00edcil encontrar cifras precisas. Sin embargo, sus \u00e9xitos deportivos y sus colaboraciones con diversas marcas le han permitido sin duda prepararse bien econ\u00f3micamente. Ha firmado varios contratos de patrocinio y a menudo se le pide que haga apariciones p\u00fablicas y d\u00e9 charlas, todo lo cual contribuye a sus ingresos.<\/p>\n\n\n\n<p>Amina Zidani tambi\u00e9n est\u00e1 muy comprometida con las causas sociales. Utiliza su fama para animar a los j\u00f3venes a practicar deporte y creer en sus sue\u00f1os. Habla regularmente en escuelas y empresas sobre su carrera y la importancia de la perseverancia y la motivaci\u00f3n. Estos compromisos demuestran que no es s\u00f3lo una atleta, sino tambi\u00e9n una fuente de inspiraci\u00f3n y un modelo para muchos.<\/p>\n\n\n\n<h3 class=\"wp-block-heading\">Vida personal e influencia<\/h3>\n\n\n\n<p><strong>Amina Zidani<\/strong> es m\u00e1s que una boxeadora: es una fuente de inspiraci\u00f3n para muchos j\u00f3venes. Originaria de Villepinte, ha superado muchos obst\u00e1culos para alcanzar su nivel actual. Su historia demuestra que con determinaci\u00f3n se pueden conseguir grandes cosas. Utiliza su fama para animar a los j\u00f3venes a practicar deporte y creer en sus sue\u00f1os.<\/p>\n\n\n\n<p>Tambi\u00e9n es muy activa en las redes sociales, donde comparte momentos de su vida cotidiana, sus sesiones de entrenamiento y sus pensamientos sobre el boxeo y la vida en general. Esto la mantiene en contacto con sus fans y les da una idea de su vida fuera del ring. Amina Zidani es un ejemplo de \u00e9xito a trav\u00e9s del esfuerzo y la perseverancia, y su influencia se extiende mucho m\u00e1s all\u00e1 de las fronteras del boxeo.<\/p>\n\n\n\n<h3 class=\"wp-block-heading\">Objetivos para el futuro<\/h3>\n\n\n\n<p>Los pr\u00f3ximos objetivos de Amina Zidani est\u00e1n claros: los Juegos Ol\u00edmpicos de Par\u00eds 2024. Tras perderse la \u00faltima edici\u00f3n por culpa de la pandemia, est\u00e1 m\u00e1s decidida que nunca a ganar una medalla para Francia. Su preparaci\u00f3n es intensa y no escatima esfuerzos para estar en plena forma.<\/p>\n\n\n\n<p>Se entrena bajo la supervisi\u00f3n de los mejores entrenadores, y su programa incluye sesiones de sparring con otras boxeadoras de \u00e9lite para perfeccionar sus t\u00e9cnicas. Adem\u00e1s de su preparaci\u00f3n f\u00edsica, Amina tambi\u00e9n se centra en el aspecto mental del deporte, trabajando con psic\u00f3logos deportivos para mantener la concentraci\u00f3n y gestionar el estr\u00e9s de la competici\u00f3n. Sus esfuerzos no se centran s\u00f3lo en el entrenamiento; tambi\u00e9n cuida su recuperaci\u00f3n, siguiendo estrictos protocolos de descanso y nutrici\u00f3n para maximizar su rendimiento.<\/p>\n\n\n\n<h3 class=\"wp-block-heading\">An\u00e9cdotas y momentos destacados<\/h3>\n\n\n\n<p>Una an\u00e9cdota interesante sobre Amina Zidani es su participaci\u00f3n en la serie documental \"En route pour l'OR 2\", en la que comparte los entresijos de su preparaci\u00f3n para los Juegos Ol\u00edmpicos. La serie, disponible en YouTube, ofrece una fascinante visi\u00f3n de la vida de una atleta de alto nivel.<\/p>\n\n\n\n<p>El documental muestra los retos diarios que tiene que superar, los sacrificios que hace y los momentos de duda que atraviesa. Tambi\u00e9n revela aspectos m\u00e1s personales de su vida, como la relaci\u00f3n con su familia y sus amigos, y c\u00f3mo estas relaciones la ayudan a mantenerse motivada. Esta inmersi\u00f3n total permite comprender la determinaci\u00f3n y la resistencia necesarias para llegar a lo m\u00e1s alto en un deporte tan exigente como el boxeo.<\/p>\n\n\n\n<h3 class=\"wp-block-heading\">Conclusi\u00f3n<\/h3>\n\n\n\n<p>Ahora ya sabe mucho m\u00e1s sobre <strong>Amina Zidani<\/strong>boxeadora de talento y mujer inspiradora. Su historia es un verdadero ejemplo de perseverancia y determinaci\u00f3n. No cabe duda de que seguir\u00e1 brillando en el ring e inspirando a j\u00f3venes de todo el mundo. Permanezcan atentos y ap\u00f3yenla en sus pr\u00f3ximos combates. Amina Zidani es la prueba viviente de que nada es imposible con trabajo duro y pasi\u00f3n.<\/p>\n\n\n\n<p>Fuentes : <strong><a href=\"https:\/\/fr.wikipedia.org\/wiki\/Boxe\" data-lasso-id=\"4487\">Boxeo Wiki <\/a><\/strong><\/p>\n\n\n\n<p>V\u00e9ase tambi\u00e9n :<strong><a href=\"https:\/\/pflmma.com\/\" data-lasso-id=\"4488\"> Sitio web oficial de los veteranos<\/a><\/strong><\/p>","protected":false},"excerpt":{"rendered":"<p>Hola, aficionados al boxeo. Hoy os propongo un viaje para descubrir a una joven promesa del boxeo: Amina Zidani. Esta joven boxeadora francesa ha conseguido hacerse un nombre gracias a su talento y su determinaci\u00f3n. Echemos un vistazo a su incre\u00edble carrera, a sus estad\u00edsticas f\u00edsicas... <a title=\"Amina Zidani: su historia, altura, peso, edad, patrimonio\" class=\"read-more\" href=\"https:\/\/boxeur-pro.fr\/es\/boxe\/amina-zidani\/\" aria-label=\"Leer m\u00e1s sobre Amina Zidani : son histoire, taille, poids, \u00e2ge, fortune\">Leer m\u00e1s<\/a><\/p>","protected":false},"author":2,"featured_media":2339,"comment_status":"open","ping_status":"open","sticky":false,"template":"","format":"standard","meta":{"footnotes":""},"categories":[7],"tags":[15],"class_list":["post-2337","post","type-post","status-publish","format-standard","has-post-thumbnail","hentry","category-boxe","tag-boxeurs"],"yoast_head":"<!-- This site is optimized with the Yoast SEO plugin v27.4 - https:\/\/yoast.com\/product\/yoast-seo-wordpress\/ -->\n<title>Amina Zidani : son histoire, taille, poids, \u00e2ge, fortune<\/title>\n<meta name=\"description\" content=\"Amina Zidani est n\u00e9e le 23 ao\u00fbt 1993 \u00e0 Villepinte, en Seine-Saint-Denis. D\u00e8s son plus jeune \u00e2ge, elle se passionne pour le sport\" \/>\n<meta name=\"robots\" content=\"index, follow, max-snippet:-1, max-image-preview:large, max-video-preview:-1\" \/>\n<link rel=\"canonical\" href=\"https:\/\/boxeur-pro.fr\/es\/boxeo\/amina-zidani\/\" \/>\n<meta property=\"og:locale\" content=\"es_ES\" \/>\n<meta property=\"og:type\" content=\"article\" \/>\n<meta property=\"og:title\" content=\"Amina Zidani : son histoire, taille, poids, \u00e2ge, fortune\" \/>\n<meta property=\"og:description\" content=\"Amina Zidani est n\u00e9e le 23 ao\u00fbt 1993 \u00e0 Villepinte, en Seine-Saint-Denis. D\u00e8s son plus jeune \u00e2ge, elle se passionne pour le sport\" \/>\n<meta property=\"og:url\" content=\"https:\/\/boxeur-pro.fr\/es\/boxeo\/amina-zidani\/\" \/>\n<meta property=\"og:site_name\" content=\"Boxeur PRO\" \/>\n<meta property=\"article:published_time\" content=\"2024-08-01T15:01:13+00:00\" \/>\n<meta property=\"article:modified_time\" content=\"2024-08-01T15:01:15+00:00\" \/>\n<meta property=\"og:image\" content=\"https:\/\/boxeur-pro.fr\/wp-content\/uploads\/2024\/08\/65002d3c7f3d707311b87fc6_Amina_Zidani_WBA_Intercontinental-removebg-preview.png\" \/>\n\t<meta property=\"og:image:width\" content=\"480\" \/>\n\t<meta property=\"og:image:height\" content=\"520\" \/>\n\t<meta property=\"og:image:type\" content=\"image\/png\" \/>\n<meta name=\"author\" content=\"Maxime\" \/>\n<meta name=\"twitter:card\" content=\"summary_large_image\" \/>\n<meta name=\"twitter:label1\" content=\"Escrito por\" \/>\n\t<meta name=\"twitter:data1\" content=\"Maxime\" \/>\n\t<meta name=\"twitter:label2\" content=\"Tiempo de lectura\" \/>\n\t<meta name=\"twitter:data2\" content=\"7 minutos\" \/>\n<script type=\"application\/ld+json\" class=\"yoast-schema-graph\">{\"@context\":\"https:\\\/\\\/schema.org\",\"@graph\":[{\"@type\":\"Article\",\"@id\":\"https:\\\/\\\/boxeur-pro.fr\\\/es\\\/boxe\\\/amina-zidani\\\/#article\",\"isPartOf\":{\"@id\":\"https:\\\/\\\/boxeur-pro.fr\\\/es\\\/boxe\\\/amina-zidani\\\/\"},\"author\":{\"name\":\"Maxime\",\"@id\":\"https:\\\/\\\/boxeur-pro.fr\\\/es\\\/#\\\/schema\\\/person\\\/086d0ef78c9fe53d995cf72b71821937\"},\"headline\":\"Amina Zidani : son histoire, taille, poids, \u00e2ge, fortune\",\"datePublished\":\"2024-08-01T15:01:13+00:00\",\"dateModified\":\"2024-08-01T15:01:15+00:00\",\"mainEntityOfPage\":{\"@id\":\"https:\\\/\\\/boxeur-pro.fr\\\/es\\\/boxe\\\/amina-zidani\\\/\"},\"wordCount\":1303,\"commentCount\":0,\"publisher\":{\"@id\":\"https:\\\/\\\/boxeur-pro.fr\\\/es\\\/#organization\"},\"image\":{\"@id\":\"https:\\\/\\\/boxeur-pro.fr\\\/es\\\/boxe\\\/amina-zidani\\\/#primaryimage\"},\"thumbnailUrl\":\"https:\\\/\\\/boxeur-pro.fr\\\/wp-content\\\/uploads\\\/2024\\\/08\\\/65002d3c7f3d707311b87fc6_Amina_Zidani_WBA_Intercontinental-removebg-preview.png\",\"keywords\":[\"Boxeurs\"],\"articleSection\":[\"Boxe\"],\"inLanguage\":\"es\",\"potentialAction\":[{\"@type\":\"CommentAction\",\"name\":\"Comment\",\"target\":[\"https:\\\/\\\/boxeur-pro.fr\\\/es\\\/boxe\\\/amina-zidani\\\/#respond\"]}]},{\"@type\":\"WebPage\",\"@id\":\"https:\\\/\\\/boxeur-pro.fr\\\/es\\\/boxe\\\/amina-zidani\\\/\",\"url\":\"https:\\\/\\\/boxeur-pro.fr\\\/es\\\/boxe\\\/amina-zidani\\\/\",\"name\":\"Amina Zidani : son histoire, taille, poids, \u00e2ge, fortune\",\"isPartOf\":{\"@id\":\"https:\\\/\\\/boxeur-pro.fr\\\/es\\\/#website\"},\"primaryImageOfPage\":{\"@id\":\"https:\\\/\\\/boxeur-pro.fr\\\/es\\\/boxe\\\/amina-zidani\\\/#primaryimage\"},\"image\":{\"@id\":\"https:\\\/\\\/boxeur-pro.fr\\\/es\\\/boxe\\\/amina-zidani\\\/#primaryimage\"},\"thumbnailUrl\":\"https:\\\/\\\/boxeur-pro.fr\\\/wp-content\\\/uploads\\\/2024\\\/08\\\/65002d3c7f3d707311b87fc6_Amina_Zidani_WBA_Intercontinental-removebg-preview.png\",\"datePublished\":\"2024-08-01T15:01:13+00:00\",\"dateModified\":\"2024-08-01T15:01:15+00:00\",\"description\":\"Amina Zidani est n\u00e9e le 23 ao\u00fbt 1993 \u00e0 Villepinte, en Seine-Saint-Denis. D\u00e8s son plus jeune \u00e2ge, elle se passionne pour le sport\",\"breadcrumb\":{\"@id\":\"https:\\\/\\\/boxeur-pro.fr\\\/es\\\/boxe\\\/amina-zidani\\\/#breadcrumb\"},\"inLanguage\":\"es\",\"potentialAction\":[{\"@type\":\"ReadAction\",\"target\":[\"https:\\\/\\\/boxeur-pro.fr\\\/es\\\/boxe\\\/amina-zidani\\\/\"]}]},{\"@type\":\"ImageObject\",\"inLanguage\":\"es\",\"@id\":\"https:\\\/\\\/boxeur-pro.fr\\\/es\\\/boxe\\\/amina-zidani\\\/#primaryimage\",\"url\":\"https:\\\/\\\/boxeur-pro.fr\\\/wp-content\\\/uploads\\\/2024\\\/08\\\/65002d3c7f3d707311b87fc6_Amina_Zidani_WBA_Intercontinental-removebg-preview.png\",\"contentUrl\":\"https:\\\/\\\/boxeur-pro.fr\\\/wp-content\\\/uploads\\\/2024\\\/08\\\/65002d3c7f3d707311b87fc6_Amina_Zidani_WBA_Intercontinental-removebg-preview.png\",\"width\":480,\"height\":520,\"caption\":\"Amina Zidani\"},{\"@type\":\"BreadcrumbList\",\"@id\":\"https:\\\/\\\/boxeur-pro.fr\\\/es\\\/boxe\\\/amina-zidani\\\/#breadcrumb\",\"itemListElement\":[{\"@type\":\"ListItem\",\"position\":1,\"name\":\"Accueil\",\"item\":\"https:\\\/\\\/boxeur-pro.fr\\\/\"},{\"@type\":\"ListItem\",\"position\":2,\"name\":\"Amina Zidani : son histoire, taille, poids, \u00e2ge, fortune\"}]},{\"@type\":\"WebSite\",\"@id\":\"https:\\\/\\\/boxeur-pro.fr\\\/es\\\/#website\",\"url\":\"https:\\\/\\\/boxeur-pro.fr\\\/es\\\/\",\"name\":\"Boxeur PRO\",\"description\":\"\",\"publisher\":{\"@id\":\"https:\\\/\\\/boxeur-pro.fr\\\/es\\\/#organization\"},\"potentialAction\":[{\"@type\":\"SearchAction\",\"target\":{\"@type\":\"EntryPoint\",\"urlTemplate\":\"https:\\\/\\\/boxeur-pro.fr\\\/es\\\/?s={search_term_string}\"},\"query-input\":{\"@type\":\"PropertyValueSpecification\",\"valueRequired\":true,\"valueName\":\"search_term_string\"}}],\"inLanguage\":\"es\"},{\"@type\":\"Organization\",\"@id\":\"https:\\\/\\\/boxeur-pro.fr\\\/es\\\/#organization\",\"name\":\"Boxeur PRO\",\"url\":\"https:\\\/\\\/boxeur-pro.fr\\\/es\\\/\",\"logo\":{\"@type\":\"ImageObject\",\"inLanguage\":\"es\",\"@id\":\"https:\\\/\\\/boxeur-pro.fr\\\/es\\\/#\\\/schema\\\/logo\\\/image\\\/\",\"url\":\"https:\\\/\\\/boxeur-pro.fr\\\/wp-content\\\/uploads\\\/2024\\\/01\\\/LogoBoxeurProTransparent-1.png\",\"contentUrl\":\"https:\\\/\\\/boxeur-pro.fr\\\/wp-content\\\/uploads\\\/2024\\\/01\\\/LogoBoxeurProTransparent-1.png\",\"width\":709,\"height\":800,\"caption\":\"Boxeur PRO\"},\"image\":{\"@id\":\"https:\\\/\\\/boxeur-pro.fr\\\/es\\\/#\\\/schema\\\/logo\\\/image\\\/\"}},{\"@type\":\"Person\",\"@id\":\"https:\\\/\\\/boxeur-pro.fr\\\/es\\\/#\\\/schema\\\/person\\\/086d0ef78c9fe53d995cf72b71821937\",\"name\":\"Maxime\",\"image\":{\"@type\":\"ImageObject\",\"inLanguage\":\"es\",\"@id\":\"https:\\\/\\\/secure.gravatar.com\\\/avatar\\\/ce38768ebaf5d044c623efd7ff10a6ad2e1bf4f59b1039f5295b8e35e82bb447?s=96&d=mm&r=g\",\"url\":\"https:\\\/\\\/secure.gravatar.com\\\/avatar\\\/ce38768ebaf5d044c623efd7ff10a6ad2e1bf4f59b1039f5295b8e35e82bb447?s=96&d=mm&r=g\",\"contentUrl\":\"https:\\\/\\\/secure.gravatar.com\\\/avatar\\\/ce38768ebaf5d044c623efd7ff10a6ad2e1bf4f59b1039f5295b8e35e82bb447?s=96&d=mm&r=g\",\"caption\":\"Maxime\"},\"url\":\"https:\\\/\\\/boxeur-pro.fr\\\/es\\\/author\\\/maxime\\\/\"}]}<\/script>\n<!-- \/ Yoast SEO plugin. -->","yoast_head_json":{"title":"Amina Zidani: su historia, altura, peso, edad, patrimonio","description":"Amina Zidani naci\u00f3 el 23 de agosto de 1993 en Villepinte, Seine-Saint-Denis. Desde muy peque\u00f1a le apasion\u00f3 el deporte.","robots":{"index":"index","follow":"follow","max-snippet":"max-snippet:-1","max-image-preview":"max-image-preview:large","max-video-preview":"max-video-preview:-1"},"canonical":"https:\/\/boxeur-pro.fr\/es\/boxeo\/amina-zidani\/","og_locale":"es_ES","og_type":"article","og_title":"Amina Zidani : son histoire, taille, poids, \u00e2ge, fortune","og_description":"Amina Zidani est n\u00e9e le 23 ao\u00fbt 1993 \u00e0 Villepinte, en Seine-Saint-Denis. D\u00e8s son plus jeune \u00e2ge, elle se passionne pour le sport","og_url":"https:\/\/boxeur-pro.fr\/es\/boxeo\/amina-zidani\/","og_site_name":"Boxeur PRO","article_published_time":"2024-08-01T15:01:13+00:00","article_modified_time":"2024-08-01T15:01:15+00:00","og_image":[{"width":480,"height":520,"url":"https:\/\/boxeur-pro.fr\/wp-content\/uploads\/2024\/08\/65002d3c7f3d707311b87fc6_Amina_Zidani_WBA_Intercontinental-removebg-preview.png","type":"image\/png"}],"author":"Maxime","twitter_card":"summary_large_image","twitter_misc":{"Escrito por":"Maxime","Tiempo de lectura":"7 minutos"},"schema":{"@context":"https:\/\/schema.org","@graph":[{"@type":"Article","@id":"https:\/\/boxeur-pro.fr\/es\/boxe\/amina-zidani\/#article","isPartOf":{"@id":"https:\/\/boxeur-pro.fr\/es\/boxe\/amina-zidani\/"},"author":{"name":"Maxime","@id":"https:\/\/boxeur-pro.fr\/es\/#\/schema\/person\/086d0ef78c9fe53d995cf72b71821937"},"headline":"Amina Zidani : son histoire, taille, poids, \u00e2ge, fortune","datePublished":"2024-08-01T15:01:13+00:00","dateModified":"2024-08-01T15:01:15+00:00","mainEntityOfPage":{"@id":"https:\/\/boxeur-pro.fr\/es\/boxe\/amina-zidani\/"},"wordCount":1303,"commentCount":0,"publisher":{"@id":"https:\/\/boxeur-pro.fr\/es\/#organization"},"image":{"@id":"https:\/\/boxeur-pro.fr\/es\/boxe\/amina-zidani\/#primaryimage"},"thumbnailUrl":"https:\/\/boxeur-pro.fr\/wp-content\/uploads\/2024\/08\/65002d3c7f3d707311b87fc6_Amina_Zidani_WBA_Intercontinental-removebg-preview.png","keywords":["Boxeurs"],"articleSection":["Boxe"],"inLanguage":"es","potentialAction":[{"@type":"CommentAction","name":"Comment","target":["https:\/\/boxeur-pro.fr\/es\/boxe\/amina-zidani\/#respond"]}]},{"@type":"WebPage","@id":"https:\/\/boxeur-pro.fr\/es\/boxe\/amina-zidani\/","url":"https:\/\/boxeur-pro.fr\/es\/boxe\/amina-zidani\/","name":"Amina Zidani: su historia, altura, peso, edad, patrimonio","isPartOf":{"@id":"https:\/\/boxeur-pro.fr\/es\/#website"},"primaryImageOfPage":{"@id":"https:\/\/boxeur-pro.fr\/es\/boxe\/amina-zidani\/#primaryimage"},"image":{"@id":"https:\/\/boxeur-pro.fr\/es\/boxe\/amina-zidani\/#primaryimage"},"thumbnailUrl":"https:\/\/boxeur-pro.fr\/wp-content\/uploads\/2024\/08\/65002d3c7f3d707311b87fc6_Amina_Zidani_WBA_Intercontinental-removebg-preview.png","datePublished":"2024-08-01T15:01:13+00:00","dateModified":"2024-08-01T15:01:15+00:00","description":"Amina Zidani naci\u00f3 el 23 de agosto de 1993 en Villepinte, Seine-Saint-Denis. Desde muy peque\u00f1a le apasion\u00f3 el deporte.","breadcrumb":{"@id":"https:\/\/boxeur-pro.fr\/es\/boxe\/amina-zidani\/#breadcrumb"},"inLanguage":"es","potentialAction":[{"@type":"ReadAction","target":["https:\/\/boxeur-pro.fr\/es\/boxe\/amina-zidani\/"]}]},{"@type":"ImageObject","inLanguage":"es","@id":"https:\/\/boxeur-pro.fr\/es\/boxe\/amina-zidani\/#primaryimage","url":"https:\/\/boxeur-pro.fr\/wp-content\/uploads\/2024\/08\/65002d3c7f3d707311b87fc6_Amina_Zidani_WBA_Intercontinental-removebg-preview.png","contentUrl":"https:\/\/boxeur-pro.fr\/wp-content\/uploads\/2024\/08\/65002d3c7f3d707311b87fc6_Amina_Zidani_WBA_Intercontinental-removebg-preview.png","width":480,"height":520,"caption":"Amina Zidani"},{"@type":"BreadcrumbList","@id":"https:\/\/boxeur-pro.fr\/es\/boxe\/amina-zidani\/#breadcrumb","itemListElement":[{"@type":"ListItem","position":1,"name":"Accueil","item":"https:\/\/boxeur-pro.fr\/"},{"@type":"ListItem","position":2,"name":"Amina Zidani : son histoire, taille, poids, \u00e2ge, fortune"}]},{"@type":"WebSite","@id":"https:\/\/boxeur-pro.fr\/es\/#website","url":"https:\/\/boxeur-pro.fr\/es\/","name":"Boxeador PRO","description":"","publisher":{"@id":"https:\/\/boxeur-pro.fr\/es\/#organization"},"potentialAction":[{"@type":"SearchAction","target":{"@type":"EntryPoint","urlTemplate":"https:\/\/boxeur-pro.fr\/es\/?s={search_term_string}"},"query-input":{"@type":"PropertyValueSpecification","valueRequired":true,"valueName":"search_term_string"}}],"inLanguage":"es"},{"@type":"Organization","@id":"https:\/\/boxeur-pro.fr\/es\/#organization","name":"Boxeador PRO","url":"https:\/\/boxeur-pro.fr\/es\/","logo":{"@type":"ImageObject","inLanguage":"es","@id":"https:\/\/boxeur-pro.fr\/es\/#\/schema\/logo\/image\/","url":"https:\/\/boxeur-pro.fr\/wp-content\/uploads\/2024\/01\/LogoBoxeurProTransparent-1.png","contentUrl":"https:\/\/boxeur-pro.fr\/wp-content\/uploads\/2024\/01\/LogoBoxeurProTransparent-1.png","width":709,"height":800,"caption":"Boxeur PRO"},"image":{"@id":"https:\/\/boxeur-pro.fr\/es\/#\/schema\/logo\/image\/"}},{"@type":"Person","@id":"https:\/\/boxeur-pro.fr\/es\/#\/schema\/person\/086d0ef78c9fe53d995cf72b71821937","name":"Maxime","image":{"@type":"ImageObject","inLanguage":"es","@id":"https:\/\/secure.gravatar.com\/avatar\/ce38768ebaf5d044c623efd7ff10a6ad2e1bf4f59b1039f5295b8e35e82bb447?s=96&d=mm&r=g","url":"https:\/\/secure.gravatar.com\/avatar\/ce38768ebaf5d044c623efd7ff10a6ad2e1bf4f59b1039f5295b8e35e82bb447?s=96&d=mm&r=g","contentUrl":"https:\/\/secure.gravatar.com\/avatar\/ce38768ebaf5d044c623efd7ff10a6ad2e1bf4f59b1039f5295b8e35e82bb447?s=96&d=mm&r=g","caption":"Maxime"},"url":"https:\/\/boxeur-pro.fr\/es\/author\/maxime\/"}]}},"_links":{"self":[{"href":"https:\/\/boxeur-pro.fr\/es\/wp-json\/wp\/v2\/posts\/2337","targetHints":{"allow":["GET"]}}],"collection":[{"href":"https:\/\/boxeur-pro.fr\/es\/wp-json\/wp\/v2\/posts"}],"about":[{"href":"https:\/\/boxeur-pro.fr\/es\/wp-json\/wp\/v2\/types\/post"}],"author":[{"embeddable":true,"href":"https:\/\/boxeur-pro.fr\/es\/wp-json\/wp\/v2\/users\/2"}],"replies":[{"embeddable":true,"href":"https:\/\/boxeur-pro.fr\/es\/wp-json\/wp\/v2\/comments?post=2337"}],"version-history":[{"count":2,"href":"https:\/\/boxeur-pro.fr\/es\/wp-json\/wp\/v2\/posts\/2337\/revisions"}],"predecessor-version":[{"id":2340,"href":"https:\/\/boxeur-pro.fr\/es\/wp-json\/wp\/v2\/posts\/2337\/revisions\/2340"}],"wp:featuredmedia":[{"embeddable":true,"href":"https:\/\/boxeur-pro.fr\/es\/wp-json\/wp\/v2\/media\/2339"}],"wp:attachment":[{"href":"https:\/\/boxeur-pro.fr\/es\/wp-json\/wp\/v2\/media?parent=2337"}],"wp:term":[{"taxonomy":"category","embeddable":true,"href":"https:\/\/boxeur-pro.fr\/es\/wp-json\/wp\/v2\/categories?post=2337"},{"taxonomy":"post_tag","embeddable":true,"href":"https:\/\/boxeur-pro.fr\/es\/wp-json\/wp\/v2\/tags?post=2337"}],"curies":[{"name":"wp","href":"https:\/\/api.w.org\/{rel}","templated":true}]}}