{"id":2341,"date":"2024-08-01T17:50:01","date_gmt":"2024-08-01T15:50:01","guid":{"rendered":"https:\/\/boxeur-pro.fr\/?p=2341"},"modified":"2024-08-01T17:50:04","modified_gmt":"2024-08-01T15:50:04","slug":"julio-cesar-la-cruz","status":"publish","type":"post","link":"https:\/\/boxeur-pro.fr\/es\/boxe\/julio-cesar-la-cruz\/","title":{"rendered":"Julio C\u00e9sar La Cruz: historia, altura, peso, edad, patrimonio"},"content":{"rendered":"<p><strong>Julio C\u00e9sar La Cruz<\/strong> es un nombre que resuena con fuerza en el mundo del boxeo. Con un palmar\u00e9s impresionante, este boxeador cubano ha hecho historia con sus excepcionales actuaciones sobre el cuadril\u00e1tero. Nacido el 11 de agosto de 1989 en Camag\u00fcey (Cuba), Julio creci\u00f3 en el seno de una familia modesta en la que pronto descubri\u00f3 su pasi\u00f3n por el boxeo. Desde muy peque\u00f1o dio muestras de un talento excepcional, lo que atrajo la atenci\u00f3n de los entrenadores locales. Su carrera ha sido un ascenso mete\u00f3rico, pero no ha estado exenta de desaf\u00edos. Super\u00f3 obst\u00e1culos personales y profesionales para convertirse en uno de los boxeadores m\u00e1s respetados y condecorados de la historia. Descubramos la fascinante historia de este campe\u00f3n.<\/p>\n\n\n\n<h4 class=\"wp-block-heading\">El Rey del Ring<\/h4>\n\n\n\n<p><strong>Julio C\u00e9sar La Cruz<\/strong> es apodado a menudo \"La Sombra\" por su escurridizo estilo de lucha. Nacido en una regi\u00f3n donde el boxeo es un deporte popular, se inspir\u00f3 en las leyendas locales y empez\u00f3 a entrenar a los diez a\u00f1os. En su debut como aficionado pronto demostr\u00f3 que ten\u00eda un talento natural para este deporte, ganando varios torneos locales antes de hacerse un hueco en la escena nacional.<\/p>\n\n\n\n<h5 class=\"wp-block-heading\">Impresionante historial<\/h5>\n\n\n\n<p>Julio C\u00e9sar La Cruz gan\u00f3 medallas de oro en los Juegos Ol\u00edmpicos de R\u00edo 2016 y Tokio 2020 en categor\u00eda femenina. <a href=\"https:\/\/boxeur-pro.fr\/es\/boxe\/mike-tyson-poids\/\">peso<\/a> peso medio y peso pesado. Adem\u00e1s de sus haza\u00f1as ol\u00edmpicas, es cinco veces campe\u00f3n del mundo, con victorias en 2011, 2013, 2015, 2017 y 2021. Su palmar\u00e9s se completa con cuatro medallas de oro consecutivas en los Juegos Panamericanos, una haza\u00f1a sin parang\u00f3n en la historia del boxeo. Estos \u00e9xitos son testimonio no solo de su talento, sino tambi\u00e9n de su incre\u00edble determinaci\u00f3n y capacidad para mantenerse en la cima durante m\u00e1s de una d\u00e9cada.<\/p>\n\n\n\n<h5 class=\"wp-block-heading\">Estilo \u00fanico<\/h5>\n\n\n\n<p>Lo que nos diferencia <strong>Julio C\u00e9sar La Cruz<\/strong> de otros boxeadores es su excepcional estilo defensivo. Apodado \"La Sombra\" por su habilidad para esquivar golpes, utiliza su velocidad e inteligencia en el cuadril\u00e1tero para burlar a sus oponentes. Su t\u00e9cnica se basa en una defensa fluida y en la capacidad de contragolpear con rapidez, lo que le hace extremadamente dif\u00edcil de golpear. Su postura baja y sus incesantes movimientos alrededor del rival crean \u00e1ngulos de ataque imprevisibles. Este dominio de la t\u00e9cnica defensiva se ha desarrollado bajo la tutela de los mejores entrenadores cubanos, famosos en todo el mundo por su enfoque cient\u00edfico del boxeo.<\/p>\n\n\n\n<h5 class=\"wp-block-heading\">Retos y \u00e9xitos<\/h5>\n\n\n\n<p>A pesar de sus muchos \u00e9xitos, la carrera de Julio C\u00e9sar La Cruz no ha estado exenta de obst\u00e1culos. En 2014, sobrevivi\u00f3 a un intento de asesinato, lo que no hizo sino reforzar su determinaci\u00f3n para sobresalir en su deporte. El incidente, ocurrido en Camag\u00fcey, su ciudad natal, supuso un punto de inflexi\u00f3n en su vida. No solo tuvo que recuperarse f\u00edsicamente, sino tambi\u00e9n superar un trauma psicol\u00f3gico. Su regreso a los cuadril\u00e1teros despu\u00e9s de este incidente estuvo marcado por m\u00e1s victorias y reconocimientos. Ha demostrado una capacidad de recuperaci\u00f3n incre\u00edble, demostrando que incluso los momentos m\u00e1s oscuros pueden superarse con valor y determinaci\u00f3n.<\/p>\n\n\n\n<h4 class=\"wp-block-heading\">El ascenso contin\u00faa<\/h4>\n\n\n\n<p><strong>Julio C\u00e9sar La Cruz<\/strong> no se duerme en los laureles. En 2023, hizo historia al convertirse en el primer boxeador en ganar cuatro medallas de oro consecutivas en los Juegos Panamericanos. Este \u00e9xito tambi\u00e9n garantiza su participaci\u00f3n en los Juegos Ol\u00edmpicos de Par\u00eds 2024, donde espera a\u00f1adir otra medalla a su impresionante colecci\u00f3n. Su preparaci\u00f3n para estas competiciones es rigurosa, con un entrenamiento intensivo y una disciplina f\u00e9rrea. No s\u00f3lo se entrena f\u00edsicamente, sino tambi\u00e9n mentalmente, porque sabe que el \u00e9xito en el ring depende tanto de la fuerza mental como de la f\u00edsica.<\/p>\n\n\n\n<h5 class=\"wp-block-heading\">Impacto y legado<\/h5>\n\n\n\n<p>El impacto de Julio C\u00e9sar La Cruz en el boxeo es inmenso. Es una fuente de inspiraci\u00f3n para muchos j\u00f3venes boxeadores de todo el mundo. Su legado no se limita a sus t\u00edtulos, sino que tambi\u00e9n incluye su influencia en el estilo y la t\u00e9cnica del boxeo moderno. Como modelo de perseverancia y \u00e9xito, ha inspirado a muchos j\u00f3venes a perseguir sus sue\u00f1os a pesar de los obst\u00e1culos. Su enfoque t\u00e9cnico ha sido estudiado y adoptado por muchos entrenadores y boxeadores, lo que le convierte en una figura clave en la evoluci\u00f3n del boxeo.<\/p>\n\n\n\n<h5 class=\"wp-block-heading\">La importancia de la familia<\/h5>\n\n\n\n<p>A pesar de sus muchos compromisos y \u00e9xitos, <strong>Julio C\u00e9sar La Cruz<\/strong> sigue profundamente unido a su familia. Atribuye gran parte de su \u00e9xito a su inquebrantable apoyo. Para \u00e9l, cada victoria es una dedicatoria a quienes siempre le han apoyado. Su madre, en particular, ha desempe\u00f1ado un papel crucial en su carrera, anim\u00e1ndole constantemente a darlo todo. Su padre, aunque menos visible, ha sido una fuente de sabidur\u00eda y consejos a lo largo de su vida. La familia La Cruz es un ejemplo de solidaridad y apoyo mutuo, que demuestra que detr\u00e1s de cada gran campe\u00f3n hay un equipo de personas que creen en \u00e9l.<\/p>\n\n\n\n<h5 class=\"wp-block-heading\">El futuro de La Sombra<\/h5>\n\n\n\n<p>Mientras que <strong>Julio C\u00e9sar La Cruz<\/strong> se prepara para los Juegos Ol\u00edmpicos de Par\u00eds, sigue decidido a seguir haciendo historia en el boxeo. Su carrera es un testimonio de resistencia y perseverancia, y sigue aspirando a nuevas cotas. Tambi\u00e9n planea contribuir al boxeo convirti\u00e9ndose en entrenador tras su retirada, compartiendo sus conocimientos y experiencia con la pr\u00f3xima generaci\u00f3n de boxeadores cubanos. Su objetivo es seguir inspirando y elevando el nivel del boxeo en su pa\u00eds y en todo el mundo.<\/p>\n\n\n\n<h4 class=\"wp-block-heading\">Conclusi\u00f3n<\/h4>\n\n\n\n<p><strong>Julio C\u00e9sar La Cruz<\/strong> es mucho m\u00e1s que un boxeador: es una leyenda viva. Su carrera ha estado marcada por retos personales y triunfos espectaculares, lo que le ha convertido en un icono del deporte. Con los Juegos Ol\u00edmpicos de Par\u00eds en el horizonte, podemos esperar a\u00fan m\u00e1s momentos memorables de este extraordinario campe\u00f3n. Su legado seguir\u00e1 influyendo en el mundo del boxeo mucho despu\u00e9s de que haya abandonado el cuadril\u00e1tero, convirti\u00e9ndolo en una figura atemporal de la historia de este deporte.<\/p>\n\n\n\n<p>Fuentes : <strong><a href=\"https:\/\/fr.wikipedia.org\/wiki\/Boxe\" data-lasso-id=\"4489\">Boxeo Wiki <\/a><\/strong><\/p>\n\n\n\n<p>V\u00e9ase tambi\u00e9n :<strong><a href=\"https:\/\/pflmma.com\/\" data-lasso-id=\"4490\"> Sitio web oficial de los veteranos<\/a><\/strong><\/p>","protected":false},"excerpt":{"rendered":"<p>Julio C\u00e9sar La Cruz es un nombre que resuena con fuerza en el mundo del boxeo. Con un palmar\u00e9s impresionante, este boxeador cubano ha hecho historia con sus excepcionales actuaciones sobre el cuadril\u00e1tero. Nacido el 11 de agosto de 1989 en Camag\u00fcey (Cuba), Julio creci\u00f3 en el seno de una familia modesta donde ... <a title=\"Julio C\u00e9sar La Cruz: historia, altura, peso, edad, patrimonio\" class=\"read-more\" href=\"https:\/\/boxeur-pro.fr\/es\/boxe\/julio-cesar-la-cruz\/\" aria-label=\"Leer m\u00e1s sobre Julio C\u00e9sar La Cruz : son histoire, taille, poids, \u00e2ge, fortune\">Leer m\u00e1s<\/a><\/p>","protected":false},"author":2,"featured_media":2343,"comment_status":"open","ping_status":"open","sticky":false,"template":"","format":"standard","meta":{"footnotes":""},"categories":[7],"tags":[15],"class_list":["post-2341","post","type-post","status-publish","format-standard","has-post-thumbnail","hentry","category-boxe","tag-boxeurs"],"yoast_head":"<!-- This site is optimized with the Yoast SEO plugin v27.4 - https:\/\/yoast.com\/product\/yoast-seo-wordpress\/ -->\n<title>Julio C\u00e9sar La Cruz : son histoire, taille, poids, \u00e2ge, fortune<\/title>\n<meta name=\"description\" content=\"Julio C\u00e9sar La Cruz est souvent surnomm\u00e9 &quot;La Sombra&quot; en raison de son style de combat insaisissable. N\u00e9 dans une r\u00e9gion\" \/>\n<meta name=\"robots\" content=\"index, follow, max-snippet:-1, max-image-preview:large, max-video-preview:-1\" \/>\n<link rel=\"canonical\" href=\"https:\/\/boxeur-pro.fr\/es\/boxeo\/julio-cesar-la-cruz\/\" \/>\n<meta property=\"og:locale\" content=\"es_ES\" \/>\n<meta property=\"og:type\" content=\"article\" \/>\n<meta property=\"og:title\" content=\"Julio C\u00e9sar La Cruz : son histoire, taille, poids, \u00e2ge, fortune\" \/>\n<meta property=\"og:description\" content=\"Julio C\u00e9sar La Cruz est souvent surnomm\u00e9 &quot;La Sombra&quot; en raison de son style de combat insaisissable. N\u00e9 dans une r\u00e9gion\" \/>\n<meta property=\"og:url\" content=\"https:\/\/boxeur-pro.fr\/es\/boxeo\/julio-cesar-la-cruz\/\" \/>\n<meta property=\"og:site_name\" content=\"Boxeur PRO\" \/>\n<meta property=\"article:published_time\" content=\"2024-08-01T15:50:01+00:00\" \/>\n<meta property=\"article:modified_time\" content=\"2024-08-01T15:50:04+00:00\" \/>\n<meta property=\"og:image\" content=\"https:\/\/boxeur-pro.fr\/wp-content\/uploads\/2024\/08\/Cruz_vs_Borges_2016_Rio_7cr-removebg-preview.png\" \/>\n\t<meta property=\"og:image:width\" content=\"473\" \/>\n\t<meta property=\"og:image:height\" content=\"527\" \/>\n\t<meta property=\"og:image:type\" content=\"image\/png\" \/>\n<meta name=\"author\" content=\"Maxime\" \/>\n<meta name=\"twitter:card\" content=\"summary_large_image\" \/>\n<meta name=\"twitter:label1\" content=\"Escrito por\" \/>\n\t<meta name=\"twitter:data1\" content=\"Maxime\" \/>\n\t<meta name=\"twitter:label2\" content=\"Tiempo de lectura\" \/>\n\t<meta name=\"twitter:data2\" content=\"6 minutos\" \/>\n<script type=\"application\/ld+json\" class=\"yoast-schema-graph\">{\"@context\":\"https:\\\/\\\/schema.org\",\"@graph\":[{\"@type\":\"Article\",\"@id\":\"https:\\\/\\\/boxeur-pro.fr\\\/es\\\/boxe\\\/julio-cesar-la-cruz\\\/#article\",\"isPartOf\":{\"@id\":\"https:\\\/\\\/boxeur-pro.fr\\\/es\\\/boxe\\\/julio-cesar-la-cruz\\\/\"},\"author\":{\"name\":\"Maxime\",\"@id\":\"https:\\\/\\\/boxeur-pro.fr\\\/es\\\/#\\\/schema\\\/person\\\/086d0ef78c9fe53d995cf72b71821937\"},\"headline\":\"Julio C\u00e9sar La Cruz : son histoire, taille, poids, \u00e2ge, fortune\",\"datePublished\":\"2024-08-01T15:50:01+00:00\",\"dateModified\":\"2024-08-01T15:50:04+00:00\",\"mainEntityOfPage\":{\"@id\":\"https:\\\/\\\/boxeur-pro.fr\\\/es\\\/boxe\\\/julio-cesar-la-cruz\\\/\"},\"wordCount\":1152,\"commentCount\":0,\"publisher\":{\"@id\":\"https:\\\/\\\/boxeur-pro.fr\\\/es\\\/#organization\"},\"image\":{\"@id\":\"https:\\\/\\\/boxeur-pro.fr\\\/es\\\/boxe\\\/julio-cesar-la-cruz\\\/#primaryimage\"},\"thumbnailUrl\":\"https:\\\/\\\/boxeur-pro.fr\\\/wp-content\\\/uploads\\\/2024\\\/08\\\/Cruz_vs_Borges_2016_Rio_7cr-removebg-preview.png\",\"keywords\":[\"Boxeurs\"],\"articleSection\":[\"Boxe\"],\"inLanguage\":\"es\",\"potentialAction\":[{\"@type\":\"CommentAction\",\"name\":\"Comment\",\"target\":[\"https:\\\/\\\/boxeur-pro.fr\\\/es\\\/boxe\\\/julio-cesar-la-cruz\\\/#respond\"]}]},{\"@type\":\"WebPage\",\"@id\":\"https:\\\/\\\/boxeur-pro.fr\\\/es\\\/boxe\\\/julio-cesar-la-cruz\\\/\",\"url\":\"https:\\\/\\\/boxeur-pro.fr\\\/es\\\/boxe\\\/julio-cesar-la-cruz\\\/\",\"name\":\"Julio C\u00e9sar La Cruz : son histoire, taille, poids, \u00e2ge, fortune\",\"isPartOf\":{\"@id\":\"https:\\\/\\\/boxeur-pro.fr\\\/es\\\/#website\"},\"primaryImageOfPage\":{\"@id\":\"https:\\\/\\\/boxeur-pro.fr\\\/es\\\/boxe\\\/julio-cesar-la-cruz\\\/#primaryimage\"},\"image\":{\"@id\":\"https:\\\/\\\/boxeur-pro.fr\\\/es\\\/boxe\\\/julio-cesar-la-cruz\\\/#primaryimage\"},\"thumbnailUrl\":\"https:\\\/\\\/boxeur-pro.fr\\\/wp-content\\\/uploads\\\/2024\\\/08\\\/Cruz_vs_Borges_2016_Rio_7cr-removebg-preview.png\",\"datePublished\":\"2024-08-01T15:50:01+00:00\",\"dateModified\":\"2024-08-01T15:50:04+00:00\",\"description\":\"Julio C\u00e9sar La Cruz est souvent surnomm\u00e9 \\\"La Sombra\\\" en raison de son style de combat insaisissable. N\u00e9 dans une r\u00e9gion\",\"breadcrumb\":{\"@id\":\"https:\\\/\\\/boxeur-pro.fr\\\/es\\\/boxe\\\/julio-cesar-la-cruz\\\/#breadcrumb\"},\"inLanguage\":\"es\",\"potentialAction\":[{\"@type\":\"ReadAction\",\"target\":[\"https:\\\/\\\/boxeur-pro.fr\\\/es\\\/boxe\\\/julio-cesar-la-cruz\\\/\"]}]},{\"@type\":\"ImageObject\",\"inLanguage\":\"es\",\"@id\":\"https:\\\/\\\/boxeur-pro.fr\\\/es\\\/boxe\\\/julio-cesar-la-cruz\\\/#primaryimage\",\"url\":\"https:\\\/\\\/boxeur-pro.fr\\\/wp-content\\\/uploads\\\/2024\\\/08\\\/Cruz_vs_Borges_2016_Rio_7cr-removebg-preview.png\",\"contentUrl\":\"https:\\\/\\\/boxeur-pro.fr\\\/wp-content\\\/uploads\\\/2024\\\/08\\\/Cruz_vs_Borges_2016_Rio_7cr-removebg-preview.png\",\"width\":473,\"height\":527,\"caption\":\"Julio C\u00e9sar La Cruz\"},{\"@type\":\"BreadcrumbList\",\"@id\":\"https:\\\/\\\/boxeur-pro.fr\\\/es\\\/boxe\\\/julio-cesar-la-cruz\\\/#breadcrumb\",\"itemListElement\":[{\"@type\":\"ListItem\",\"position\":1,\"name\":\"Accueil\",\"item\":\"https:\\\/\\\/boxeur-pro.fr\\\/\"},{\"@type\":\"ListItem\",\"position\":2,\"name\":\"Julio C\u00e9sar La Cruz : son histoire, taille, poids, \u00e2ge, fortune\"}]},{\"@type\":\"WebSite\",\"@id\":\"https:\\\/\\\/boxeur-pro.fr\\\/es\\\/#website\",\"url\":\"https:\\\/\\\/boxeur-pro.fr\\\/es\\\/\",\"name\":\"Boxeur PRO\",\"description\":\"\",\"publisher\":{\"@id\":\"https:\\\/\\\/boxeur-pro.fr\\\/es\\\/#organization\"},\"potentialAction\":[{\"@type\":\"SearchAction\",\"target\":{\"@type\":\"EntryPoint\",\"urlTemplate\":\"https:\\\/\\\/boxeur-pro.fr\\\/es\\\/?s={search_term_string}\"},\"query-input\":{\"@type\":\"PropertyValueSpecification\",\"valueRequired\":true,\"valueName\":\"search_term_string\"}}],\"inLanguage\":\"es\"},{\"@type\":\"Organization\",\"@id\":\"https:\\\/\\\/boxeur-pro.fr\\\/es\\\/#organization\",\"name\":\"Boxeur PRO\",\"url\":\"https:\\\/\\\/boxeur-pro.fr\\\/es\\\/\",\"logo\":{\"@type\":\"ImageObject\",\"inLanguage\":\"es\",\"@id\":\"https:\\\/\\\/boxeur-pro.fr\\\/es\\\/#\\\/schema\\\/logo\\\/image\\\/\",\"url\":\"https:\\\/\\\/boxeur-pro.fr\\\/wp-content\\\/uploads\\\/2024\\\/01\\\/LogoBoxeurProTransparent-1.png\",\"contentUrl\":\"https:\\\/\\\/boxeur-pro.fr\\\/wp-content\\\/uploads\\\/2024\\\/01\\\/LogoBoxeurProTransparent-1.png\",\"width\":709,\"height\":800,\"caption\":\"Boxeur PRO\"},\"image\":{\"@id\":\"https:\\\/\\\/boxeur-pro.fr\\\/es\\\/#\\\/schema\\\/logo\\\/image\\\/\"}},{\"@type\":\"Person\",\"@id\":\"https:\\\/\\\/boxeur-pro.fr\\\/es\\\/#\\\/schema\\\/person\\\/086d0ef78c9fe53d995cf72b71821937\",\"name\":\"Maxime\",\"image\":{\"@type\":\"ImageObject\",\"inLanguage\":\"es\",\"@id\":\"https:\\\/\\\/secure.gravatar.com\\\/avatar\\\/ce38768ebaf5d044c623efd7ff10a6ad2e1bf4f59b1039f5295b8e35e82bb447?s=96&d=mm&r=g\",\"url\":\"https:\\\/\\\/secure.gravatar.com\\\/avatar\\\/ce38768ebaf5d044c623efd7ff10a6ad2e1bf4f59b1039f5295b8e35e82bb447?s=96&d=mm&r=g\",\"contentUrl\":\"https:\\\/\\\/secure.gravatar.com\\\/avatar\\\/ce38768ebaf5d044c623efd7ff10a6ad2e1bf4f59b1039f5295b8e35e82bb447?s=96&d=mm&r=g\",\"caption\":\"Maxime\"},\"url\":\"https:\\\/\\\/boxeur-pro.fr\\\/es\\\/author\\\/maxime\\\/\"}]}<\/script>\n<!-- \/ Yoast SEO plugin. -->","yoast_head_json":{"title":"Julio C\u00e9sar La Cruz: historia, altura, peso, edad, patrimonio","description":"Julio C\u00e9sar La Cruz es apodado a menudo \"La Sombra\" por su escurridizo estilo de lucha. Nacido en una regi\u00f3n","robots":{"index":"index","follow":"follow","max-snippet":"max-snippet:-1","max-image-preview":"max-image-preview:large","max-video-preview":"max-video-preview:-1"},"canonical":"https:\/\/boxeur-pro.fr\/es\/boxeo\/julio-cesar-la-cruz\/","og_locale":"es_ES","og_type":"article","og_title":"Julio C\u00e9sar La Cruz : son histoire, taille, poids, \u00e2ge, fortune","og_description":"Julio C\u00e9sar La Cruz est souvent surnomm\u00e9 \"La Sombra\" en raison de son style de combat insaisissable. N\u00e9 dans une r\u00e9gion","og_url":"https:\/\/boxeur-pro.fr\/es\/boxeo\/julio-cesar-la-cruz\/","og_site_name":"Boxeur PRO","article_published_time":"2024-08-01T15:50:01+00:00","article_modified_time":"2024-08-01T15:50:04+00:00","og_image":[{"width":473,"height":527,"url":"https:\/\/boxeur-pro.fr\/wp-content\/uploads\/2024\/08\/Cruz_vs_Borges_2016_Rio_7cr-removebg-preview.png","type":"image\/png"}],"author":"Maxime","twitter_card":"summary_large_image","twitter_misc":{"Escrito por":"Maxime","Tiempo de lectura":"6 minutos"},"schema":{"@context":"https:\/\/schema.org","@graph":[{"@type":"Article","@id":"https:\/\/boxeur-pro.fr\/es\/boxe\/julio-cesar-la-cruz\/#article","isPartOf":{"@id":"https:\/\/boxeur-pro.fr\/es\/boxe\/julio-cesar-la-cruz\/"},"author":{"name":"Maxime","@id":"https:\/\/boxeur-pro.fr\/es\/#\/schema\/person\/086d0ef78c9fe53d995cf72b71821937"},"headline":"Julio C\u00e9sar La Cruz : son histoire, taille, poids, \u00e2ge, fortune","datePublished":"2024-08-01T15:50:01+00:00","dateModified":"2024-08-01T15:50:04+00:00","mainEntityOfPage":{"@id":"https:\/\/boxeur-pro.fr\/es\/boxe\/julio-cesar-la-cruz\/"},"wordCount":1152,"commentCount":0,"publisher":{"@id":"https:\/\/boxeur-pro.fr\/es\/#organization"},"image":{"@id":"https:\/\/boxeur-pro.fr\/es\/boxe\/julio-cesar-la-cruz\/#primaryimage"},"thumbnailUrl":"https:\/\/boxeur-pro.fr\/wp-content\/uploads\/2024\/08\/Cruz_vs_Borges_2016_Rio_7cr-removebg-preview.png","keywords":["Boxeurs"],"articleSection":["Boxe"],"inLanguage":"es","potentialAction":[{"@type":"CommentAction","name":"Comment","target":["https:\/\/boxeur-pro.fr\/es\/boxe\/julio-cesar-la-cruz\/#respond"]}]},{"@type":"WebPage","@id":"https:\/\/boxeur-pro.fr\/es\/boxe\/julio-cesar-la-cruz\/","url":"https:\/\/boxeur-pro.fr\/es\/boxe\/julio-cesar-la-cruz\/","name":"Julio C\u00e9sar La Cruz: historia, altura, peso, edad, patrimonio","isPartOf":{"@id":"https:\/\/boxeur-pro.fr\/es\/#website"},"primaryImageOfPage":{"@id":"https:\/\/boxeur-pro.fr\/es\/boxe\/julio-cesar-la-cruz\/#primaryimage"},"image":{"@id":"https:\/\/boxeur-pro.fr\/es\/boxe\/julio-cesar-la-cruz\/#primaryimage"},"thumbnailUrl":"https:\/\/boxeur-pro.fr\/wp-content\/uploads\/2024\/08\/Cruz_vs_Borges_2016_Rio_7cr-removebg-preview.png","datePublished":"2024-08-01T15:50:01+00:00","dateModified":"2024-08-01T15:50:04+00:00","description":"Julio C\u00e9sar La Cruz es apodado a menudo \"La Sombra\" por su escurridizo estilo de lucha. Nacido en una regi\u00f3n","breadcrumb":{"@id":"https:\/\/boxeur-pro.fr\/es\/boxe\/julio-cesar-la-cruz\/#breadcrumb"},"inLanguage":"es","potentialAction":[{"@type":"ReadAction","target":["https:\/\/boxeur-pro.fr\/es\/boxe\/julio-cesar-la-cruz\/"]}]},{"@type":"ImageObject","inLanguage":"es","@id":"https:\/\/boxeur-pro.fr\/es\/boxe\/julio-cesar-la-cruz\/#primaryimage","url":"https:\/\/boxeur-pro.fr\/wp-content\/uploads\/2024\/08\/Cruz_vs_Borges_2016_Rio_7cr-removebg-preview.png","contentUrl":"https:\/\/boxeur-pro.fr\/wp-content\/uploads\/2024\/08\/Cruz_vs_Borges_2016_Rio_7cr-removebg-preview.png","width":473,"height":527,"caption":"Julio C\u00e9sar La Cruz"},{"@type":"BreadcrumbList","@id":"https:\/\/boxeur-pro.fr\/es\/boxe\/julio-cesar-la-cruz\/#breadcrumb","itemListElement":[{"@type":"ListItem","position":1,"name":"Accueil","item":"https:\/\/boxeur-pro.fr\/"},{"@type":"ListItem","position":2,"name":"Julio C\u00e9sar La Cruz : son histoire, taille, poids, \u00e2ge, fortune"}]},{"@type":"WebSite","@id":"https:\/\/boxeur-pro.fr\/es\/#website","url":"https:\/\/boxeur-pro.fr\/es\/","name":"Boxeador PRO","description":"","publisher":{"@id":"https:\/\/boxeur-pro.fr\/es\/#organization"},"potentialAction":[{"@type":"SearchAction","target":{"@type":"EntryPoint","urlTemplate":"https:\/\/boxeur-pro.fr\/es\/?s={search_term_string}"},"query-input":{"@type":"PropertyValueSpecification","valueRequired":true,"valueName":"search_term_string"}}],"inLanguage":"es"},{"@type":"Organization","@id":"https:\/\/boxeur-pro.fr\/es\/#organization","name":"Boxeador PRO","url":"https:\/\/boxeur-pro.fr\/es\/","logo":{"@type":"ImageObject","inLanguage":"es","@id":"https:\/\/boxeur-pro.fr\/es\/#\/schema\/logo\/image\/","url":"https:\/\/boxeur-pro.fr\/wp-content\/uploads\/2024\/01\/LogoBoxeurProTransparent-1.png","contentUrl":"https:\/\/boxeur-pro.fr\/wp-content\/uploads\/2024\/01\/LogoBoxeurProTransparent-1.png","width":709,"height":800,"caption":"Boxeur PRO"},"image":{"@id":"https:\/\/boxeur-pro.fr\/es\/#\/schema\/logo\/image\/"}},{"@type":"Person","@id":"https:\/\/boxeur-pro.fr\/es\/#\/schema\/person\/086d0ef78c9fe53d995cf72b71821937","name":"Maxime","image":{"@type":"ImageObject","inLanguage":"es","@id":"https:\/\/secure.gravatar.com\/avatar\/ce38768ebaf5d044c623efd7ff10a6ad2e1bf4f59b1039f5295b8e35e82bb447?s=96&d=mm&r=g","url":"https:\/\/secure.gravatar.com\/avatar\/ce38768ebaf5d044c623efd7ff10a6ad2e1bf4f59b1039f5295b8e35e82bb447?s=96&d=mm&r=g","contentUrl":"https:\/\/secure.gravatar.com\/avatar\/ce38768ebaf5d044c623efd7ff10a6ad2e1bf4f59b1039f5295b8e35e82bb447?s=96&d=mm&r=g","caption":"Maxime"},"url":"https:\/\/boxeur-pro.fr\/es\/author\/maxime\/"}]}},"_links":{"self":[{"href":"https:\/\/boxeur-pro.fr\/es\/wp-json\/wp\/v2\/posts\/2341","targetHints":{"allow":["GET"]}}],"collection":[{"href":"https:\/\/boxeur-pro.fr\/es\/wp-json\/wp\/v2\/posts"}],"about":[{"href":"https:\/\/boxeur-pro.fr\/es\/wp-json\/wp\/v2\/types\/post"}],"author":[{"embeddable":true,"href":"https:\/\/boxeur-pro.fr\/es\/wp-json\/wp\/v2\/users\/2"}],"replies":[{"embeddable":true,"href":"https:\/\/boxeur-pro.fr\/es\/wp-json\/wp\/v2\/comments?post=2341"}],"version-history":[{"count":2,"href":"https:\/\/boxeur-pro.fr\/es\/wp-json\/wp\/v2\/posts\/2341\/revisions"}],"predecessor-version":[{"id":2344,"href":"https:\/\/boxeur-pro.fr\/es\/wp-json\/wp\/v2\/posts\/2341\/revisions\/2344"}],"wp:featuredmedia":[{"embeddable":true,"href":"https:\/\/boxeur-pro.fr\/es\/wp-json\/wp\/v2\/media\/2343"}],"wp:attachment":[{"href":"https:\/\/boxeur-pro.fr\/es\/wp-json\/wp\/v2\/media?parent=2341"}],"wp:term":[{"taxonomy":"category","embeddable":true,"href":"https:\/\/boxeur-pro.fr\/es\/wp-json\/wp\/v2\/categories?post=2341"},{"taxonomy":"post_tag","embeddable":true,"href":"https:\/\/boxeur-pro.fr\/es\/wp-json\/wp\/v2\/tags?post=2341"}],"curies":[{"name":"wp","href":"https:\/\/api.w.org\/{rel}","templated":true}]}}