{"id":4475,"date":"2026-04-05T18:42:00","date_gmt":"2026-04-05T16:42:00","guid":{"rendered":"https:\/\/boxeur-pro.fr\/blog\/equipe-france-boxe-palmares-actualites\/"},"modified":"2026-04-05T18:42:00","modified_gmt":"2026-04-05T16:42:00","slug":"equipe-france-boxe-palmares-actualites","status":"publish","type":"post","link":"https:\/\/boxeur-pro.fr\/es\/blog\/equipe-france-boxe-palmares-actualites\/","title":{"rendered":"\u00c9quipe de France de boxe : palmar\u00e8s et actualit\u00e9s"},"content":{"rendered":"<p><!-- summary-start --><\/p>\n<p><strong>Resumen del art\u00edculo<\/strong><\/p>\n<p><p><strong>La boxe fran\u00e7aise aux Jeux olympiques : une tradition d&rsquo;excellence depuis 1920.<\/strong><\/p>\n<ul>\n<li><strong>Palmar\u00e8s impressionnant :<\/strong> <em>6 m\u00e9dailles \u00e0 Rio 2016<\/em>, dont 2 or, confirmant la France parmi les grandes nations de la boxe olympique.<\/li>\n<li><strong>F\u00e9d\u00e9ration centenaire :<\/strong> Fond\u00e9e en 1903, la FFB regroupe <em>59 000 licenci\u00e9s dans 700 clubs<\/em> et s&rsquo;appuie sur 5 200 b\u00e9n\u00e9voles.<\/li>\n<li><strong>Diversit\u00e9 des pratiques :<\/strong> Au-del\u00e0 de la comp\u00e9tition, la f\u00e9d\u00e9ration propose <em>six disciplines distinctes<\/em> incluant boxe \u00e9ducative, loisir et handi-boxe.<\/li>\n<li><strong>Format olympique :<\/strong> Les combats se d\u00e9roulent en <em>3 rounds de 3 minutes<\/em>, \u00e9valu\u00e9s par 5 juges avec syst\u00e8me de points strict.<\/li>\n<li><strong>Progression structur\u00e9e :<\/strong> A <em>parcours encadr\u00e9 du club r\u00e9gional au professionnel<\/em>, garantissant rep\u00e9rage et accompagnement des talents pr\u00e9coces.<\/li>\n<\/ul>\n<p><!-- summary-end --><\/p>\n<p>La boxe anglaise figure au programme olympique depuis les Jeux de Saint-Louis en 1904. La France y a \u00e9crit certaines de ses plus belles pages sportives, des victoires de 1936 jusqu&rsquo;au tableau de Rio de Janeiro 2016 avec <strong>2 m\u00e9dailles d&rsquo;or, 2 d&rsquo;argent et 2 de bronze<\/strong>. Un bilan qui place les Bleus parmi les nations s\u00e9rieuses de la discipline.<\/p>\n<h2>L&rsquo;\u00e9quipe de France de boxe : histoire et organisation<\/h2>\n<h3>Les origines d&rsquo;une f\u00e9d\u00e9ration centenaire<\/h3>\n<p>Tout commence en 1903. Quatre pionniers \u2014 <strong>Albert Bourdariat, Frantz Reichel, Van Rosose et Paul Rousseau<\/strong> \u2014 posent les bases de la F\u00e9d\u00e9ration Fran\u00e7aise de Boxe. \u00c0 cette \u00e9poque, les premi\u00e8res r\u00e8gles de la boxe anglaise n&rsquo;ont \u00e9t\u00e9 r\u00e9dig\u00e9es qu&rsquo;en 1867, soit \u00e0 peine trente-six ans plus t\u00f4t. L&rsquo;institution fran\u00e7aise se structure donc tr\u00e8s t\u00f4t, presque au m\u00eame rythme que la codification internationale du sport.<\/p>\n<p>Aujourd&rsquo;hui, la <strong>F\u00e9d\u00e9ration Fran\u00e7aise de Boxe (FFB)<\/strong> regroupe pr\u00e8s de 59 000 licenci\u00e9s r\u00e9partis dans 700 clubs \u00e0 travers le territoire. Elle s&rsquo;appuie sur 5 200 dirigeants b\u00e9n\u00e9voles et 18 Comit\u00e9s R\u00e9gionaux. Le 16 mai 2011, elle a \u00e9t\u00e9 reconnue d&rsquo;utilit\u00e9 publique par d\u00e9cret \u2014 une distinction qui souligne son r\u00f4le bien au-del\u00e0 du strict cadre sportif.<\/p>\n<p>La FFB ne se limite pas \u00e0 la comp\u00e9tition de haut niveau. Elle propose six pratiques distinctes : boxe professionnelle, boxe amateur\/olympique, boxe \u00e9ducative, boxe loisir, a\u00e9roboxe et handi-boxe. Son programme <em>D.E.F.I.S Boxe<\/em> (Diversit\u00e9-\u00c9ducation-Formation-Inclusion-Sant\u00e9) cible sp\u00e9cifiquement les personnes en difficult\u00e9 sociale. C&rsquo;est cette dimension humaine qui distingue la f\u00e9d\u00e9ration d&rsquo;une \u00e9l\u00e9mentaire structure de gestion sportive.<\/p>\n<h3>La place de la France dans la boxe internationale<\/h3>\n<p>La boxe fran\u00e7aise rayonne aussi hors de l&rsquo;Hexagone. Il suffit de regarder la <a href=\"https:\/\/boxeur-pro.fr\/es\/blog\/boxe-algerie-histoire-champions-actualites-sport\/\">boxe en Alg\u00e9rie, pays aux liens historiques forts avec la France<\/a>, pour mesurer l&rsquo;influence que la tradition fran\u00e7aise a exerc\u00e9e sur ses voisins m\u00e9diterran\u00e9ens. Les deux nations partagent une culture de la boxe amateur profond\u00e9ment ancr\u00e9e, forg\u00e9e sur des d\u00e9cennies d&rsquo;\u00e9changes et de rivalit\u00e9s.<\/p>\n<p>La boxe f\u00e9minine, elle, n&rsquo;a int\u00e9gr\u00e9 le programme olympique qu&rsquo;en 2012 \u00e0 Londres. La France a su s&rsquo;adapter \u00e0 cette \u00e9volution. Les Bleues concourent d\u00e9sormais dans cinq cat\u00e9gories de poids, du poids mouche (51 kg) au poids moyen (75 kg).<\/p>\n<h2>Palmar\u00e8s olympique des boxeurs fran\u00e7ais<\/h2>\n<h3>Un bilan historique contrast\u00e9, avec des sommets notables<\/h3>\n<p>L&rsquo;histoire olympique de l&rsquo;<strong>\u00e9quipe de France de boxe<\/strong> commence vraiment \u00e0 Anvers en 1920, avec 1 or, 1 argent et 1 bronze. Mais c&rsquo;est Berlin 1936 qui reste une date cl\u00e9 \u2014 2 m\u00e9dailles d&rsquo;or, aucune d&rsquo;argent ni de bronze. Une performance isol\u00e9e, jamais \u00e9gal\u00e9e pendant des d\u00e9cennies, jusqu&rsquo;\u00e0 Rio.<\/p>\n<p>Voici le palmar\u00e8s olympique complet de la France en boxe :<\/p>\n<table>\n<thead>\n<tr>\n<th>Jeux Olympiques<\/th>\n<th>Or<\/th>\n<th>Argent<\/th>\n<th>Bronze<\/th>\n<\/tr>\n<\/thead>\n<tbody>\n<tr>\n<td>Rio de Janeiro 2016<\/td>\n<td>2<\/td>\n<td>2<\/td>\n<td>2<\/td>\n<\/tr>\n<tr>\n<td>P\u00e9kin 2008<\/td>\n<td>0<\/td>\n<td>2<\/td>\n<td>1<\/td>\n<\/tr>\n<tr>\n<td>Ath\u00e8nes 2004<\/td>\n<td>0<\/td>\n<td>1<\/td>\n<td>0<\/td>\n<\/tr>\n<tr>\n<td>Sydney 2000<\/td>\n<td>1<\/td>\n<td>0<\/td>\n<td>1<\/td>\n<\/tr>\n<tr>\n<td>S\u00e9oul 1988<\/td>\n<td>0<\/td>\n<td>1<\/td>\n<td>0<\/td>\n<\/tr>\n<tr>\n<td>Los Angeles 1984<\/td>\n<td>0<\/td>\n<td>0<\/td>\n<td>1<\/td>\n<\/tr>\n<tr>\n<td>Tokyo 1964<\/td>\n<td>0<\/td>\n<td>1<\/td>\n<td>0<\/td>\n<\/tr>\n<tr>\n<td>Melbourne 1956<\/td>\n<td>0<\/td>\n<td>0<\/td>\n<td>2<\/td>\n<\/tr>\n<tr>\n<td>Helsinki 1952<\/td>\n<td>0<\/td>\n<td>0<\/td>\n<td>1<\/td>\n<\/tr>\n<tr>\n<td>Berlin 1936<\/td>\n<td>2<\/td>\n<td>0<\/td>\n<td>0<\/td>\n<\/tr>\n<tr>\n<td>Amsterdam 1928<\/td>\n<td>0<\/td>\n<td>1<\/td>\n<td>0<\/td>\n<\/tr>\n<tr>\n<td>Paris 1924<\/td>\n<td>0<\/td>\n<td>0<\/td>\n<td>1<\/td>\n<\/tr>\n<tr>\n<td>Anvers 1920<\/td>\n<td>1<\/td>\n<td>1<\/td>\n<td>1<\/td>\n<\/tr>\n<\/tbody>\n<\/table>\n<p>Rio 2016 reste le meilleur r\u00e9sultat global de la s\u00e9lection fran\u00e7aise. Six m\u00e9dailles en un seul tournoi, c&rsquo;est unique. P\u00e9kin 2008 confirme quant \u00e0 lui une dynamique positive avec 3 breloques, apr\u00e8s des ann\u00e9es plus creuses comme Los Angeles 1984 ou Helsinki 1952.<\/p>\n<h3>Les r\u00e8gles du combat olympique<\/h3>\n<p>Pour comprendre la performance des boxeurs fran\u00e7ais, il faut conna\u00eetre le cadre dans lequel ils \u00e9voluent. Les combats olympiques se divisent en <strong>3 rounds de 3 minutes<\/strong>, s\u00e9par\u00e9s par 1 minute de repos. Cinq juges \u00e9valuent chaque \u00e9change. \u00c0 l&rsquo;issue de chaque round, le vainqueur obtient 10 points, son adversaire entre 7 et 9 selon sa prestation.<\/p>\n<p>Un combat peut se terminer par KO, arr\u00eat de l&rsquo;arbitre, abandon ou disqualification. Les hommes concourent dans 8 cat\u00e9gories de poids, du mouche (51 kg) au super lourd (+91 kg). Contrairement aux hommes, les femmes portent un casque protecteur lors des comp\u00e9titions olympiques.<\/p>\n<h2>Passer au niveau sup\u00e9rieur : de l&rsquo;amateur au professionnel<\/h2>\n<h3>Un parcours structur\u00e9 mais exigeant<\/h3>\n<p>Int\u00e9grer la s\u00e9lection nationale ou franchir le cap du professionnalisme ne s&rsquo;improvise pas. La FFB balise un chemin pr\u00e9cis, de la formation en club jusqu&rsquo;aux comp\u00e9titions internationales. Pour ceux qui visent le haut niveau, <a href=\"https:\/\/boxeur-pro.fr\/es\/blog\/comment-passer-pro-boxe-france-guide-etape-etape\/\">passer pro en boxe en France<\/a> implique des \u00e9tapes concr\u00e8tes : obtention des licences, parcours en comp\u00e9titions amateurs, puis transition encadr\u00e9e vers le circuit professionnel.<\/p>\n<p>Franchement, beaucoup sous-estiment la dur\u00e9e de ce processus. La France dispose d&rsquo;une fili\u00e8re structur\u00e9e, mais la route reste longue entre un club r\u00e9gional et une m\u00e9daille olympique. C&rsquo;est pr\u00e9cis\u00e9ment ce maillage \u2014 700 clubs, 18 comit\u00e9s r\u00e9gionaux \u2014 qui permet de rep\u00e9rer les talents t\u00f4t et de les accompagner sur la dur\u00e9e.<\/p>\n<p>La boxe fran\u00e7aise ne vit pas sur ses lauriers. Elle forme, elle innove, elle inclut. Et si Rio 2016 a montr\u00e9 l&rsquo;\u00e9tendue de son potentiel, les prochaines \u00e9ch\u00e9ances olympiques seront l&rsquo;occasion de confirmer que ce palmar\u00e8s n&rsquo;\u00e9tait pas un accident de parcours.<\/p>\n<p><em>Sources de r\u00e9f\u00e9rence :<\/em> <a href=\"https:\/\/fr.wikipedia.org\/wiki\/Boxe\">boxeo wiki<\/a> \u2014 <a href=\"https:\/\/pflmma.com\/\">sitio de los combatientes<\/a><\/p>\n<div style='text-align:center;'><iframe width='560' height='315' src='https:\/\/www.youtube.com\/embed\/9x6yIWE6BRc' frameborder='0' allow='accelerometer; autoplay; clipboard-write; encrypted-media; gyroscope; picture-in-picture' allowfullscreen><\/iframe><\/div>","protected":false},"excerpt":{"rendered":"<p>L&rsquo;article en bref La boxe fran\u00e7aise aux Jeux olympiques : une tradition d&rsquo;excellence depuis 1920. Palmar\u00e8s impressionnant : 6 m\u00e9dailles \u00e0 Rio 2016, dont 2 or, confirmant la France parmi les grandes nations de la boxe olympique. F\u00e9d\u00e9ration centenaire : Fond\u00e9e en 1903, la FFB regroupe 59 000 licenci\u00e9s dans &#8230; <a title=\"\u00c9quipe de France de boxe : palmar\u00e8s et actualit\u00e9s\" class=\"read-more\" href=\"https:\/\/boxeur-pro.fr\/es\/blog\/equipe-france-boxe-palmares-actualites\/\" aria-label=\"Leer m\u00e1s sobre \u00c9quipe de France de boxe : palmar\u00e8s et actualit\u00e9s\">Leer m\u00e1s<\/a><\/p>","protected":false},"author":2,"featured_media":4472,"comment_status":"open","ping_status":"","sticky":false,"template":"","format":"standard","meta":{"footnotes":""},"categories":[7],"tags":[],"class_list":["post-4475","post","type-post","status-publish","format-standard","has-post-thumbnail","hentry","category-boxe"],"yoast_head":"<!-- This site is optimized with the Yoast SEO plugin v27.5 - https:\/\/yoast.com\/product\/yoast-seo-wordpress\/ -->\n<title>\u00c9quipe de France de boxe : palmar\u00e8s et actualit\u00e9s - Boxeur PRO<\/title>\n<meta name=\"robots\" content=\"index, follow, max-snippet:-1, max-image-preview:large, max-video-preview:-1\" \/>\n<link rel=\"canonical\" href=\"https:\/\/boxeur-pro.fr\/es\/blog\/equipe-france-boxe-palmares-actualites\/\" \/>\n<meta property=\"og:locale\" content=\"es_ES\" \/>\n<meta property=\"og:type\" content=\"article\" \/>\n<meta property=\"og:title\" content=\"\u00c9quipe de France de boxe : palmar\u00e8s et actualit\u00e9s - Boxeur PRO\" \/>\n<meta property=\"og:description\" content=\"L&rsquo;article en bref La boxe fran\u00e7aise aux Jeux olympiques : une tradition d&rsquo;excellence depuis 1920. Palmar\u00e8s impressionnant : 6 m\u00e9dailles \u00e0 Rio 2016, dont 2 or, confirmant la France parmi les grandes nations de la boxe olympique. F\u00e9d\u00e9ration centenaire : Fond\u00e9e en 1903, la FFB regroupe 59 000 licenci\u00e9s dans ... Leer m\u00e1s\" \/>\n<meta property=\"og:url\" content=\"https:\/\/boxeur-pro.fr\/es\/blog\/equipe-france-boxe-palmares-actualites\/\" \/>\n<meta property=\"og:site_name\" content=\"Boxeur PRO\" \/>\n<meta property=\"article:published_time\" content=\"2026-04-05T16:42:00+00:00\" \/>\n<meta name=\"author\" content=\"Maxime\" \/>\n<meta name=\"twitter:card\" content=\"summary_large_image\" \/>\n<meta name=\"twitter:label1\" content=\"Escrito por\" \/>\n\t<meta name=\"twitter:data1\" content=\"Maxime\" \/>\n\t<meta name=\"twitter:label2\" content=\"Tiempo de lectura\" \/>\n\t<meta name=\"twitter:data2\" content=\"5 minutos\" \/>\n<script type=\"application\/ld+json\" class=\"yoast-schema-graph\">{\"@context\":\"https:\\\/\\\/schema.org\",\"@graph\":[{\"@type\":\"Article\",\"@id\":\"https:\\\/\\\/boxeur-pro.fr\\\/es\\\/blog\\\/equipe-france-boxe-palmares-actualites\\\/#article\",\"isPartOf\":{\"@id\":\"https:\\\/\\\/boxeur-pro.fr\\\/es\\\/blog\\\/equipe-france-boxe-palmares-actualites\\\/\"},\"author\":{\"name\":\"Maxime\",\"@id\":\"https:\\\/\\\/boxeur-pro.fr\\\/es\\\/#\\\/schema\\\/person\\\/086d0ef78c9fe53d995cf72b71821937\"},\"headline\":\"\u00c9quipe de France de boxe : palmar\u00e8s et actualit\u00e9s\",\"datePublished\":\"2026-04-05T16:42:00+00:00\",\"mainEntityOfPage\":{\"@id\":\"https:\\\/\\\/boxeur-pro.fr\\\/es\\\/blog\\\/equipe-france-boxe-palmares-actualites\\\/\"},\"wordCount\":986,\"commentCount\":0,\"publisher\":{\"@id\":\"https:\\\/\\\/boxeur-pro.fr\\\/es\\\/#organization\"},\"image\":{\"@id\":\"https:\\\/\\\/boxeur-pro.fr\\\/es\\\/blog\\\/equipe-france-boxe-palmares-actualites\\\/#primaryimage\"},\"thumbnailUrl\":\"https:\\\/\\\/boxeur-pro.fr\\\/wp-content\\\/uploads\\\/2026\\\/04\\\/champion_de_boxe_francais_victorieux_5628.webp\",\"articleSection\":[\"Boxe\"],\"inLanguage\":\"es\",\"potentialAction\":[{\"@type\":\"CommentAction\",\"name\":\"Comment\",\"target\":[\"https:\\\/\\\/boxeur-pro.fr\\\/es\\\/blog\\\/equipe-france-boxe-palmares-actualites\\\/#respond\"]}]},{\"@type\":\"WebPage\",\"@id\":\"https:\\\/\\\/boxeur-pro.fr\\\/es\\\/blog\\\/equipe-france-boxe-palmares-actualites\\\/\",\"url\":\"https:\\\/\\\/boxeur-pro.fr\\\/es\\\/blog\\\/equipe-france-boxe-palmares-actualites\\\/\",\"name\":\"\u00c9quipe de France de boxe : palmar\u00e8s et actualit\u00e9s - Boxeur PRO\",\"isPartOf\":{\"@id\":\"https:\\\/\\\/boxeur-pro.fr\\\/es\\\/#website\"},\"primaryImageOfPage\":{\"@id\":\"https:\\\/\\\/boxeur-pro.fr\\\/es\\\/blog\\\/equipe-france-boxe-palmares-actualites\\\/#primaryimage\"},\"image\":{\"@id\":\"https:\\\/\\\/boxeur-pro.fr\\\/es\\\/blog\\\/equipe-france-boxe-palmares-actualites\\\/#primaryimage\"},\"thumbnailUrl\":\"https:\\\/\\\/boxeur-pro.fr\\\/wp-content\\\/uploads\\\/2026\\\/04\\\/champion_de_boxe_francais_victorieux_5628.webp\",\"datePublished\":\"2026-04-05T16:42:00+00:00\",\"breadcrumb\":{\"@id\":\"https:\\\/\\\/boxeur-pro.fr\\\/es\\\/blog\\\/equipe-france-boxe-palmares-actualites\\\/#breadcrumb\"},\"inLanguage\":\"es\",\"potentialAction\":[{\"@type\":\"ReadAction\",\"target\":[\"https:\\\/\\\/boxeur-pro.fr\\\/es\\\/blog\\\/equipe-france-boxe-palmares-actualites\\\/\"]}]},{\"@type\":\"ImageObject\",\"inLanguage\":\"es\",\"@id\":\"https:\\\/\\\/boxeur-pro.fr\\\/es\\\/blog\\\/equipe-france-boxe-palmares-actualites\\\/#primaryimage\",\"url\":\"https:\\\/\\\/boxeur-pro.fr\\\/wp-content\\\/uploads\\\/2026\\\/04\\\/champion_de_boxe_francais_victorieux_5628.webp\",\"contentUrl\":\"https:\\\/\\\/boxeur-pro.fr\\\/wp-content\\\/uploads\\\/2026\\\/04\\\/champion_de_boxe_francais_victorieux_5628.webp\",\"width\":1376,\"height\":768,\"caption\":\"Boxeur fran\u00e7ais c\u00e9l\u00e8bre sa victoire sur le ring\"},{\"@type\":\"BreadcrumbList\",\"@id\":\"https:\\\/\\\/boxeur-pro.fr\\\/es\\\/blog\\\/equipe-france-boxe-palmares-actualites\\\/#breadcrumb\",\"itemListElement\":[{\"@type\":\"ListItem\",\"position\":1,\"name\":\"Accueil\",\"item\":\"https:\\\/\\\/boxeur-pro.fr\\\/\"},{\"@type\":\"ListItem\",\"position\":2,\"name\":\"\u00c9quipe de France de boxe : palmar\u00e8s et actualit\u00e9s\"}]},{\"@type\":\"WebSite\",\"@id\":\"https:\\\/\\\/boxeur-pro.fr\\\/es\\\/#website\",\"url\":\"https:\\\/\\\/boxeur-pro.fr\\\/es\\\/\",\"name\":\"Boxeur PRO\",\"description\":\"\",\"publisher\":{\"@id\":\"https:\\\/\\\/boxeur-pro.fr\\\/es\\\/#organization\"},\"potentialAction\":[{\"@type\":\"SearchAction\",\"target\":{\"@type\":\"EntryPoint\",\"urlTemplate\":\"https:\\\/\\\/boxeur-pro.fr\\\/es\\\/?s={search_term_string}\"},\"query-input\":{\"@type\":\"PropertyValueSpecification\",\"valueRequired\":true,\"valueName\":\"search_term_string\"}}],\"inLanguage\":\"es\"},{\"@type\":\"Organization\",\"@id\":\"https:\\\/\\\/boxeur-pro.fr\\\/es\\\/#organization\",\"name\":\"Boxeur PRO\",\"url\":\"https:\\\/\\\/boxeur-pro.fr\\\/es\\\/\",\"logo\":{\"@type\":\"ImageObject\",\"inLanguage\":\"es\",\"@id\":\"https:\\\/\\\/boxeur-pro.fr\\\/es\\\/#\\\/schema\\\/logo\\\/image\\\/\",\"url\":\"https:\\\/\\\/boxeur-pro.fr\\\/wp-content\\\/uploads\\\/2024\\\/01\\\/LogoBoxeurProTransparent-1.png\",\"contentUrl\":\"https:\\\/\\\/boxeur-pro.fr\\\/wp-content\\\/uploads\\\/2024\\\/01\\\/LogoBoxeurProTransparent-1.png\",\"width\":709,\"height\":800,\"caption\":\"Boxeur PRO\"},\"image\":{\"@id\":\"https:\\\/\\\/boxeur-pro.fr\\\/es\\\/#\\\/schema\\\/logo\\\/image\\\/\"}},{\"@type\":\"Person\",\"@id\":\"https:\\\/\\\/boxeur-pro.fr\\\/es\\\/#\\\/schema\\\/person\\\/086d0ef78c9fe53d995cf72b71821937\",\"name\":\"Maxime\",\"image\":{\"@type\":\"ImageObject\",\"inLanguage\":\"es\",\"@id\":\"https:\\\/\\\/secure.gravatar.com\\\/avatar\\\/ce38768ebaf5d044c623efd7ff10a6ad2e1bf4f59b1039f5295b8e35e82bb447?s=96&d=mm&r=g\",\"url\":\"https:\\\/\\\/secure.gravatar.com\\\/avatar\\\/ce38768ebaf5d044c623efd7ff10a6ad2e1bf4f59b1039f5295b8e35e82bb447?s=96&d=mm&r=g\",\"contentUrl\":\"https:\\\/\\\/secure.gravatar.com\\\/avatar\\\/ce38768ebaf5d044c623efd7ff10a6ad2e1bf4f59b1039f5295b8e35e82bb447?s=96&d=mm&r=g\",\"caption\":\"Maxime\"},\"url\":\"https:\\\/\\\/boxeur-pro.fr\\\/es\\\/author\\\/maxime\\\/\"}]}<\/script>\n<!-- \/ Yoast SEO plugin. -->","yoast_head_json":{"title":"\u00c9quipe de France de boxe : palmar\u00e8s et actualit\u00e9s - Boxeur PRO","robots":{"index":"index","follow":"follow","max-snippet":"max-snippet:-1","max-image-preview":"max-image-preview:large","max-video-preview":"max-video-preview:-1"},"canonical":"https:\/\/boxeur-pro.fr\/es\/blog\/equipe-france-boxe-palmares-actualites\/","og_locale":"es_ES","og_type":"article","og_title":"\u00c9quipe de France de boxe : palmar\u00e8s et actualit\u00e9s - Boxeur PRO","og_description":"L&rsquo;article en bref La boxe fran\u00e7aise aux Jeux olympiques : une tradition d&rsquo;excellence depuis 1920. Palmar\u00e8s impressionnant : 6 m\u00e9dailles \u00e0 Rio 2016, dont 2 or, confirmant la France parmi les grandes nations de la boxe olympique. F\u00e9d\u00e9ration centenaire : Fond\u00e9e en 1903, la FFB regroupe 59 000 licenci\u00e9s dans ... Leer m\u00e1s","og_url":"https:\/\/boxeur-pro.fr\/es\/blog\/equipe-france-boxe-palmares-actualites\/","og_site_name":"Boxeur PRO","article_published_time":"2026-04-05T16:42:00+00:00","author":"Maxime","twitter_card":"summary_large_image","twitter_misc":{"Escrito por":"Maxime","Tiempo de lectura":"5 minutos"},"schema":{"@context":"https:\/\/schema.org","@graph":[{"@type":"Article","@id":"https:\/\/boxeur-pro.fr\/es\/blog\/equipe-france-boxe-palmares-actualites\/#article","isPartOf":{"@id":"https:\/\/boxeur-pro.fr\/es\/blog\/equipe-france-boxe-palmares-actualites\/"},"author":{"name":"Maxime","@id":"https:\/\/boxeur-pro.fr\/es\/#\/schema\/person\/086d0ef78c9fe53d995cf72b71821937"},"headline":"\u00c9quipe de France de boxe : palmar\u00e8s et actualit\u00e9s","datePublished":"2026-04-05T16:42:00+00:00","mainEntityOfPage":{"@id":"https:\/\/boxeur-pro.fr\/es\/blog\/equipe-france-boxe-palmares-actualites\/"},"wordCount":986,"commentCount":0,"publisher":{"@id":"https:\/\/boxeur-pro.fr\/es\/#organization"},"image":{"@id":"https:\/\/boxeur-pro.fr\/es\/blog\/equipe-france-boxe-palmares-actualites\/#primaryimage"},"thumbnailUrl":"https:\/\/boxeur-pro.fr\/wp-content\/uploads\/2026\/04\/champion_de_boxe_francais_victorieux_5628.webp","articleSection":["Boxe"],"inLanguage":"es","potentialAction":[{"@type":"CommentAction","name":"Comment","target":["https:\/\/boxeur-pro.fr\/es\/blog\/equipe-france-boxe-palmares-actualites\/#respond"]}]},{"@type":"WebPage","@id":"https:\/\/boxeur-pro.fr\/es\/blog\/equipe-france-boxe-palmares-actualites\/","url":"https:\/\/boxeur-pro.fr\/es\/blog\/equipe-france-boxe-palmares-actualites\/","name":"\u00c9quipe de France de boxe : palmar\u00e8s et actualit\u00e9s - Boxeur PRO","isPartOf":{"@id":"https:\/\/boxeur-pro.fr\/es\/#website"},"primaryImageOfPage":{"@id":"https:\/\/boxeur-pro.fr\/es\/blog\/equipe-france-boxe-palmares-actualites\/#primaryimage"},"image":{"@id":"https:\/\/boxeur-pro.fr\/es\/blog\/equipe-france-boxe-palmares-actualites\/#primaryimage"},"thumbnailUrl":"https:\/\/boxeur-pro.fr\/wp-content\/uploads\/2026\/04\/champion_de_boxe_francais_victorieux_5628.webp","datePublished":"2026-04-05T16:42:00+00:00","breadcrumb":{"@id":"https:\/\/boxeur-pro.fr\/es\/blog\/equipe-france-boxe-palmares-actualites\/#breadcrumb"},"inLanguage":"es","potentialAction":[{"@type":"ReadAction","target":["https:\/\/boxeur-pro.fr\/es\/blog\/equipe-france-boxe-palmares-actualites\/"]}]},{"@type":"ImageObject","inLanguage":"es","@id":"https:\/\/boxeur-pro.fr\/es\/blog\/equipe-france-boxe-palmares-actualites\/#primaryimage","url":"https:\/\/boxeur-pro.fr\/wp-content\/uploads\/2026\/04\/champion_de_boxe_francais_victorieux_5628.webp","contentUrl":"https:\/\/boxeur-pro.fr\/wp-content\/uploads\/2026\/04\/champion_de_boxe_francais_victorieux_5628.webp","width":1376,"height":768,"caption":"Boxeur fran\u00e7ais c\u00e9l\u00e8bre sa victoire sur le ring"},{"@type":"BreadcrumbList","@id":"https:\/\/boxeur-pro.fr\/es\/blog\/equipe-france-boxe-palmares-actualites\/#breadcrumb","itemListElement":[{"@type":"ListItem","position":1,"name":"Accueil","item":"https:\/\/boxeur-pro.fr\/"},{"@type":"ListItem","position":2,"name":"\u00c9quipe de France de boxe : palmar\u00e8s et actualit\u00e9s"}]},{"@type":"WebSite","@id":"https:\/\/boxeur-pro.fr\/es\/#website","url":"https:\/\/boxeur-pro.fr\/es\/","name":"Boxeador PRO","description":"","publisher":{"@id":"https:\/\/boxeur-pro.fr\/es\/#organization"},"potentialAction":[{"@type":"SearchAction","target":{"@type":"EntryPoint","urlTemplate":"https:\/\/boxeur-pro.fr\/es\/?s={search_term_string}"},"query-input":{"@type":"PropertyValueSpecification","valueRequired":true,"valueName":"search_term_string"}}],"inLanguage":"es"},{"@type":"Organization","@id":"https:\/\/boxeur-pro.fr\/es\/#organization","name":"Boxeador PRO","url":"https:\/\/boxeur-pro.fr\/es\/","logo":{"@type":"ImageObject","inLanguage":"es","@id":"https:\/\/boxeur-pro.fr\/es\/#\/schema\/logo\/image\/","url":"https:\/\/boxeur-pro.fr\/wp-content\/uploads\/2024\/01\/LogoBoxeurProTransparent-1.png","contentUrl":"https:\/\/boxeur-pro.fr\/wp-content\/uploads\/2024\/01\/LogoBoxeurProTransparent-1.png","width":709,"height":800,"caption":"Boxeur PRO"},"image":{"@id":"https:\/\/boxeur-pro.fr\/es\/#\/schema\/logo\/image\/"}},{"@type":"Person","@id":"https:\/\/boxeur-pro.fr\/es\/#\/schema\/person\/086d0ef78c9fe53d995cf72b71821937","name":"Maxime","image":{"@type":"ImageObject","inLanguage":"es","@id":"https:\/\/secure.gravatar.com\/avatar\/ce38768ebaf5d044c623efd7ff10a6ad2e1bf4f59b1039f5295b8e35e82bb447?s=96&d=mm&r=g","url":"https:\/\/secure.gravatar.com\/avatar\/ce38768ebaf5d044c623efd7ff10a6ad2e1bf4f59b1039f5295b8e35e82bb447?s=96&d=mm&r=g","contentUrl":"https:\/\/secure.gravatar.com\/avatar\/ce38768ebaf5d044c623efd7ff10a6ad2e1bf4f59b1039f5295b8e35e82bb447?s=96&d=mm&r=g","caption":"Maxime"},"url":"https:\/\/boxeur-pro.fr\/es\/author\/maxime\/"}]}},"_links":{"self":[{"href":"https:\/\/boxeur-pro.fr\/es\/wp-json\/wp\/v2\/posts\/4475","targetHints":{"allow":["GET"]}}],"collection":[{"href":"https:\/\/boxeur-pro.fr\/es\/wp-json\/wp\/v2\/posts"}],"about":[{"href":"https:\/\/boxeur-pro.fr\/es\/wp-json\/wp\/v2\/types\/post"}],"author":[{"embeddable":true,"href":"https:\/\/boxeur-pro.fr\/es\/wp-json\/wp\/v2\/users\/2"}],"replies":[{"embeddable":true,"href":"https:\/\/boxeur-pro.fr\/es\/wp-json\/wp\/v2\/comments?post=4475"}],"version-history":[{"count":0,"href":"https:\/\/boxeur-pro.fr\/es\/wp-json\/wp\/v2\/posts\/4475\/revisions"}],"wp:featuredmedia":[{"embeddable":true,"href":"https:\/\/boxeur-pro.fr\/es\/wp-json\/wp\/v2\/media\/4472"}],"wp:attachment":[{"href":"https:\/\/boxeur-pro.fr\/es\/wp-json\/wp\/v2\/media?parent=4475"}],"wp:term":[{"taxonomy":"category","embeddable":true,"href":"https:\/\/boxeur-pro.fr\/es\/wp-json\/wp\/v2\/categories?post=4475"},{"taxonomy":"post_tag","embeddable":true,"href":"https:\/\/boxeur-pro.fr\/es\/wp-json\/wp\/v2\/tags?post=4475"}],"curies":[{"name":"wp","href":"https:\/\/api.w.org\/{rel}","templated":true}]}}