{"id":4522,"date":"2026-02-26T19:28:00","date_gmt":"2026-02-26T18:28:00","guid":{"rendered":"https:\/\/boxeur-pro.fr\/blog\/quarteron-boxe-definition-regles-sport\/"},"modified":"2026-02-26T19:28:00","modified_gmt":"2026-02-26T18:28:00","slug":"quarteron-boxe-definition-regles-sport","status":"publish","type":"post","link":"https:\/\/boxeur-pro.fr\/es\/blog\/quarteron-boxe-definition-regles-sport\/","title":{"rendered":"Quarteron boxe : d\u00e9finition et r\u00e8gles du sport"},"content":{"rendered":"<p><!-- summary-start --><\/p>\n<p><strong>Resumen del art\u00edculo<\/strong><\/p>\n<p><p><strong>Patrice Quarteron<\/strong>, n\u00e9 en 1979 \u00e0 Sevran, est une figure atypique du combat fran\u00e7ais surnomm\u00e9e <em>le R\u00f4nin sombre<\/em>.<\/p>\n<ul>\n<li><strong>Origines modestes<\/strong> : Issu de la Grande Borne \u00e0 Grigny, il d\u00e9bute la boxe \u00e0 14 ans par <em>n\u00e9cessit\u00e9 de survie<\/em>, non par passion<\/li>\n<li><strong>Ascension fulgurante<\/strong> : D\u00e8s 2004, il devient champion d&rsquo;Europe de boxe tha\u00eflandaise amateur, puis encha\u00eene <em>15 victoires cons\u00e9cutives entre 2006 et 2009<\/em><\/li>\n<li><strong>Impresionante historial<\/strong> : <em>Champion du monde de muay-tha\u00ef IKF<\/em>, champion d&rsquo;Europe WKN, vainqueur du Tha\u00ef Fight en 2012<\/li>\n<li><strong>Au-del\u00e0 des rings<\/strong> : Collaboration avec l&rsquo;INSERM sur la performance, apparitions cin\u00e9matographiques et <em>performance artistique au Palais de Tokyo<\/em><\/li>\n<\/ul>\n<p><!-- summary-end --><\/p>\n<p>Patrice Quarteron, n\u00e9 le <strong>20 mars 1979 \u00e0 Sevran<\/strong>, en Seine-Saint-Denis, est l&rsquo;une des figures les plus atypiques du combat fran\u00e7ais. Surnomm\u00e9 <em>le R\u00f4nin sombre<\/em>, ce colosse d&rsquo;environ 2 m\u00e8tres, aux origines guadeloup\u00e9ennes, a grandi dans la Grande Borne \u00e0 Grigny, une cit\u00e9 de l&rsquo;Essonne que beaucoup connaissent pour ses difficult\u00e9s sociales. C&rsquo;est pr\u00e9cis\u00e9ment l\u00e0 que la <strong>boxe Quarteron<\/strong> a pris racine : non pas par passion initiale, mais par n\u00e9cessit\u00e9 absolue.<\/p>\n<h2>Patrice Quarteron boxeur : un parcours forg\u00e9 dans l&rsquo;adversit\u00e9<\/h2>\n<h3>Des d\u00e9buts sous contrainte, une vocation r\u00e9v\u00e9l\u00e9e<\/h3>\n<p>\u00c0 14 ans, Quarteron commence la boxe pieds-poings pour une raison simple \u2014 se d\u00e9fendre contre les agressions qu&rsquo;il subit \u00e0 l&rsquo;\u00e9cole en raison de sa morphologie. Rien de romanesque l\u00e0-dedans. La survie d&rsquo;abord, la discipline ensuite. C&rsquo;est un sch\u00e9ma qu&rsquo;on retrouve chez beaucoup de champions issus de quartiers populaires, mais Quarteron a su transformer ce point de d\u00e9part difficile en trajectoire extraordinaire.<\/p>\n<p>En 2003, un grave accident de son p\u00e8re pr\u00e9cipite les choses. Il d\u00e9bute sa carri\u00e8re professionnelle d\u00e8s 2004, remportant d&#8217;embl\u00e9e le titre d&rsquo;<em>EMF\/WMF Champion d&rsquo;Europe de boxe tha\u00eflandaise amateur<\/em> dans la cat\u00e9gorie 91 kg. Une entr\u00e9e fracassante pour un gamin de la Grande Borne que personne n&rsquo;attendait sur le devant de la sc\u00e8ne internationale.<\/p>\n<p>Ses premi\u00e8res ann\u00e9es professionnelles sont chaotiques. Ses entra\u00eeneurs initiaux l&rsquo;envoient sur des rings pour lesquels il n&rsquo;est pas pr\u00e9par\u00e9. Sa premi\u00e8re d\u00e9faite face au champion de France pro de kick-boxing marque les esprits \u2014 et les murs de sa ville, sur lesquels des insultes apparaissent rapidement apr\u00e8s le combat. Quarteron tire la le\u00e7on et prend sa carri\u00e8re en main, cherchant lui-m\u00eame des entra\u00eeneurs de qualit\u00e9.<\/p>\n<h3>La rencontre d\u00e9cisive avec Alain Zankifo<\/h3>\n<p>Le tournant v\u00e9ritable arrive avec <strong>Alain Zankifo<\/strong>, ancien champion de <a href=\"https:\/\/boxeur-pro.fr\/es\/boxeo\/boxe-savate-francaise\/\">Savate boxeo franc\u00e9s<\/a> et de kick-boxing. Quarteron le d\u00e9crit sans ambigu\u00eft\u00e9 : <em>\u00ab Quand je suis arriv\u00e9 chez ma\u00eetre Zankifo, il m&rsquo;a cass\u00e9 les jambes, je me suis demand\u00e9 comment un mec pouvait arriver \u00e0 faire \u00e7a, depuis plus personne ne m&rsquo;a battu. \u00bb<\/em><\/p>\n<p>Cette rencontre ouvre une p\u00e9riode d&rsquo;invincibilit\u00e9 impressionnante. Entre le 16 d\u00e9cembre 2006 et le 18 avril 2009, Quarteron encha\u00eene <strong>15 victoires cons\u00e9cutives, dont 14 par K.O.<\/strong> Il fracture notamment le cr\u00e2ne du Polonais Marcin R\u00f3\u017calski en 2007, alors qu&rsquo;il \u00e9tait largement donn\u00e9 perdant. Il surclasse aussi Serguei Gur, Humberto Evora, et passe sur Eurosport dans un combat de full-contact contre Gr\u00e9gory Tony.<\/p>\n<h3>Un palmar\u00e8s international \u00e9loquent<\/h3>\n<p>Voici les principaux titres obtenus par Quarteron au fil de sa carri\u00e8re :<\/p>\n<ul>\n<li>2004 : Champion d&rsquo;Europe EMF\/WMF de boxe tha\u00eflandaise amateur (91 kg)<\/li>\n<li>2006 : Champion de France honneur de boxe fran\u00e7aise<\/li>\n<li>2007 : Champion d&rsquo;Europe de kick-boxing WKN et Champion du monde A1 World Combat Cup<\/li>\n<li>2008 : Champion du monde de muay-tha\u00ef poids-lourds IKF, en Jama\u00efque<\/li>\n<li>2009 : Nouveau titre Champion du monde A1 World Combat Cup<\/li>\n<li>2012 : Vainqueur du tournoi Tha\u00ef Fight King of Muay-tha\u00ef en Tha\u00eflande<\/li>\n<\/ul>\n<p>Son bilan total \u2014 <strong>43 combats, 36 victoires<\/strong> dont 16 KO et 15 TKO, 6 d\u00e9faites et 1 match nul. Des chiffres qui parlent d&rsquo;eux-m\u00eames.<\/p>\n<h2>Ses combats marquants et sa retraite sportive<\/h2>\n<h3>La p\u00e9riode de gloire et les grandes affiches<\/h3>\n<p>En 2015, Quarteron r\u00e9ussit un coup double : organiser lui-m\u00eame un \u00e9v\u00e9nement \u00e0 la Halle Carpentier et attirer <strong>5 000 spectateurs<\/strong>. Le combat contre le Bosniaque Dzevad Poturak dure exactement 20 secondes, termin\u00e9 sur une s\u00e9rie de coups de coudes d\u00e9vastateurs. Une d\u00e9monstration de puissance brute qui r\u00e9sume bien ce que le muay-tha\u00ef peut produire \u00e0 son niveau le plus redoutable.<\/p>\n<p>Le tableau ci-dessous r\u00e9sume quelques-uns de ses combats les plus significatifs :<\/p>\n<table>\n<thead>\n<tr>\n<th>Fecha<\/th>\n<th>Adversario<\/th>\n<th>Resultados<\/th>\n<th>Ubicaci\u00f3n<\/th>\n<\/tr>\n<\/thead>\n<tbody>\n<tr>\n<td>10 d\u00e9c. 2015<\/td>\n<td>Dzevad Poturak<\/td>\n<td>KO coups de coude (R1)<\/td>\n<td>Halle Carpentier, Paris<\/td>\n<\/tr>\n<tr>\n<td>6 juil. 2007<\/td>\n<td>Marcin R\u00f3\u017calski<\/td>\n<td>TKO (R3)<\/td>\n<td>Turquie, A-1 World Combat Cup<\/td>\n<\/tr>\n<tr>\n<td>24 nov. 2016<\/td>\n<td>Daniel Sam<\/td>\n<td>D\u00e9faite par d\u00e9cision (R3)<\/td>\n<td>Halle Carpentier, Paris<\/td>\n<\/tr>\n<tr>\n<td>14 d\u00e9c. 2017<\/td>\n<td>Sean Tolouee<\/td>\n<td>TKO arbitre (R2)<\/td>\n<td>AccorHotels Arena<\/td>\n<\/tr>\n<\/tbody>\n<\/table>\n<p>Le 16 juin 2007, depuis le Palais omnisports de Paris-Bercy, Quarteron lance un d\u00e9fi public, affirmant \u00eatre pr\u00eat \u00e0 affronter n&rsquo;importe qui, y compris Cheick Kongo ou J\u00e9r\u00f4me Le Banner. Une provocation assum\u00e9e, coh\u00e9rente avec son personnage. Pour ceux qui souhaitent comprendre comment se structurent les cat\u00e9gories dans ce milieu, la lecture sur le <a href=\"https:\/\/boxeur-pro.fr\/es\/blog\/boxeo-ingles-ligero-categoria-lighthouse-rings\/\">poids l\u00e9ger en boxe anglaise<\/a> offre un \u00e9clairage utile sur le syst\u00e8me de classes de poids.<\/p>\n<h3>La fin d&rsquo;une \u00e8re : d\u00e9faite et affaires extra-sportives<\/h3>\n<p>En 2016, apr\u00e8s <em>sept ans d&rsquo;invincibilit\u00e9<\/em>, Daniel Sam met fin \u00e0 la s\u00e9rie. Cette d\u00e9faite d\u00e9clenche une cascade d&rsquo;\u00e9v\u00e9nements m\u00e9diatiques. Le rappeur Booba, qui soutenait Sam, sort un titre \u00e0 son nom le <strong>26 d\u00e9cembre 2016<\/strong>. S&rsquo;ensuit un clash interminable sur les r\u00e9seaux sociaux, impliquant \u00e9galement Patricia Cerqueira Vinces. L&rsquo;affaire culmine en mars 2019 devant les studios Canal Factory, o\u00f9 Quarteron d\u00e9barque en d\u00e9panneuse, m\u00e9gaphone \u00e0 la main, pour interpeller Booba en direct. Une sc\u00e8ne surr\u00e9aliste.<\/p>\n<h3>Engagements publics et positions affirm\u00e9es<\/h3>\n<p>Quarteron ne cache pas ses convictions. Apr\u00e8s le lynchage de deux policiers \u00e0 Champigny-sur-Marne en janvier 2018, il publie une vid\u00e9o virulente. Face \u00e0 Laurent Joffrin, directeur de la r\u00e9daction de <em>Lib\u00e9ration<\/em>, sur le plateau de CNews, il d\u00e9clare sans d\u00e9tour : <em>\u00ab Vous n&rsquo;avez jamais v\u00e9cu dans une cit\u00e9. \u00bb<\/em> Joffrin reconna\u00eet publiquement ne pas \u00eatre l\u00e9gitime sur le sujet. Quarteron affirme que <strong>90 % des gens<\/strong> autour de lui approuvaient l&rsquo;attentat contre Charlie Hebdo. Des mots durs, mais assum\u00e9s.<\/p>\n<h2>Quarteron au-del\u00e0 des rings : art, science et cin\u00e9ma<\/h2>\n<h3>La recherche de la performance avec l&rsquo;INSERM<\/h3>\n<p>En 2012, Quarteron collabore avec V\u00e9ronique Billat, directrice de l&rsquo;unit\u00e9 de biologie int\u00e9grative des adaptations \u00e0 l&rsquo;exercice de l&rsquo;INSERM, \u00e0 l&rsquo;Universit\u00e9 d&rsquo;\u00c9vry-Val-d&rsquo;Essonne. L&rsquo;objectif : am\u00e9liorer les performances de <strong>20 % en vingt s\u00e9ances<\/strong>, \u00e0 raison de deux s\u00e9ances de 40 minutes par semaine au G\u00e9nopole d&rsquo;\u00c9vry. Le programme cible l&rsquo;explosivit\u00e9, l&rsquo;acc\u00e9l\u00e9ration et la consommation maximale d&rsquo;oxyg\u00e8ne. Franchement, peu de boxeurs de sa g\u00e9n\u00e9ration ont pouss\u00e9 aussi loin la d\u00e9marche scientifique.<\/p>\n<h3>Entre art contemporain et grand \u00e9cran<\/h3>\n<p>En 2016, au Palais de Tokyo, il r\u00e9alise une performance artistique avec Mathias Kiss, centr\u00e9e sur la boxe tha\u00efe et son combat personnel contre le communautarisme. Une d\u00e9marche coh\u00e9rente avec son discours \u2014 la boxe comme outil de coh\u00e9sion, pas d&rsquo;identit\u00e9 ferm\u00e9e.<\/p>\n<p>C\u00f4t\u00e9 cin\u00e9ma, Quarteron appara\u00eet dans plusieurs productions : <em>Les Ka\u00efra<\/em> de Franck Gastambide (2012), <em>Les Portes du soleil<\/em> de Jean-Marc Min\u00e9o (2015), <em>Pattaya<\/em> de Franck Gastambide (2016), <em>Le Bureau des l\u00e9gendes<\/em> d&rsquo;\u00c9ric Rochant (2017) et <em>Hyacinthe<\/em> de Bernard Mazauric (2024).<\/p>\n<h3>Passer pro : une voie exigeante<\/h3>\n<p>Au printemps 2019, Quarteron raccroche les gants et annonce sa retraite. Son parcours illustre mieux que n&rsquo;importe quel discours ce que repr\u00e9sente la boxe professionnelle de haut niveau. Pour quiconque envisage cette voie, comprendre <a href=\"https:\/\/boxeur-pro.fr\/es\/blog\/comment-passer-pro-boxe-france-guide-etape-etape\/\">comment passer pro en boxe en France<\/a> reste une \u00e9tape incontournable. La carri\u00e8re de Quarteron montre que le talent brut ne suffit pas : il faut des entra\u00eeneurs comp\u00e9tents, une gestion rigoureuse de sa carri\u00e8re et une capacit\u00e9 \u00e0 rebondir apr\u00e8s chaque d\u00e9faite.<\/p>\n<p>Sources \u2014 <a href=\"https:\/\/fr.wikipedia.org\/wiki\/Boxe\">boxeo wiki<\/a> \u2014 <a href=\"https:\/\/pflmma.com\/\">sitio de los combatientes<\/a><\/p>\n<div style='text-align:center;'><iframe width='560' height='315' src='https:\/\/www.youtube.com\/embed\/xMwJsB46iUs' frameborder='0' allow='accelerometer; autoplay; clipboard-write; encrypted-media; gyroscope; picture-in-picture' allowfullscreen><\/iframe><\/div>","protected":false},"excerpt":{"rendered":"<p>L&rsquo;article en bref Patrice Quarteron, n\u00e9 en 1979 \u00e0 Sevran, est une figure atypique du combat fran\u00e7ais surnomm\u00e9e le R\u00f4nin sombre. Origines modestes : Issu de la Grande Borne \u00e0 Grigny, il d\u00e9bute la boxe \u00e0 14 ans par n\u00e9cessit\u00e9 de survie, non par passion Ascension fulgurante : D\u00e8s 2004, &#8230; <a title=\"Quarteron boxe : d\u00e9finition et r\u00e8gles du sport\" class=\"read-more\" href=\"https:\/\/boxeur-pro.fr\/es\/blog\/quarteron-boxe-definition-regles-sport\/\" aria-label=\"Leer m\u00e1s sobre Quarteron boxe : d\u00e9finition et r\u00e8gles du sport\">Leer m\u00e1s<\/a><\/p>","protected":false},"author":2,"featured_media":4518,"comment_status":"open","ping_status":"","sticky":false,"template":"","format":"standard","meta":{"footnotes":""},"categories":[7],"tags":[],"class_list":["post-4522","post","type-post","status-publish","format-standard","has-post-thumbnail","hentry","category-boxe"],"yoast_head":"<!-- This site is optimized with the Yoast SEO plugin v27.5 - https:\/\/yoast.com\/product\/yoast-seo-wordpress\/ -->\n<title>Quarteron boxe : d\u00e9finition et r\u00e8gles du sport - Boxeur PRO<\/title>\n<meta name=\"robots\" content=\"index, follow, max-snippet:-1, max-image-preview:large, max-video-preview:-1\" \/>\n<link rel=\"canonical\" href=\"https:\/\/boxeur-pro.fr\/es\/blog\/quarteron-boxe-definition-regles-sport\/\" \/>\n<meta property=\"og:locale\" content=\"es_ES\" \/>\n<meta property=\"og:type\" content=\"article\" \/>\n<meta property=\"og:title\" content=\"Quarteron boxe : d\u00e9finition et r\u00e8gles du sport - Boxeur PRO\" \/>\n<meta property=\"og:description\" content=\"L&rsquo;article en bref Patrice Quarteron, n\u00e9 en 1979 \u00e0 Sevran, est une figure atypique du combat fran\u00e7ais surnomm\u00e9e le R\u00f4nin sombre. Origines modestes : Issu de la Grande Borne \u00e0 Grigny, il d\u00e9bute la boxe \u00e0 14 ans par n\u00e9cessit\u00e9 de survie, non par passion Ascension fulgurante : D\u00e8s 2004, ... Leer m\u00e1s\" \/>\n<meta property=\"og:url\" content=\"https:\/\/boxeur-pro.fr\/es\/blog\/quarteron-boxe-definition-regles-sport\/\" \/>\n<meta property=\"og:site_name\" content=\"Boxeur PRO\" \/>\n<meta property=\"article:published_time\" content=\"2026-02-26T18:28:00+00:00\" \/>\n<meta name=\"author\" content=\"Maxime\" \/>\n<meta name=\"twitter:card\" content=\"summary_large_image\" \/>\n<meta name=\"twitter:label1\" content=\"Escrito por\" \/>\n\t<meta name=\"twitter:data1\" content=\"Maxime\" \/>\n\t<meta name=\"twitter:label2\" content=\"Tiempo de lectura\" \/>\n\t<meta name=\"twitter:data2\" content=\"6 minutos\" \/>\n<script type=\"application\/ld+json\" class=\"yoast-schema-graph\">{\"@context\":\"https:\\\/\\\/schema.org\",\"@graph\":[{\"@type\":\"Article\",\"@id\":\"https:\\\/\\\/boxeur-pro.fr\\\/es\\\/blog\\\/quarteron-boxe-definition-regles-sport\\\/#article\",\"isPartOf\":{\"@id\":\"https:\\\/\\\/boxeur-pro.fr\\\/es\\\/blog\\\/quarteron-boxe-definition-regles-sport\\\/\"},\"author\":{\"name\":\"Maxime\",\"@id\":\"https:\\\/\\\/boxeur-pro.fr\\\/es\\\/#\\\/schema\\\/person\\\/086d0ef78c9fe53d995cf72b71821937\"},\"headline\":\"Quarteron boxe : d\u00e9finition et r\u00e8gles du sport\",\"datePublished\":\"2026-02-26T18:28:00+00:00\",\"mainEntityOfPage\":{\"@id\":\"https:\\\/\\\/boxeur-pro.fr\\\/es\\\/blog\\\/quarteron-boxe-definition-regles-sport\\\/\"},\"wordCount\":1348,\"commentCount\":0,\"publisher\":{\"@id\":\"https:\\\/\\\/boxeur-pro.fr\\\/es\\\/#organization\"},\"image\":{\"@id\":\"https:\\\/\\\/boxeur-pro.fr\\\/es\\\/blog\\\/quarteron-boxe-definition-regles-sport\\\/#primaryimage\"},\"thumbnailUrl\":\"https:\\\/\\\/boxeur-pro.fr\\\/wp-content\\\/uploads\\\/2026\\\/04\\\/boxeur_en_position_de_combat_3056.webp\",\"articleSection\":[\"Boxe\"],\"inLanguage\":\"es\",\"potentialAction\":[{\"@type\":\"CommentAction\",\"name\":\"Comment\",\"target\":[\"https:\\\/\\\/boxeur-pro.fr\\\/es\\\/blog\\\/quarteron-boxe-definition-regles-sport\\\/#respond\"]}]},{\"@type\":\"WebPage\",\"@id\":\"https:\\\/\\\/boxeur-pro.fr\\\/es\\\/blog\\\/quarteron-boxe-definition-regles-sport\\\/\",\"url\":\"https:\\\/\\\/boxeur-pro.fr\\\/es\\\/blog\\\/quarteron-boxe-definition-regles-sport\\\/\",\"name\":\"Quarteron boxe : d\u00e9finition et r\u00e8gles du sport - Boxeur PRO\",\"isPartOf\":{\"@id\":\"https:\\\/\\\/boxeur-pro.fr\\\/es\\\/#website\"},\"primaryImageOfPage\":{\"@id\":\"https:\\\/\\\/boxeur-pro.fr\\\/es\\\/blog\\\/quarteron-boxe-definition-regles-sport\\\/#primaryimage\"},\"image\":{\"@id\":\"https:\\\/\\\/boxeur-pro.fr\\\/es\\\/blog\\\/quarteron-boxe-definition-regles-sport\\\/#primaryimage\"},\"thumbnailUrl\":\"https:\\\/\\\/boxeur-pro.fr\\\/wp-content\\\/uploads\\\/2026\\\/04\\\/boxeur_en_position_de_combat_3056.webp\",\"datePublished\":\"2026-02-26T18:28:00+00:00\",\"breadcrumb\":{\"@id\":\"https:\\\/\\\/boxeur-pro.fr\\\/es\\\/blog\\\/quarteron-boxe-definition-regles-sport\\\/#breadcrumb\"},\"inLanguage\":\"es\",\"potentialAction\":[{\"@type\":\"ReadAction\",\"target\":[\"https:\\\/\\\/boxeur-pro.fr\\\/es\\\/blog\\\/quarteron-boxe-definition-regles-sport\\\/\"]}]},{\"@type\":\"ImageObject\",\"inLanguage\":\"es\",\"@id\":\"https:\\\/\\\/boxeur-pro.fr\\\/es\\\/blog\\\/quarteron-boxe-definition-regles-sport\\\/#primaryimage\",\"url\":\"https:\\\/\\\/boxeur-pro.fr\\\/wp-content\\\/uploads\\\/2026\\\/04\\\/boxeur_en_position_de_combat_3056.webp\",\"contentUrl\":\"https:\\\/\\\/boxeur-pro.fr\\\/wp-content\\\/uploads\\\/2026\\\/04\\\/boxeur_en_position_de_combat_3056.webp\",\"width\":1376,\"height\":768,\"caption\":\"Athl\u00e8te muscl\u00e9 en gants de boxe rouges, ring en arri\u00e8re-plan\"},{\"@type\":\"BreadcrumbList\",\"@id\":\"https:\\\/\\\/boxeur-pro.fr\\\/es\\\/blog\\\/quarteron-boxe-definition-regles-sport\\\/#breadcrumb\",\"itemListElement\":[{\"@type\":\"ListItem\",\"position\":1,\"name\":\"Accueil\",\"item\":\"https:\\\/\\\/boxeur-pro.fr\\\/\"},{\"@type\":\"ListItem\",\"position\":2,\"name\":\"Quarteron boxe : d\u00e9finition et r\u00e8gles du sport\"}]},{\"@type\":\"WebSite\",\"@id\":\"https:\\\/\\\/boxeur-pro.fr\\\/es\\\/#website\",\"url\":\"https:\\\/\\\/boxeur-pro.fr\\\/es\\\/\",\"name\":\"Boxeur PRO\",\"description\":\"\",\"publisher\":{\"@id\":\"https:\\\/\\\/boxeur-pro.fr\\\/es\\\/#organization\"},\"potentialAction\":[{\"@type\":\"SearchAction\",\"target\":{\"@type\":\"EntryPoint\",\"urlTemplate\":\"https:\\\/\\\/boxeur-pro.fr\\\/es\\\/?s={search_term_string}\"},\"query-input\":{\"@type\":\"PropertyValueSpecification\",\"valueRequired\":true,\"valueName\":\"search_term_string\"}}],\"inLanguage\":\"es\"},{\"@type\":\"Organization\",\"@id\":\"https:\\\/\\\/boxeur-pro.fr\\\/es\\\/#organization\",\"name\":\"Boxeur PRO\",\"url\":\"https:\\\/\\\/boxeur-pro.fr\\\/es\\\/\",\"logo\":{\"@type\":\"ImageObject\",\"inLanguage\":\"es\",\"@id\":\"https:\\\/\\\/boxeur-pro.fr\\\/es\\\/#\\\/schema\\\/logo\\\/image\\\/\",\"url\":\"https:\\\/\\\/boxeur-pro.fr\\\/wp-content\\\/uploads\\\/2024\\\/01\\\/LogoBoxeurProTransparent-1.png\",\"contentUrl\":\"https:\\\/\\\/boxeur-pro.fr\\\/wp-content\\\/uploads\\\/2024\\\/01\\\/LogoBoxeurProTransparent-1.png\",\"width\":709,\"height\":800,\"caption\":\"Boxeur PRO\"},\"image\":{\"@id\":\"https:\\\/\\\/boxeur-pro.fr\\\/es\\\/#\\\/schema\\\/logo\\\/image\\\/\"}},{\"@type\":\"Person\",\"@id\":\"https:\\\/\\\/boxeur-pro.fr\\\/es\\\/#\\\/schema\\\/person\\\/086d0ef78c9fe53d995cf72b71821937\",\"name\":\"Maxime\",\"image\":{\"@type\":\"ImageObject\",\"inLanguage\":\"es\",\"@id\":\"https:\\\/\\\/secure.gravatar.com\\\/avatar\\\/ce38768ebaf5d044c623efd7ff10a6ad2e1bf4f59b1039f5295b8e35e82bb447?s=96&d=mm&r=g\",\"url\":\"https:\\\/\\\/secure.gravatar.com\\\/avatar\\\/ce38768ebaf5d044c623efd7ff10a6ad2e1bf4f59b1039f5295b8e35e82bb447?s=96&d=mm&r=g\",\"contentUrl\":\"https:\\\/\\\/secure.gravatar.com\\\/avatar\\\/ce38768ebaf5d044c623efd7ff10a6ad2e1bf4f59b1039f5295b8e35e82bb447?s=96&d=mm&r=g\",\"caption\":\"Maxime\"},\"url\":\"https:\\\/\\\/boxeur-pro.fr\\\/es\\\/author\\\/maxime\\\/\"}]}<\/script>\n<!-- \/ Yoast SEO plugin. -->","yoast_head_json":{"title":"Quarteron boxe : d\u00e9finition et r\u00e8gles du sport - Boxeur PRO","robots":{"index":"index","follow":"follow","max-snippet":"max-snippet:-1","max-image-preview":"max-image-preview:large","max-video-preview":"max-video-preview:-1"},"canonical":"https:\/\/boxeur-pro.fr\/es\/blog\/quarteron-boxe-definition-regles-sport\/","og_locale":"es_ES","og_type":"article","og_title":"Quarteron boxe : d\u00e9finition et r\u00e8gles du sport - Boxeur PRO","og_description":"L&rsquo;article en bref Patrice Quarteron, n\u00e9 en 1979 \u00e0 Sevran, est une figure atypique du combat fran\u00e7ais surnomm\u00e9e le R\u00f4nin sombre. Origines modestes : Issu de la Grande Borne \u00e0 Grigny, il d\u00e9bute la boxe \u00e0 14 ans par n\u00e9cessit\u00e9 de survie, non par passion Ascension fulgurante : D\u00e8s 2004, ... Leer m\u00e1s","og_url":"https:\/\/boxeur-pro.fr\/es\/blog\/quarteron-boxe-definition-regles-sport\/","og_site_name":"Boxeur PRO","article_published_time":"2026-02-26T18:28:00+00:00","author":"Maxime","twitter_card":"summary_large_image","twitter_misc":{"Escrito por":"Maxime","Tiempo de lectura":"6 minutos"},"schema":{"@context":"https:\/\/schema.org","@graph":[{"@type":"Article","@id":"https:\/\/boxeur-pro.fr\/es\/blog\/quarteron-boxe-definition-regles-sport\/#article","isPartOf":{"@id":"https:\/\/boxeur-pro.fr\/es\/blog\/quarteron-boxe-definition-regles-sport\/"},"author":{"name":"Maxime","@id":"https:\/\/boxeur-pro.fr\/es\/#\/schema\/person\/086d0ef78c9fe53d995cf72b71821937"},"headline":"Quarteron boxe : d\u00e9finition et r\u00e8gles du sport","datePublished":"2026-02-26T18:28:00+00:00","mainEntityOfPage":{"@id":"https:\/\/boxeur-pro.fr\/es\/blog\/quarteron-boxe-definition-regles-sport\/"},"wordCount":1348,"commentCount":0,"publisher":{"@id":"https:\/\/boxeur-pro.fr\/es\/#organization"},"image":{"@id":"https:\/\/boxeur-pro.fr\/es\/blog\/quarteron-boxe-definition-regles-sport\/#primaryimage"},"thumbnailUrl":"https:\/\/boxeur-pro.fr\/wp-content\/uploads\/2026\/04\/boxeur_en_position_de_combat_3056.webp","articleSection":["Boxe"],"inLanguage":"es","potentialAction":[{"@type":"CommentAction","name":"Comment","target":["https:\/\/boxeur-pro.fr\/es\/blog\/quarteron-boxe-definition-regles-sport\/#respond"]}]},{"@type":"WebPage","@id":"https:\/\/boxeur-pro.fr\/es\/blog\/quarteron-boxe-definition-regles-sport\/","url":"https:\/\/boxeur-pro.fr\/es\/blog\/quarteron-boxe-definition-regles-sport\/","name":"Quarteron boxe : d\u00e9finition et r\u00e8gles du sport - Boxeur PRO","isPartOf":{"@id":"https:\/\/boxeur-pro.fr\/es\/#website"},"primaryImageOfPage":{"@id":"https:\/\/boxeur-pro.fr\/es\/blog\/quarteron-boxe-definition-regles-sport\/#primaryimage"},"image":{"@id":"https:\/\/boxeur-pro.fr\/es\/blog\/quarteron-boxe-definition-regles-sport\/#primaryimage"},"thumbnailUrl":"https:\/\/boxeur-pro.fr\/wp-content\/uploads\/2026\/04\/boxeur_en_position_de_combat_3056.webp","datePublished":"2026-02-26T18:28:00+00:00","breadcrumb":{"@id":"https:\/\/boxeur-pro.fr\/es\/blog\/quarteron-boxe-definition-regles-sport\/#breadcrumb"},"inLanguage":"es","potentialAction":[{"@type":"ReadAction","target":["https:\/\/boxeur-pro.fr\/es\/blog\/quarteron-boxe-definition-regles-sport\/"]}]},{"@type":"ImageObject","inLanguage":"es","@id":"https:\/\/boxeur-pro.fr\/es\/blog\/quarteron-boxe-definition-regles-sport\/#primaryimage","url":"https:\/\/boxeur-pro.fr\/wp-content\/uploads\/2026\/04\/boxeur_en_position_de_combat_3056.webp","contentUrl":"https:\/\/boxeur-pro.fr\/wp-content\/uploads\/2026\/04\/boxeur_en_position_de_combat_3056.webp","width":1376,"height":768,"caption":"Athl\u00e8te muscl\u00e9 en gants de boxe rouges, ring en arri\u00e8re-plan"},{"@type":"BreadcrumbList","@id":"https:\/\/boxeur-pro.fr\/es\/blog\/quarteron-boxe-definition-regles-sport\/#breadcrumb","itemListElement":[{"@type":"ListItem","position":1,"name":"Accueil","item":"https:\/\/boxeur-pro.fr\/"},{"@type":"ListItem","position":2,"name":"Quarteron boxe : d\u00e9finition et r\u00e8gles du sport"}]},{"@type":"WebSite","@id":"https:\/\/boxeur-pro.fr\/es\/#website","url":"https:\/\/boxeur-pro.fr\/es\/","name":"Boxeador PRO","description":"","publisher":{"@id":"https:\/\/boxeur-pro.fr\/es\/#organization"},"potentialAction":[{"@type":"SearchAction","target":{"@type":"EntryPoint","urlTemplate":"https:\/\/boxeur-pro.fr\/es\/?s={search_term_string}"},"query-input":{"@type":"PropertyValueSpecification","valueRequired":true,"valueName":"search_term_string"}}],"inLanguage":"es"},{"@type":"Organization","@id":"https:\/\/boxeur-pro.fr\/es\/#organization","name":"Boxeador PRO","url":"https:\/\/boxeur-pro.fr\/es\/","logo":{"@type":"ImageObject","inLanguage":"es","@id":"https:\/\/boxeur-pro.fr\/es\/#\/schema\/logo\/image\/","url":"https:\/\/boxeur-pro.fr\/wp-content\/uploads\/2024\/01\/LogoBoxeurProTransparent-1.png","contentUrl":"https:\/\/boxeur-pro.fr\/wp-content\/uploads\/2024\/01\/LogoBoxeurProTransparent-1.png","width":709,"height":800,"caption":"Boxeur PRO"},"image":{"@id":"https:\/\/boxeur-pro.fr\/es\/#\/schema\/logo\/image\/"}},{"@type":"Person","@id":"https:\/\/boxeur-pro.fr\/es\/#\/schema\/person\/086d0ef78c9fe53d995cf72b71821937","name":"Maxime","image":{"@type":"ImageObject","inLanguage":"es","@id":"https:\/\/secure.gravatar.com\/avatar\/ce38768ebaf5d044c623efd7ff10a6ad2e1bf4f59b1039f5295b8e35e82bb447?s=96&d=mm&r=g","url":"https:\/\/secure.gravatar.com\/avatar\/ce38768ebaf5d044c623efd7ff10a6ad2e1bf4f59b1039f5295b8e35e82bb447?s=96&d=mm&r=g","contentUrl":"https:\/\/secure.gravatar.com\/avatar\/ce38768ebaf5d044c623efd7ff10a6ad2e1bf4f59b1039f5295b8e35e82bb447?s=96&d=mm&r=g","caption":"Maxime"},"url":"https:\/\/boxeur-pro.fr\/es\/author\/maxime\/"}]}},"_links":{"self":[{"href":"https:\/\/boxeur-pro.fr\/es\/wp-json\/wp\/v2\/posts\/4522","targetHints":{"allow":["GET"]}}],"collection":[{"href":"https:\/\/boxeur-pro.fr\/es\/wp-json\/wp\/v2\/posts"}],"about":[{"href":"https:\/\/boxeur-pro.fr\/es\/wp-json\/wp\/v2\/types\/post"}],"author":[{"embeddable":true,"href":"https:\/\/boxeur-pro.fr\/es\/wp-json\/wp\/v2\/users\/2"}],"replies":[{"embeddable":true,"href":"https:\/\/boxeur-pro.fr\/es\/wp-json\/wp\/v2\/comments?post=4522"}],"version-history":[{"count":0,"href":"https:\/\/boxeur-pro.fr\/es\/wp-json\/wp\/v2\/posts\/4522\/revisions"}],"wp:featuredmedia":[{"embeddable":true,"href":"https:\/\/boxeur-pro.fr\/es\/wp-json\/wp\/v2\/media\/4518"}],"wp:attachment":[{"href":"https:\/\/boxeur-pro.fr\/es\/wp-json\/wp\/v2\/media?parent=4522"}],"wp:term":[{"taxonomy":"category","embeddable":true,"href":"https:\/\/boxeur-pro.fr\/es\/wp-json\/wp\/v2\/categories?post=4522"},{"taxonomy":"post_tag","embeddable":true,"href":"https:\/\/boxeur-pro.fr\/es\/wp-json\/wp\/v2\/tags?post=4522"}],"curies":[{"name":"wp","href":"https:\/\/api.w.org\/{rel}","templated":true}]}}