{"id":4554,"date":"2026-04-10T18:47:00","date_gmt":"2026-04-10T16:47:00","guid":{"rendered":"https:\/\/boxeur-pro.fr\/blog\/a-quel-age-mohamed-ali-a-commence-boxe-reponse\/"},"modified":"2026-04-10T18:47:00","modified_gmt":"2026-04-10T16:47:00","slug":"a-quel-age-mohamed-ali-a-commence-boxe-reponse","status":"publish","type":"post","link":"https:\/\/boxeur-pro.fr\/es\/blog\/a-quel-age-mohamed-ali-a-commence-boxe-reponse\/","title":{"rendered":"\u00c0 quel \u00e2ge Mohamed Ali a commenc\u00e9 la boxe : r\u00e9ponse"},"content":{"rendered":"<p><!-- summary-start --><\/p>\n<p><strong>Resumen del art\u00edculo<\/strong><\/p>\n<p><p><strong>Mohamed Ali a commenc\u00e9 la boxe \u00e0 12 ans en 1954<\/strong>, suite au vol de sa bicyclette qui a chang\u00e9 son destin \u00e0 jamais.<\/p>\n<ul>\n<li>Un policier nomm\u00e9 <strong>Joe E. Martin<\/strong> le conseille de <em>d&rsquo;abord apprendre \u00e0 se battre correctement<\/em><\/li>\n<li><strong>120 combats amateurs<\/strong> disput\u00e9s entre 12 et 18 ans, remportant les Golden Gloves deux fois<\/li>\n<li><strong>M\u00e9daille d&rsquo;or olympique \u00e0 Rome en 1960<\/strong> \u00e0 seulement 18 ans en poids mi-lourds<\/li>\n<li>Premier combat professionnel le <strong>29 octobre 1960<\/strong> contre Tunney Hunsaker, suivi par l&rsquo;entra\u00eeneur <strong>Angelo Dundee<\/strong><\/li>\n<li>Carri\u00e8re de <strong>61 combats (56 victoires, 37 K.O.)<\/strong> et trois titres mondiaux, couronn\u00e9 <em>Sportif du si\u00e8cle<\/em><\/li>\n<\/ul>\n<p><!-- summary-end --><\/p>\n<p>Le 17 janvier 1942, <strong>Cassius Marcellus Clay Jr.<\/strong> na\u00eet \u00e0 Louisville, Kentucky. Personne ne pouvait alors imaginer que ce gar\u00e7on deviendrait la plus large l\u00e9gende de la boxe mondiale. Son destin a bascul\u00e9 sur un \u00e9v\u00e9nement aussi banal qu&rsquo;un vol de v\u00e9lo.<\/p>\n<h2>\u00c0 quel \u00e2ge Mohamed Ali a commenc\u00e9 la boxe : le moment fondateur<\/h2>\n<h3>Le vol de v\u00e9lo qui a tout chang\u00e9<\/h3>\n<p><strong>Mohamed Ali a commenc\u00e9 la boxe \u00e0 12 ans, en 1954.<\/strong> Tout part d&rsquo;un incident du quotidien : sa bicyclette lui est d\u00e9rob\u00e9e. Furieux, le jeune Cassius croise un policier nomm\u00e9 <strong>Joe E. Martin<\/strong> \u2014 aussi r\u00e9f\u00e9renc\u00e9 comme Joe Elsby Martin Sr. \u2014 et lui annonce qu&rsquo;il veut \u00ab\u00a0r\u00e9gler \u00e7a\u00a0\u00bb lui-m\u00eame avec le voleur. Martin, flegmatique, lui r\u00e9pond quelque chose de d\u00e9cisif : <em>apprends d&rsquo;abord \u00e0 te battre correctement avant de menacer qui que ce soit<\/em>.<\/p>\n<p>D\u00e8s le lendemain, Cassius pousse la porte d&rsquo;une salle de boxe. Il ne la quittera plus. C&rsquo;est Joe Martin qui le forme dans ces premiers mois. Quelques semaines seulement apr\u00e8s ses d\u00e9buts, il dispute son <strong>premier combat amateur<\/strong> et remporte la victoire. Ce d\u00e9part fulgurant dit tout de son instinct naturel pour la discipline.<\/p>\n<h3>Une progression amateur hors norme<\/h3>\n<p>Entre 12 et 18 ans, Cassius Clay dispute <strong>120 combats en carri\u00e8re amateur<\/strong>. C&rsquo;est colossal. Il remporte les National Golden Gloves en poids mi-lourds en 1959, puis en poids lourds en 1960. Deux titres, deux cat\u00e9gories diff\u00e9rentes \u2014 peu d&rsquo;amateurs peuvent en dire autant \u00e0 cet \u00e2ge.<\/p>\n<p>Le 29 octobre 1960, \u00e0 18 ans, il d\u00e9croche la <strong>m\u00e9daille d&rsquo;or aux Jeux olympiques de Rome<\/strong> dans la cat\u00e9gorie des poids mi-lourds. Ce moment marque la fin d&rsquo;un chapitre et l&rsquo;ouverture d&rsquo;un autre. Six ans de travail acharn\u00e9 avaient suffi pour transformer un gamin en col\u00e8re en champion olympique.<\/p>\n<h3>Le passage chez les professionnels<\/h3>\n<p>Le m\u00eame jour que sa m\u00e9daille olympique \u2014 <strong>29 octobre 1960<\/strong> \u2014 il signe son premier combat professionnel \u00e0 Louisville contre Tunney Hunsaker, qu&rsquo;il bat aux points en six rounds. Ce n&rsquo;est pas un hasard symbolique \u2014 Ali \u00e9tait d\u00e9j\u00e0 un homme de r\u00e9cits et de mise en sc\u00e8ne. Il passe sous la tutelle d&rsquo;<strong>Angelo Dundee<\/strong>, entra\u00eeneur qui saura affiner sans brider son style explosif et peu orthodoxe. Pour <a href=\"https:\/\/boxeur-pro.fr\/es\/blog\/comment-passer-pro-boxe-france-guide-etape-etape\/\">passer pro en boxe<\/a>, Ali a suivi un chemin exigeant et m\u00e9thodique, m\u00eame si son talent brut semblait parfois devancer le calendrier.<\/p>\n<table border=\"1\" cellpadding=\"8\" cellspacing=\"0\" style=\"border-collapse&nbsp;:collapse \u2014 width&nbsp;:100%;\">\n<caption><strong>\u00c9tapes cl\u00e9s des d\u00e9buts de Mohamed Ali en boxe<\/strong><\/caption>\n<thead>\n<tr>\n<th>A\u00f1o<\/th>\n<th>Evento<\/th>\n<th>Edad<\/th>\n<\/tr>\n<\/thead>\n<tbody>\n<tr>\n<td>1954<\/td>\n<td>D\u00e9but de la boxe, rencontre avec Joe E. Martin<\/td>\n<td>12 ans<\/td>\n<\/tr>\n<tr>\n<td>1959<\/td>\n<td>National Golden Gloves (poids mi-lourds)<\/td>\n<td>17 ans<\/td>\n<\/tr>\n<tr>\n<td>1960<\/td>\n<td>National Golden Gloves (poids lourds) + m\u00e9daille d&rsquo;or olympique \u00e0 Rome<\/td>\n<td>18 ans<\/td>\n<\/tr>\n<tr>\n<td>1960<\/td>\n<td>Premier combat professionnel contre Tunney Hunsaker<\/td>\n<td>18 ans<\/td>\n<\/tr>\n<tr>\n<td>1964<\/td>\n<td>Premier titre mondial contre Sonny Liston \u00e0 Miami<\/td>\n<td>22 ans<\/td>\n<\/tr>\n<\/tbody>\n<\/table>\n<h2>Une carri\u00e8re professionnelle et un h\u00e9ritage qui d\u00e9passent la boxe<\/h2>\n<h3>Des records qui parlent d&rsquo;eux-m\u00eames<\/h3>\n<p><strong>61 combats au total, 56 victoires dont 37 par K.O., 5 d\u00e9faites.<\/strong> Mohamed Ali a conquis le titre mondial des poids lourds \u00e0 trois reprises, dont une premi\u00e8re fois le 25 f\u00e9vrier 1964 \u00e0 Miami en battant Sonny Liston. <em>Ring Magazine<\/em> lui a d\u00e9cern\u00e9 le titre de meilleur boxeur de l&rsquo;ann\u00e9e \u00e0 six reprises \u2014 un record absolu. Aucun autre boxeur n&rsquo;a approch\u00e9 ce chiffre.<\/p>\n<p>En 1999, <em>Sports Illustrated<\/em> le couronne <strong>Sportif du si\u00e8cle<\/strong>. La BBC lui attribue le titre de Personnalit\u00e9 sportive du si\u00e8cle la m\u00eame ann\u00e9e. Ces r\u00e9compenses ne sont pas anodines : elles traduisent une influence qui d\u00e9passe largement le ring. Si vous \u00eates curieux de voir comment d&rsquo;autres grands champions ont b\u00e2ti leur l\u00e9gende, l&rsquo;histoire de <a href=\"https:\/\/boxeur-pro.fr\/es\/boxeo\/manny-pacquiao\/\">Manny Pacquiao, son parcours, sa taille, son poids et sa fortune<\/a> offre un parall\u00e8le int\u00e9ressant.<\/p>\n<h3>La maladie de Parkinson et les derni\u00e8res ann\u00e9es<\/h3>\n<p>En 1984, \u00e0 42 ans, Ali re\u00e7oit un diagnostic qui change tout : la <strong>maladie de Parkinson<\/strong>. Il luttera contre elle pendant 32 ans. En 1996, aux Jeux olympiques d&rsquo;Atlanta, il allume la vasque olympique devant des centaines de millions de t\u00e9l\u00e9spectateurs. Ses mains tremblent. L&rsquo;image est poignante, presque insoutenable \u2014 mais lui tient debout. C&rsquo;est peut-\u00eatre l\u00e0 son plus grand combat.<\/p>\n<p>Il d\u00e9c\u00e8de le <strong>3 juin 2016 \u00e0 Scottsdale, Arizona<\/strong>, \u00e0 74 ans. En 2005, il avait re\u00e7u la m\u00e9daille pr\u00e9sidentielle de la Libert\u00e9, plus haute distinction civile am\u00e9ricaine, ainsi que la m\u00e9daille de la paix Otto Hahn \u00e0 Berlin. Sa fille <strong>Laila Ali<\/strong> a elle aussi embrass\u00e9 une carri\u00e8re de boxeuse et de championne du monde \u2014 la transmission \u00e9tait accomplie.<\/p>\n<h3>Ce que son histoire dit \u00e0 ceux qui veulent se lancer<\/h3>\n<p>Ali a commenc\u00e9 \u00e0 12 ans, par accident, dans une salle de quartier. Aucun plan de carri\u00e8re, aucune vocation pr\u00e9coce \u2014 juste une rage canalis\u00e9e par un policier avis\u00e9. Franchement, c&rsquo;est l&rsquo;un des r\u00e9cits les plus inspirants de toute l&rsquo;histoire du sport. Si vous pensez avoir rat\u00e9 le coche, sachez qu&rsquo;il n&rsquo;existe pas d&rsquo;\u00e2ge optimal pour d\u00e9buter. D&rsquo;ailleurs, <a href=\"https:\/\/boxeur-pro.fr\/es\/blog\/comment-bien-debuter-boxe-30-ans-guide-conseils-pratiques\/\">d\u00e9buter la boxe \u00e0 30 ans<\/a> reste tout \u00e0 fait r\u00e9aliste avec la bonne m\u00e9thode. Ce qui compte, c&rsquo;est de trouver sa salle, son coach, et de s&rsquo;y mettre s\u00e9rieusement.<\/p>\n<p>Les ingr\u00e9dients du succ\u00e8s d&rsquo;Ali sont finalement simples \u00e0 lister :<\/p>\n<ul>\n<li>Un d\u00e9clencheur \u00e9motionnel fort (la col\u00e8re transform\u00e9e en discipline)<\/li>\n<li>Un encadrement adapt\u00e9 d\u00e8s le premier jour avec Joe E. Martin<\/li>\n<li>Une r\u00e9gularit\u00e9 absolue sur six ans avant le premier titre majeur<\/li>\n<li>Un passage au professionnalisme structur\u00e9 avec Angelo Dundee<\/li>\n<\/ul>\n<p>Ces quatre \u00e9l\u00e9ments forment la base de tout parcours s\u00e9rieux en boxe, qu&rsquo;on ait 12 ans ou 35 ans.<\/p>\n<p><em>Sources externes consult\u00e9es :<\/em> <a href=\"https:\/\/fr.wikipedia.org\/wiki\/Boxe\" rel=\"nofollow\">boxeo wiki<\/a> \u2014 <a href=\"https:\/\/pflmma.com\/\" rel=\"nofollow\">sitio de los combatientes<\/a><\/p>\n<div style='text-align:center;'><iframe width='560' height='315' src='https:\/\/www.youtube.com\/embed\/VFFDe9FQL3s' frameborder='0' allow='accelerometer; autoplay; clipboard-write; encrypted-media; gyroscope; picture-in-picture' allowfullscreen><\/iframe><\/div>","protected":false},"excerpt":{"rendered":"<p>L&rsquo;article en bref Mohamed Ali a commenc\u00e9 la boxe \u00e0 12 ans en 1954, suite au vol de sa bicyclette qui a chang\u00e9 son destin \u00e0 jamais. Un policier nomm\u00e9 Joe E. Martin le conseille de d&rsquo;abord apprendre \u00e0 se battre correctement 120 combats amateurs disput\u00e9s entre 12 et 18 &#8230; <a title=\"\u00c0 quel \u00e2ge Mohamed Ali a commenc\u00e9 la boxe : r\u00e9ponse\" class=\"read-more\" href=\"https:\/\/boxeur-pro.fr\/es\/blog\/a-quel-age-mohamed-ali-a-commence-boxe-reponse\/\" aria-label=\"Leer m\u00e1s sobre \u00c0 quel \u00e2ge Mohamed Ali a commenc\u00e9 la boxe : r\u00e9ponse\">Leer m\u00e1s<\/a><\/p>","protected":false},"author":2,"featured_media":4551,"comment_status":"open","ping_status":"","sticky":false,"template":"","format":"standard","meta":{"footnotes":""},"categories":[7],"tags":[],"class_list":["post-4554","post","type-post","status-publish","format-standard","has-post-thumbnail","hentry","category-boxe"],"yoast_head":"<!-- This site is optimized with the Yoast SEO plugin v27.5 - https:\/\/yoast.com\/product\/yoast-seo-wordpress\/ -->\n<title>\u00c0 quel \u00e2ge Mohamed Ali a commenc\u00e9 la boxe : r\u00e9ponse - Boxeur PRO<\/title>\n<meta name=\"robots\" content=\"index, follow, max-snippet:-1, max-image-preview:large, max-video-preview:-1\" \/>\n<link rel=\"canonical\" href=\"https:\/\/boxeur-pro.fr\/es\/blog\/a-quel-age-mohamed-ali-a-commence-boxe-reponse\/\" \/>\n<meta property=\"og:locale\" content=\"es_ES\" \/>\n<meta property=\"og:type\" content=\"article\" \/>\n<meta property=\"og:title\" content=\"\u00c0 quel \u00e2ge Mohamed Ali a commenc\u00e9 la boxe : r\u00e9ponse - Boxeur PRO\" \/>\n<meta property=\"og:description\" content=\"L&rsquo;article en bref Mohamed Ali a commenc\u00e9 la boxe \u00e0 12 ans en 1954, suite au vol de sa bicyclette qui a chang\u00e9 son destin \u00e0 jamais. Un policier nomm\u00e9 Joe E. Martin le conseille de d&rsquo;abord apprendre \u00e0 se battre correctement 120 combats amateurs disput\u00e9s entre 12 et 18 ... Leer m\u00e1s\" \/>\n<meta property=\"og:url\" content=\"https:\/\/boxeur-pro.fr\/es\/blog\/a-quel-age-mohamed-ali-a-commence-boxe-reponse\/\" \/>\n<meta property=\"og:site_name\" content=\"Boxeur PRO\" \/>\n<meta property=\"article:published_time\" content=\"2026-04-10T16:47:00+00:00\" \/>\n<meta name=\"author\" content=\"Maxime\" \/>\n<meta name=\"twitter:card\" content=\"summary_large_image\" \/>\n<meta name=\"twitter:label1\" content=\"Escrito por\" \/>\n\t<meta name=\"twitter:data1\" content=\"Maxime\" \/>\n\t<meta name=\"twitter:label2\" content=\"Tiempo de lectura\" \/>\n\t<meta name=\"twitter:data2\" content=\"5 minutos\" \/>\n<script type=\"application\/ld+json\" class=\"yoast-schema-graph\">{\"@context\":\"https:\\\/\\\/schema.org\",\"@graph\":[{\"@type\":\"Article\",\"@id\":\"https:\\\/\\\/boxeur-pro.fr\\\/es\\\/blog\\\/a-quel-age-mohamed-ali-a-commence-boxe-reponse\\\/#article\",\"isPartOf\":{\"@id\":\"https:\\\/\\\/boxeur-pro.fr\\\/es\\\/blog\\\/a-quel-age-mohamed-ali-a-commence-boxe-reponse\\\/\"},\"author\":{\"name\":\"Maxime\",\"@id\":\"https:\\\/\\\/boxeur-pro.fr\\\/es\\\/#\\\/schema\\\/person\\\/086d0ef78c9fe53d995cf72b71821937\"},\"headline\":\"\u00c0 quel \u00e2ge Mohamed Ali a commenc\u00e9 la boxe : r\u00e9ponse\",\"datePublished\":\"2026-04-10T16:47:00+00:00\",\"mainEntityOfPage\":{\"@id\":\"https:\\\/\\\/boxeur-pro.fr\\\/es\\\/blog\\\/a-quel-age-mohamed-ali-a-commence-boxe-reponse\\\/\"},\"wordCount\":1067,\"commentCount\":0,\"publisher\":{\"@id\":\"https:\\\/\\\/boxeur-pro.fr\\\/es\\\/#organization\"},\"image\":{\"@id\":\"https:\\\/\\\/boxeur-pro.fr\\\/es\\\/blog\\\/a-quel-age-mohamed-ali-a-commence-boxe-reponse\\\/#primaryimage\"},\"thumbnailUrl\":\"https:\\\/\\\/boxeur-pro.fr\\\/wp-content\\\/uploads\\\/2026\\\/04\\\/entrainement_de_boxe_en_salle_1263.webp\",\"articleSection\":[\"Boxe\"],\"inLanguage\":\"es\",\"potentialAction\":[{\"@type\":\"CommentAction\",\"name\":\"Comment\",\"target\":[\"https:\\\/\\\/boxeur-pro.fr\\\/es\\\/blog\\\/a-quel-age-mohamed-ali-a-commence-boxe-reponse\\\/#respond\"]}]},{\"@type\":\"WebPage\",\"@id\":\"https:\\\/\\\/boxeur-pro.fr\\\/es\\\/blog\\\/a-quel-age-mohamed-ali-a-commence-boxe-reponse\\\/\",\"url\":\"https:\\\/\\\/boxeur-pro.fr\\\/es\\\/blog\\\/a-quel-age-mohamed-ali-a-commence-boxe-reponse\\\/\",\"name\":\"\u00c0 quel \u00e2ge Mohamed Ali a commenc\u00e9 la boxe : r\u00e9ponse - Boxeur PRO\",\"isPartOf\":{\"@id\":\"https:\\\/\\\/boxeur-pro.fr\\\/es\\\/#website\"},\"primaryImageOfPage\":{\"@id\":\"https:\\\/\\\/boxeur-pro.fr\\\/es\\\/blog\\\/a-quel-age-mohamed-ali-a-commence-boxe-reponse\\\/#primaryimage\"},\"image\":{\"@id\":\"https:\\\/\\\/boxeur-pro.fr\\\/es\\\/blog\\\/a-quel-age-mohamed-ali-a-commence-boxe-reponse\\\/#primaryimage\"},\"thumbnailUrl\":\"https:\\\/\\\/boxeur-pro.fr\\\/wp-content\\\/uploads\\\/2026\\\/04\\\/entrainement_de_boxe_en_salle_1263.webp\",\"datePublished\":\"2026-04-10T16:47:00+00:00\",\"breadcrumb\":{\"@id\":\"https:\\\/\\\/boxeur-pro.fr\\\/es\\\/blog\\\/a-quel-age-mohamed-ali-a-commence-boxe-reponse\\\/#breadcrumb\"},\"inLanguage\":\"es\",\"potentialAction\":[{\"@type\":\"ReadAction\",\"target\":[\"https:\\\/\\\/boxeur-pro.fr\\\/es\\\/blog\\\/a-quel-age-mohamed-ali-a-commence-boxe-reponse\\\/\"]}]},{\"@type\":\"ImageObject\",\"inLanguage\":\"es\",\"@id\":\"https:\\\/\\\/boxeur-pro.fr\\\/es\\\/blog\\\/a-quel-age-mohamed-ali-a-commence-boxe-reponse\\\/#primaryimage\",\"url\":\"https:\\\/\\\/boxeur-pro.fr\\\/wp-content\\\/uploads\\\/2026\\\/04\\\/entrainement_de_boxe_en_salle_1263.webp\",\"contentUrl\":\"https:\\\/\\\/boxeur-pro.fr\\\/wp-content\\\/uploads\\\/2026\\\/04\\\/entrainement_de_boxe_en_salle_1263.webp\",\"width\":1376,\"height\":768,\"caption\":\"Jeune boxeur en garde dans une salle d'entra\u00eenement\"},{\"@type\":\"BreadcrumbList\",\"@id\":\"https:\\\/\\\/boxeur-pro.fr\\\/es\\\/blog\\\/a-quel-age-mohamed-ali-a-commence-boxe-reponse\\\/#breadcrumb\",\"itemListElement\":[{\"@type\":\"ListItem\",\"position\":1,\"name\":\"Accueil\",\"item\":\"https:\\\/\\\/boxeur-pro.fr\\\/\"},{\"@type\":\"ListItem\",\"position\":2,\"name\":\"\u00c0 quel \u00e2ge Mohamed Ali a commenc\u00e9 la boxe : r\u00e9ponse\"}]},{\"@type\":\"WebSite\",\"@id\":\"https:\\\/\\\/boxeur-pro.fr\\\/es\\\/#website\",\"url\":\"https:\\\/\\\/boxeur-pro.fr\\\/es\\\/\",\"name\":\"Boxeur PRO\",\"description\":\"\",\"publisher\":{\"@id\":\"https:\\\/\\\/boxeur-pro.fr\\\/es\\\/#organization\"},\"potentialAction\":[{\"@type\":\"SearchAction\",\"target\":{\"@type\":\"EntryPoint\",\"urlTemplate\":\"https:\\\/\\\/boxeur-pro.fr\\\/es\\\/?s={search_term_string}\"},\"query-input\":{\"@type\":\"PropertyValueSpecification\",\"valueRequired\":true,\"valueName\":\"search_term_string\"}}],\"inLanguage\":\"es\"},{\"@type\":\"Organization\",\"@id\":\"https:\\\/\\\/boxeur-pro.fr\\\/es\\\/#organization\",\"name\":\"Boxeur PRO\",\"url\":\"https:\\\/\\\/boxeur-pro.fr\\\/es\\\/\",\"logo\":{\"@type\":\"ImageObject\",\"inLanguage\":\"es\",\"@id\":\"https:\\\/\\\/boxeur-pro.fr\\\/es\\\/#\\\/schema\\\/logo\\\/image\\\/\",\"url\":\"https:\\\/\\\/boxeur-pro.fr\\\/wp-content\\\/uploads\\\/2024\\\/01\\\/LogoBoxeurProTransparent-1.png\",\"contentUrl\":\"https:\\\/\\\/boxeur-pro.fr\\\/wp-content\\\/uploads\\\/2024\\\/01\\\/LogoBoxeurProTransparent-1.png\",\"width\":709,\"height\":800,\"caption\":\"Boxeur PRO\"},\"image\":{\"@id\":\"https:\\\/\\\/boxeur-pro.fr\\\/es\\\/#\\\/schema\\\/logo\\\/image\\\/\"}},{\"@type\":\"Person\",\"@id\":\"https:\\\/\\\/boxeur-pro.fr\\\/es\\\/#\\\/schema\\\/person\\\/086d0ef78c9fe53d995cf72b71821937\",\"name\":\"Maxime\",\"image\":{\"@type\":\"ImageObject\",\"inLanguage\":\"es\",\"@id\":\"https:\\\/\\\/secure.gravatar.com\\\/avatar\\\/ce38768ebaf5d044c623efd7ff10a6ad2e1bf4f59b1039f5295b8e35e82bb447?s=96&d=mm&r=g\",\"url\":\"https:\\\/\\\/secure.gravatar.com\\\/avatar\\\/ce38768ebaf5d044c623efd7ff10a6ad2e1bf4f59b1039f5295b8e35e82bb447?s=96&d=mm&r=g\",\"contentUrl\":\"https:\\\/\\\/secure.gravatar.com\\\/avatar\\\/ce38768ebaf5d044c623efd7ff10a6ad2e1bf4f59b1039f5295b8e35e82bb447?s=96&d=mm&r=g\",\"caption\":\"Maxime\"},\"url\":\"https:\\\/\\\/boxeur-pro.fr\\\/es\\\/author\\\/maxime\\\/\"}]}<\/script>\n<!-- \/ Yoast SEO plugin. -->","yoast_head_json":{"title":"\u00c0 quel \u00e2ge Mohamed Ali a commenc\u00e9 la boxe : r\u00e9ponse - Boxeur PRO","robots":{"index":"index","follow":"follow","max-snippet":"max-snippet:-1","max-image-preview":"max-image-preview:large","max-video-preview":"max-video-preview:-1"},"canonical":"https:\/\/boxeur-pro.fr\/es\/blog\/a-quel-age-mohamed-ali-a-commence-boxe-reponse\/","og_locale":"es_ES","og_type":"article","og_title":"\u00c0 quel \u00e2ge Mohamed Ali a commenc\u00e9 la boxe : r\u00e9ponse - Boxeur PRO","og_description":"L&rsquo;article en bref Mohamed Ali a commenc\u00e9 la boxe \u00e0 12 ans en 1954, suite au vol de sa bicyclette qui a chang\u00e9 son destin \u00e0 jamais. Un policier nomm\u00e9 Joe E. Martin le conseille de d&rsquo;abord apprendre \u00e0 se battre correctement 120 combats amateurs disput\u00e9s entre 12 et 18 ... Leer m\u00e1s","og_url":"https:\/\/boxeur-pro.fr\/es\/blog\/a-quel-age-mohamed-ali-a-commence-boxe-reponse\/","og_site_name":"Boxeur PRO","article_published_time":"2026-04-10T16:47:00+00:00","author":"Maxime","twitter_card":"summary_large_image","twitter_misc":{"Escrito por":"Maxime","Tiempo de lectura":"5 minutos"},"schema":{"@context":"https:\/\/schema.org","@graph":[{"@type":"Article","@id":"https:\/\/boxeur-pro.fr\/es\/blog\/a-quel-age-mohamed-ali-a-commence-boxe-reponse\/#article","isPartOf":{"@id":"https:\/\/boxeur-pro.fr\/es\/blog\/a-quel-age-mohamed-ali-a-commence-boxe-reponse\/"},"author":{"name":"Maxime","@id":"https:\/\/boxeur-pro.fr\/es\/#\/schema\/person\/086d0ef78c9fe53d995cf72b71821937"},"headline":"\u00c0 quel \u00e2ge Mohamed Ali a commenc\u00e9 la boxe : r\u00e9ponse","datePublished":"2026-04-10T16:47:00+00:00","mainEntityOfPage":{"@id":"https:\/\/boxeur-pro.fr\/es\/blog\/a-quel-age-mohamed-ali-a-commence-boxe-reponse\/"},"wordCount":1067,"commentCount":0,"publisher":{"@id":"https:\/\/boxeur-pro.fr\/es\/#organization"},"image":{"@id":"https:\/\/boxeur-pro.fr\/es\/blog\/a-quel-age-mohamed-ali-a-commence-boxe-reponse\/#primaryimage"},"thumbnailUrl":"https:\/\/boxeur-pro.fr\/wp-content\/uploads\/2026\/04\/entrainement_de_boxe_en_salle_1263.webp","articleSection":["Boxe"],"inLanguage":"es","potentialAction":[{"@type":"CommentAction","name":"Comment","target":["https:\/\/boxeur-pro.fr\/es\/blog\/a-quel-age-mohamed-ali-a-commence-boxe-reponse\/#respond"]}]},{"@type":"WebPage","@id":"https:\/\/boxeur-pro.fr\/es\/blog\/a-quel-age-mohamed-ali-a-commence-boxe-reponse\/","url":"https:\/\/boxeur-pro.fr\/es\/blog\/a-quel-age-mohamed-ali-a-commence-boxe-reponse\/","name":"\u00c0 quel \u00e2ge Mohamed Ali a commenc\u00e9 la boxe : r\u00e9ponse - Boxeur PRO","isPartOf":{"@id":"https:\/\/boxeur-pro.fr\/es\/#website"},"primaryImageOfPage":{"@id":"https:\/\/boxeur-pro.fr\/es\/blog\/a-quel-age-mohamed-ali-a-commence-boxe-reponse\/#primaryimage"},"image":{"@id":"https:\/\/boxeur-pro.fr\/es\/blog\/a-quel-age-mohamed-ali-a-commence-boxe-reponse\/#primaryimage"},"thumbnailUrl":"https:\/\/boxeur-pro.fr\/wp-content\/uploads\/2026\/04\/entrainement_de_boxe_en_salle_1263.webp","datePublished":"2026-04-10T16:47:00+00:00","breadcrumb":{"@id":"https:\/\/boxeur-pro.fr\/es\/blog\/a-quel-age-mohamed-ali-a-commence-boxe-reponse\/#breadcrumb"},"inLanguage":"es","potentialAction":[{"@type":"ReadAction","target":["https:\/\/boxeur-pro.fr\/es\/blog\/a-quel-age-mohamed-ali-a-commence-boxe-reponse\/"]}]},{"@type":"ImageObject","inLanguage":"es","@id":"https:\/\/boxeur-pro.fr\/es\/blog\/a-quel-age-mohamed-ali-a-commence-boxe-reponse\/#primaryimage","url":"https:\/\/boxeur-pro.fr\/wp-content\/uploads\/2026\/04\/entrainement_de_boxe_en_salle_1263.webp","contentUrl":"https:\/\/boxeur-pro.fr\/wp-content\/uploads\/2026\/04\/entrainement_de_boxe_en_salle_1263.webp","width":1376,"height":768,"caption":"Jeune boxeur en garde dans une salle d'entra\u00eenement"},{"@type":"BreadcrumbList","@id":"https:\/\/boxeur-pro.fr\/es\/blog\/a-quel-age-mohamed-ali-a-commence-boxe-reponse\/#breadcrumb","itemListElement":[{"@type":"ListItem","position":1,"name":"Accueil","item":"https:\/\/boxeur-pro.fr\/"},{"@type":"ListItem","position":2,"name":"\u00c0 quel \u00e2ge Mohamed Ali a commenc\u00e9 la boxe : r\u00e9ponse"}]},{"@type":"WebSite","@id":"https:\/\/boxeur-pro.fr\/es\/#website","url":"https:\/\/boxeur-pro.fr\/es\/","name":"Boxeador PRO","description":"","publisher":{"@id":"https:\/\/boxeur-pro.fr\/es\/#organization"},"potentialAction":[{"@type":"SearchAction","target":{"@type":"EntryPoint","urlTemplate":"https:\/\/boxeur-pro.fr\/es\/?s={search_term_string}"},"query-input":{"@type":"PropertyValueSpecification","valueRequired":true,"valueName":"search_term_string"}}],"inLanguage":"es"},{"@type":"Organization","@id":"https:\/\/boxeur-pro.fr\/es\/#organization","name":"Boxeador PRO","url":"https:\/\/boxeur-pro.fr\/es\/","logo":{"@type":"ImageObject","inLanguage":"es","@id":"https:\/\/boxeur-pro.fr\/es\/#\/schema\/logo\/image\/","url":"https:\/\/boxeur-pro.fr\/wp-content\/uploads\/2024\/01\/LogoBoxeurProTransparent-1.png","contentUrl":"https:\/\/boxeur-pro.fr\/wp-content\/uploads\/2024\/01\/LogoBoxeurProTransparent-1.png","width":709,"height":800,"caption":"Boxeur PRO"},"image":{"@id":"https:\/\/boxeur-pro.fr\/es\/#\/schema\/logo\/image\/"}},{"@type":"Person","@id":"https:\/\/boxeur-pro.fr\/es\/#\/schema\/person\/086d0ef78c9fe53d995cf72b71821937","name":"Maxime","image":{"@type":"ImageObject","inLanguage":"es","@id":"https:\/\/secure.gravatar.com\/avatar\/ce38768ebaf5d044c623efd7ff10a6ad2e1bf4f59b1039f5295b8e35e82bb447?s=96&d=mm&r=g","url":"https:\/\/secure.gravatar.com\/avatar\/ce38768ebaf5d044c623efd7ff10a6ad2e1bf4f59b1039f5295b8e35e82bb447?s=96&d=mm&r=g","contentUrl":"https:\/\/secure.gravatar.com\/avatar\/ce38768ebaf5d044c623efd7ff10a6ad2e1bf4f59b1039f5295b8e35e82bb447?s=96&d=mm&r=g","caption":"Maxime"},"url":"https:\/\/boxeur-pro.fr\/es\/author\/maxime\/"}]}},"_links":{"self":[{"href":"https:\/\/boxeur-pro.fr\/es\/wp-json\/wp\/v2\/posts\/4554","targetHints":{"allow":["GET"]}}],"collection":[{"href":"https:\/\/boxeur-pro.fr\/es\/wp-json\/wp\/v2\/posts"}],"about":[{"href":"https:\/\/boxeur-pro.fr\/es\/wp-json\/wp\/v2\/types\/post"}],"author":[{"embeddable":true,"href":"https:\/\/boxeur-pro.fr\/es\/wp-json\/wp\/v2\/users\/2"}],"replies":[{"embeddable":true,"href":"https:\/\/boxeur-pro.fr\/es\/wp-json\/wp\/v2\/comments?post=4554"}],"version-history":[{"count":0,"href":"https:\/\/boxeur-pro.fr\/es\/wp-json\/wp\/v2\/posts\/4554\/revisions"}],"wp:featuredmedia":[{"embeddable":true,"href":"https:\/\/boxeur-pro.fr\/es\/wp-json\/wp\/v2\/media\/4551"}],"wp:attachment":[{"href":"https:\/\/boxeur-pro.fr\/es\/wp-json\/wp\/v2\/media?parent=4554"}],"wp:term":[{"taxonomy":"category","embeddable":true,"href":"https:\/\/boxeur-pro.fr\/es\/wp-json\/wp\/v2\/categories?post=4554"},{"taxonomy":"post_tag","embeddable":true,"href":"https:\/\/boxeur-pro.fr\/es\/wp-json\/wp\/v2\/tags?post=4554"}],"curies":[{"name":"wp","href":"https:\/\/api.w.org\/{rel}","templated":true}]}}