{"id":2660,"date":"2024-09-25T11:36:48","date_gmt":"2024-09-25T09:36:48","guid":{"rendered":"https:\/\/boxeur-pro.fr\/?p=2660"},"modified":"2024-09-25T11:36:49","modified_gmt":"2024-09-25T09:36:49","slug":"conor-mcgregor-33","status":"publish","type":"post","link":"https:\/\/boxeur-pro.fr\/it\/paul-dena-vs-allan-landouzy-trashtalk-en-cours\/","title":{"rendered":"Paul dena vs Allan Landouzy: trashtalk in corso"},"content":{"rendered":"<h3 class=\"wp-block-heading\">Breve riassunto dell'articolo<\/h3>\n\n\n\n<figure class=\"wp-block-table\"><table class=\"has-fixed-layout\"><thead><tr><th><strong>Punti chiave<\/strong><\/th><th><strong>Dettagli<\/strong><\/th><\/tr><\/thead><tbody><tr><td><strong>Combattimento :<\/strong><\/td><td>Paul Dena vs Allan Landouzy<\/td><\/tr><tr><td><strong>Motivo dello scontro :<\/strong><\/td><td>Discorso di cattivo gusto prima dell'incontro<\/td><\/tr><tr><td><strong>Ultimi eventi:<\/strong><\/td><td>Provocazione pubblica e reti sociali<\/td><\/tr><tr><td><strong>Contesto della lotta :<\/strong><\/td><td>Campionato MMA, PEF 2024<\/td><\/tr><tr><td><strong>Tensione palpabile :<\/strong><\/td><td>Intensit\u00e0 tra i due combattenti<\/td><\/tr><\/tbody><\/table><\/figure>\n\n\n\n<hr class=\"wp-block-separator has-alpha-channel-opacity\">\n\n\n\n<h3 class=\"wp-block-heading\">Introduzione<\/h3>\n\n\n\n<p>Nell'acceso mondo delle arti marziali miste (MMA), le rivalit\u00e0 non sono rare, ma quando raggiungono questo livello di trash talk, \u00e8 segno che sta nascendo qualcosa di speciale. Ed \u00e8 esattamente quello che sta accadendo tra Paul Dena e Allan Landouzy. Da diversi giorni questi due pugili sono impegnati in una vera e propria guerra verbale, trasformando quello che avrebbe dovuto essere un confronto puramente sportivo in uno scontro personale. Gli scambi sono diventati cos\u00ec intensi da far quasi dimenticare l'importanza dell'incontro stesso.<\/p>\n\n\n\n<p>In effetti, sembra che ci\u00f2 che accade fuori dalla gabbia sia altrettanto cruciale di ci\u00f2 che accade all'interno. Il pubblico \u00e8 diviso: alcuni amano l'escalation di provocazioni, mentre altri pensano che minino l'integrit\u00e0 dello sport. In ogni caso, tutti si concentrano su una cosa: l'incontro tra Dena e Landouzy. Qualunque cosa si pensi dei loro metodi, non si pu\u00f2 negare che entrambi sappiano come attirare l'attenzione. Scopriamo di cosa si tratta.<\/p>\n\n\n\n<hr class=\"wp-block-separator has-alpha-channel-opacity\">\n\n\n\n<h3 class=\"wp-block-heading\">Discorso di cattivo gusto tra Paul Dena e Allan Landouzy<\/h3>\n\n\n\n<p>I primi colpi non sono arrivati nella gabbia, ma sui social network e nelle conferenze stampa. Le cose si sono accese quando Allan Landouzy, forte della sua vittoria all'evento di Lille, ha deciso di provocare apertamente Paul Dena. Landouzy, che non usa mezzi termini, ha preso in giro lo stile di combattimento di Dena, descrivendolo come \"troppo prudente\", prima di definirlo un \"candidato di seconda categoria\". Questo tipo di affermazioni, soprattutto nelle MMA dove l'ego e la reputazione sono al centro di tutto, non potevano rimanere senza risposta. Dena ha chiesto a Landouzy di \"tirare fuori l'assegno\" per poter risolvere la questione sul ring.<\/p>\n\n\n\n<p>Paul Dena, noto per il suo atteggiamento calmo fuori dal ring, non poteva lasciare che un attacco del genere rimanesse senza conseguenze. \u00c8 salito rapidamente sul palco per ricordare a tutti che aveva gi\u00e0 dimostrato il suo valore in numerose occasioni e che Landouzy era solo un \"giovane lupo che cerca di fare rumore senza aver ancora dimostrato il suo vero valore\". Questa risposta, sebbene pi\u00f9 misurata di quella di Landouzy, ha fatto infuriare i fan. Quella che era iniziata come una semplice presa in giro \u00e8 rapidamente degenerata in una vera e propria guerra di parole.<\/p>\n\n\n\n<p>Non \u00e8 solo una questione di orgoglio. Dietro questi scambi verbali si nasconde una lotta per il dominio psicologico. Landouzy cerca chiaramente di destabilizzare Dena prima dell'incontro, mentre Dena, rispondendo, dimostra di non lasciarsi intimidire. \u00c8 una strategia comune negli sport da combattimento, ma qui raggiunge un livello particolarmente virulento.<\/p>\n\n\n\n<hr class=\"wp-block-separator has-alpha-channel-opacity\">\n\n\n\n<h3 class=\"wp-block-heading\">Provocazioni sui social network<\/h3>\n\n\n\n<p>Se seguite Paul Dena e Allan Landouzy sui social network, saprete gi\u00e0 che la tensione \u00e8 palpabile. Come al solito, Allan ha continuato ad aggiungere benzina al fuoco pubblicando un video in cui prendeva apertamente in giro l'allenamento di Paul. Ha imitato ironicamente i movimenti del suo avversario, lasciando intendere che non prendeva sul serio la sua preparazione. Gli appassionati di MMA sanno che questo tipo di video non fa altro che peggiorare le cose, ed \u00e8 esattamente quello che \u00e8 successo.<\/p>\n\n\n\n<p>Paul Dena, che fino a quel momento aveva mantenuto la calma, ha risposto con un'aspra replica. Ha condiviso un video del suo ultimo incontro di allenamento, in cui sferra pugni con una precisione e una potenza sconcertanti, prima di lanciare un messaggio diretto ad Allan: \"Continua a parlare, Allan, ma sul ring \u00e8 tutta un'altra storia. Preparati, la festa \u00e8 finita\". Questo tipo di dichiarazione rende ancora pi\u00f9 interessante l'incontro. Gli scambi diventano sempre pi\u00f9 personali e ogni nuova provocazione non fa che aumentare la posta in gioco.<\/p>\n\n\n\n<p>L'aspetto affascinante di questo scontro \u00e8 il modo in cui i social network amplificano tutto. Ogni commento, ogni video viene analizzato dai fan e questo non fa che alimentare il fuoco. In pochi giorni, questo incontro \u00e8 diventato molto pi\u00f9 di un semplice confronto sportivo. \u00c8 ormai una guerra di ego, un gioco psicologico in cui il minimo passo falso pu\u00f2 costare caro.<\/p>\n\n\n\n<hr class=\"wp-block-separator has-alpha-channel-opacity\">\n\n\n\n<h3 class=\"wp-block-heading\">Una rivalit\u00e0 di lunga data<\/h3>\n\n\n\n<p>Ma per capire davvero la dinamica tra Paul Dena e Allan Landouzy, bisogna risalire ai loro primi scambi. La loro rivalit\u00e0 non \u00e8 una novit\u00e0. In effetti, questa tensione di fondo esiste da diversi mesi. In un evento precedente, quando i due uomini non erano ancora in competizione diretta, Allan aveva gi\u00e0 criticato apertamente lo stile di Paul. Lo aveva definito \"troppo difensivo\" e aveva insinuato che non aveva mai affrontato veri avversari degni di questo nome. Questo tipo di commenti, anche se all'epoca passarono quasi inosservati, piantarono i semi della rivalit\u00e0 che vediamo oggi.<\/p>\n\n\n\n<p>Da allora i due lottatori si sono sempre evitati, ma le loro strade erano destinate a incrociarsi. E ora che quel momento \u00e8 finalmente arrivato, tutti sentono che sta nascendo qualcosa di speciale. Non si tratta solo di titolo o di gloria, ma di orgoglio personale. Ogni uomo ha qualcosa da dimostrare, non solo al suo avversario, ma anche a se stesso e ai suoi fan.<\/p>\n\n\n\n<hr class=\"wp-block-separator has-alpha-channel-opacity\">\n\n\n\n<h3 class=\"wp-block-heading\">Il faccia a faccia ufficiale<\/h3>\n\n\n\n<p>Il trash talk si \u00e8 intensificato durante il faccia a faccia ufficiale per il PEF 2024. Se eravate in sala o avete seguito la trasmissione, probabilmente avete sentito la tensione elettrica nell'aria. I due uomini erano sul punto di <a href=\"https:\/\/boxeur-pro.fr\/it\/boxe\/meilleure-corde-a-sauter-boxe\/\">salto<\/a> su di esso. Appena si trovarono faccia a faccia, gli sguardi furono pieni di sfida e di rabbia. Paul Dena, fedele al suo stile pi\u00f9 composto, inizialmente cerc\u00f2 di mantenere la calma, ma Allan continu\u00f2 a provocarlo verbalmente.<\/p>\n\n\n\n<p>Allan Landouzy, che non \u00e8 mai stato uno di quelli che alza il tiro, ha promesso che \"avrebbe finito Paul prima della fine del primo round\". Questo tipo di dichiarazione \u00e8 tipica di Allan, sempre sicuro di s\u00e9, a volte arrogante. Ma Paul non tard\u00f2 a rispondere. Disse che avrebbe \"zittito Landouzy\" e che Landouzy non aveva idea di cosa lo aspettasse nella gabbia. Il tono \u00e8 stato impostato.<\/p>\n\n\n\n<p>Questo momento ha segnato una svolta nella preparazione dell'incontro. I tifosi, gli esperti e persino i media avevano ormai in mente solo una cosa <a href=\"https:\/\/boxeur-pro.fr\/it\/boxe\/meilleur-casque-de-boxe\/\">testa<\/a> Chi sarebbe uscito vincitore da questa battaglia? Perch\u00e9 al di l\u00e0 delle parole, questo scontro rivelava qualcosa di pi\u00f9 profondo. Non si trattava pi\u00f9 solo di vincere una battaglia, ma di difendere il proprio onore.<\/p>\n\n\n\n<hr class=\"wp-block-separator has-alpha-channel-opacity\">\n\n\n\n<h3 class=\"wp-block-heading\">La posta in gioco nella battaglia<\/h3>\n\n\n\n<p>\u00c8 facile lasciarsi trasportare dalle chiacchiere, ma non dobbiamo dimenticare la vera posta in gioco. Per Paul Dena, questo incontro rappresenta molto pi\u00f9 di una semplice sfida. \u00c8 gi\u00e0 un veterano delle MMA, con diversi titoli a suo nome. Ma in questa fase della sua carriera, ogni incontro \u00e8 importante, non solo per mantenere il suo status, ma anche per dimostrare che \u00e8 ancora in grado di competere con i migliori. Una sconfitta contro un avversario pi\u00f9 giovane come Allan Landouzy potrebbe offuscare la sua eredit\u00e0.<\/p>\n\n\n\n<p>Dal canto suo, Allan Landouzy si trova in una posizione completamente diversa. \u00c8 giovane, ambizioso e la sua carriera \u00e8 in ascesa. Ogni vittoria lo porta un po' pi\u00f9 vicino alla vetta e questo incontro contro Paul Dena \u00e8 un'occasione d'oro per lui. Una vittoria lo consacrerebbe come uno dei migliori pugili della sua generazione. Ma una sconfitta, soprattutto dopo tutte quelle chiacchiere, sarebbe un duro colpo per il suo ego e la sua reputazione.<\/p>\n\n\n\n<p>In breve, questo incontro \u00e8 fondamentale per entrambi, ma per ragioni molto diverse. \u00c8 un incontro tra due generazioni, due stili e due approcci alle MMA. E alla fine, solo la gabbia decider\u00e0 chi ha ragione.<\/p>\n\n\n\n<hr class=\"wp-block-separator has-alpha-channel-opacity\">\n\n\n\n<h3 class=\"wp-block-heading\">Conclusione<\/h3>\n\n\n\n<p>Paul Dena e Allan Landouzy non sono solo un confronto sportivo. \u00c8 una battaglia di ego, orgoglio e reputazione. Le provocazioni, i jab e gli scambi verbali sono solo il preludio di quello che si preannuncia come uno scontro esplosivo nella gabbia. Al di l\u00e0 del risultato, \u00e8 l'intensit\u00e0 della loro rivalit\u00e0 che rimarr\u00e0 a lungo nella memoria.<\/p>\n\n\n\n<p>Chi avr\u00e0 l'ultima parola? Paul Dena, con la sua esperienza e la sua calma, o Allan Landouzy, con la sua grinta e la sua determinazione?<\/p>\n\n\n\n<p>Fonti : <strong><a href=\"https:\/\/fr.wikipedia.org\/wiki\/Boxe\" data-lasso-id=\"4967\">Boxe Wiki <\/a><\/strong><\/p>\n\n\n\n<p>Vedi anche :<strong><a href=\"https:\/\/pflmma.com\/\" data-lasso-id=\"4968\"> Sito ufficiale dei veterani<\/a><\/strong><\/p>","protected":false},"excerpt":{"rendered":"<p>Riassunto rapido dell'articolo in breve Punti chiave Dettagli Combattimento: Paul Dena vs Allan Landouzy Motivo dello scontro: Parolacce prima dell'incontro Eventi recenti: Provocazioni pubbliche e social network Contesto dell'incontro: MMA, campionati PEF 2024 Tensione palpabile: Intensit\u00e0 tra i due lottatori Introduzione ... <a title=\"Paul dena vs Allan Landouzy: trashtalk in corso\" class=\"read-more\" href=\"https:\/\/boxeur-pro.fr\/it\/paul-dena-vs-allan-landouzy-trashtalk-en-cours\/\" aria-label=\"Per saperne di pi\u00f9 su Paul dena vs Allan Landouzy : trashtalk en cours\">Leggi tutto<\/a><\/p>","protected":false},"author":2,"featured_media":2661,"comment_status":"open","ping_status":"open","sticky":false,"template":"","format":"standard","meta":{"footnotes":""},"categories":[7],"tags":[15],"class_list":["post-2660","post","type-post","status-publish","format-standard","has-post-thumbnail","hentry","category-boxe","tag-boxeurs"],"yoast_head":"<!-- This site is optimized with the Yoast SEO plugin v27.5 - https:\/\/yoast.com\/product\/yoast-seo-wordpress\/ -->\n<title>Paul dena vs Allan Landouzy : trashtalk en cours<\/title>\n<meta name=\"description\" content=\"Le combat Paul Dena vs Allan Landouzy ne se r\u00e9sume pas \u00e0 une simple confrontation sportive. C\u2019est une bataille d\u2019ego, de fiert\u00e9, et de r\u00e9putation.\" \/>\n<meta name=\"robots\" content=\"index, follow, max-snippet:-1, max-image-preview:large, max-video-preview:-1\" \/>\n<link rel=\"canonical\" href=\"https:\/\/boxeur-pro.fr\/it\/conor-mcgregor-33\/\" \/>\n<meta property=\"og:locale\" content=\"it_IT\" \/>\n<meta property=\"og:type\" content=\"article\" \/>\n<meta property=\"og:title\" content=\"Paul dena vs Allan Landouzy : trashtalk en cours\" \/>\n<meta property=\"og:description\" content=\"Le combat Paul Dena vs Allan Landouzy ne se r\u00e9sume pas \u00e0 une simple confrontation sportive. C\u2019est une bataille d\u2019ego, de fiert\u00e9, et de r\u00e9putation.\" \/>\n<meta property=\"og:url\" content=\"https:\/\/boxeur-pro.fr\/it\/conor-mcgregor-33\/\" \/>\n<meta property=\"og:site_name\" content=\"Boxeur PRO\" \/>\n<meta property=\"article:published_time\" content=\"2024-09-25T09:36:48+00:00\" \/>\n<meta property=\"article:modified_time\" content=\"2024-09-25T09:36:49+00:00\" \/>\n<meta property=\"og:image\" content=\"https:\/\/boxeur-pro.fr\/wp-content\/uploads\/2024\/09\/allan-landouzy-paul-dena-removebg-preview.png\" \/>\n\t<meta property=\"og:image:width\" content=\"640\" \/>\n\t<meta property=\"og:image:height\" content=\"360\" \/>\n\t<meta property=\"og:image:type\" content=\"image\/png\" \/>\n<meta name=\"author\" content=\"Maxime\" \/>\n<meta name=\"twitter:card\" content=\"summary_large_image\" \/>\n<meta name=\"twitter:label1\" content=\"Scritto da\" \/>\n\t<meta name=\"twitter:data1\" content=\"Maxime\" \/>\n\t<meta name=\"twitter:label2\" content=\"Tempo di lettura stimato\" \/>\n\t<meta name=\"twitter:data2\" content=\"8 minuti\" \/>\n<script type=\"application\/ld+json\" class=\"yoast-schema-graph\">{\"@context\":\"https:\\\/\\\/schema.org\",\"@graph\":[{\"@type\":\"Article\",\"@id\":\"https:\\\/\\\/boxeur-pro.fr\\\/it\\\/paul-dena-vs-allan-landouzy-trashtalk-en-cours\\\/#article\",\"isPartOf\":{\"@id\":\"https:\\\/\\\/boxeur-pro.fr\\\/it\\\/paul-dena-vs-allan-landouzy-trashtalk-en-cours\\\/\"},\"author\":{\"name\":\"Maxime\",\"@id\":\"https:\\\/\\\/boxeur-pro.fr\\\/it\\\/#\\\/schema\\\/person\\\/086d0ef78c9fe53d995cf72b71821937\"},\"headline\":\"Paul dena vs Allan Landouzy : trashtalk en cours\",\"datePublished\":\"2024-09-25T09:36:48+00:00\",\"dateModified\":\"2024-09-25T09:36:49+00:00\",\"mainEntityOfPage\":{\"@id\":\"https:\\\/\\\/boxeur-pro.fr\\\/it\\\/paul-dena-vs-allan-landouzy-trashtalk-en-cours\\\/\"},\"wordCount\":1629,\"commentCount\":0,\"publisher\":{\"@id\":\"https:\\\/\\\/boxeur-pro.fr\\\/it\\\/#organization\"},\"image\":{\"@id\":\"https:\\\/\\\/boxeur-pro.fr\\\/it\\\/paul-dena-vs-allan-landouzy-trashtalk-en-cours\\\/#primaryimage\"},\"thumbnailUrl\":\"https:\\\/\\\/boxeur-pro.fr\\\/wp-content\\\/uploads\\\/2024\\\/09\\\/allan-landouzy-paul-dena-removebg-preview.png\",\"keywords\":[\"Boxeurs\"],\"articleSection\":[\"Boxe\"],\"inLanguage\":\"it-IT\",\"potentialAction\":[{\"@type\":\"CommentAction\",\"name\":\"Comment\",\"target\":[\"https:\\\/\\\/boxeur-pro.fr\\\/it\\\/paul-dena-vs-allan-landouzy-trashtalk-en-cours\\\/#respond\"]}]},{\"@type\":\"WebPage\",\"@id\":\"https:\\\/\\\/boxeur-pro.fr\\\/it\\\/paul-dena-vs-allan-landouzy-trashtalk-en-cours\\\/\",\"url\":\"https:\\\/\\\/boxeur-pro.fr\\\/it\\\/paul-dena-vs-allan-landouzy-trashtalk-en-cours\\\/\",\"name\":\"Paul dena vs Allan Landouzy : trashtalk en cours\",\"isPartOf\":{\"@id\":\"https:\\\/\\\/boxeur-pro.fr\\\/it\\\/#website\"},\"primaryImageOfPage\":{\"@id\":\"https:\\\/\\\/boxeur-pro.fr\\\/it\\\/paul-dena-vs-allan-landouzy-trashtalk-en-cours\\\/#primaryimage\"},\"image\":{\"@id\":\"https:\\\/\\\/boxeur-pro.fr\\\/it\\\/paul-dena-vs-allan-landouzy-trashtalk-en-cours\\\/#primaryimage\"},\"thumbnailUrl\":\"https:\\\/\\\/boxeur-pro.fr\\\/wp-content\\\/uploads\\\/2024\\\/09\\\/allan-landouzy-paul-dena-removebg-preview.png\",\"datePublished\":\"2024-09-25T09:36:48+00:00\",\"dateModified\":\"2024-09-25T09:36:49+00:00\",\"description\":\"Le combat Paul Dena vs Allan Landouzy ne se r\u00e9sume pas \u00e0 une simple confrontation sportive. C\u2019est une bataille d\u2019ego, de fiert\u00e9, et de r\u00e9putation.\",\"breadcrumb\":{\"@id\":\"https:\\\/\\\/boxeur-pro.fr\\\/it\\\/paul-dena-vs-allan-landouzy-trashtalk-en-cours\\\/#breadcrumb\"},\"inLanguage\":\"it-IT\",\"potentialAction\":[{\"@type\":\"ReadAction\",\"target\":[\"https:\\\/\\\/boxeur-pro.fr\\\/it\\\/paul-dena-vs-allan-landouzy-trashtalk-en-cours\\\/\"]}]},{\"@type\":\"ImageObject\",\"inLanguage\":\"it-IT\",\"@id\":\"https:\\\/\\\/boxeur-pro.fr\\\/it\\\/paul-dena-vs-allan-landouzy-trashtalk-en-cours\\\/#primaryimage\",\"url\":\"https:\\\/\\\/boxeur-pro.fr\\\/wp-content\\\/uploads\\\/2024\\\/09\\\/allan-landouzy-paul-dena-removebg-preview.png\",\"contentUrl\":\"https:\\\/\\\/boxeur-pro.fr\\\/wp-content\\\/uploads\\\/2024\\\/09\\\/allan-landouzy-paul-dena-removebg-preview.png\",\"width\":640,\"height\":360,\"caption\":\"paul dena landouzy\"},{\"@type\":\"BreadcrumbList\",\"@id\":\"https:\\\/\\\/boxeur-pro.fr\\\/it\\\/paul-dena-vs-allan-landouzy-trashtalk-en-cours\\\/#breadcrumb\",\"itemListElement\":[{\"@type\":\"ListItem\",\"position\":1,\"name\":\"Accueil\",\"item\":\"https:\\\/\\\/boxeur-pro.fr\\\/\"},{\"@type\":\"ListItem\",\"position\":2,\"name\":\"Paul dena vs Allan Landouzy : trashtalk en cours\"}]},{\"@type\":\"WebSite\",\"@id\":\"https:\\\/\\\/boxeur-pro.fr\\\/it\\\/#website\",\"url\":\"https:\\\/\\\/boxeur-pro.fr\\\/it\\\/\",\"name\":\"Boxeur PRO\",\"description\":\"\",\"publisher\":{\"@id\":\"https:\\\/\\\/boxeur-pro.fr\\\/it\\\/#organization\"},\"potentialAction\":[{\"@type\":\"SearchAction\",\"target\":{\"@type\":\"EntryPoint\",\"urlTemplate\":\"https:\\\/\\\/boxeur-pro.fr\\\/it\\\/?s={search_term_string}\"},\"query-input\":{\"@type\":\"PropertyValueSpecification\",\"valueRequired\":true,\"valueName\":\"search_term_string\"}}],\"inLanguage\":\"it-IT\"},{\"@type\":\"Organization\",\"@id\":\"https:\\\/\\\/boxeur-pro.fr\\\/it\\\/#organization\",\"name\":\"Boxeur PRO\",\"url\":\"https:\\\/\\\/boxeur-pro.fr\\\/it\\\/\",\"logo\":{\"@type\":\"ImageObject\",\"inLanguage\":\"it-IT\",\"@id\":\"https:\\\/\\\/boxeur-pro.fr\\\/it\\\/#\\\/schema\\\/logo\\\/image\\\/\",\"url\":\"https:\\\/\\\/boxeur-pro.fr\\\/wp-content\\\/uploads\\\/2024\\\/01\\\/LogoBoxeurProTransparent-1.png\",\"contentUrl\":\"https:\\\/\\\/boxeur-pro.fr\\\/wp-content\\\/uploads\\\/2024\\\/01\\\/LogoBoxeurProTransparent-1.png\",\"width\":709,\"height\":800,\"caption\":\"Boxeur PRO\"},\"image\":{\"@id\":\"https:\\\/\\\/boxeur-pro.fr\\\/it\\\/#\\\/schema\\\/logo\\\/image\\\/\"}},{\"@type\":\"Person\",\"@id\":\"https:\\\/\\\/boxeur-pro.fr\\\/it\\\/#\\\/schema\\\/person\\\/086d0ef78c9fe53d995cf72b71821937\",\"name\":\"Maxime\",\"image\":{\"@type\":\"ImageObject\",\"inLanguage\":\"it-IT\",\"@id\":\"https:\\\/\\\/secure.gravatar.com\\\/avatar\\\/ce38768ebaf5d044c623efd7ff10a6ad2e1bf4f59b1039f5295b8e35e82bb447?s=96&d=mm&r=g\",\"url\":\"https:\\\/\\\/secure.gravatar.com\\\/avatar\\\/ce38768ebaf5d044c623efd7ff10a6ad2e1bf4f59b1039f5295b8e35e82bb447?s=96&d=mm&r=g\",\"contentUrl\":\"https:\\\/\\\/secure.gravatar.com\\\/avatar\\\/ce38768ebaf5d044c623efd7ff10a6ad2e1bf4f59b1039f5295b8e35e82bb447?s=96&d=mm&r=g\",\"caption\":\"Maxime\"},\"url\":\"https:\\\/\\\/boxeur-pro.fr\\\/it\\\/author\\\/maxime\\\/\"}]}<\/script>\n<!-- \/ Yoast SEO plugin. -->","yoast_head_json":{"title":"Paul dena vs Allan Landouzy: trashtalk in corso","description":"Paul Dena e Allan Landouzy non sono solo un confronto sportivo. \u00c8 una battaglia di ego, orgoglio e reputazione.","robots":{"index":"index","follow":"follow","max-snippet":"max-snippet:-1","max-image-preview":"max-image-preview:large","max-video-preview":"max-video-preview:-1"},"canonical":"https:\/\/boxeur-pro.fr\/it\/conor-mcgregor-33\/","og_locale":"it_IT","og_type":"article","og_title":"Paul dena vs Allan Landouzy : trashtalk en cours","og_description":"Le combat Paul Dena vs Allan Landouzy ne se r\u00e9sume pas \u00e0 une simple confrontation sportive. C\u2019est une bataille d\u2019ego, de fiert\u00e9, et de r\u00e9putation.","og_url":"https:\/\/boxeur-pro.fr\/it\/conor-mcgregor-33\/","og_site_name":"Boxeur PRO","article_published_time":"2024-09-25T09:36:48+00:00","article_modified_time":"2024-09-25T09:36:49+00:00","og_image":[{"width":640,"height":360,"url":"https:\/\/boxeur-pro.fr\/wp-content\/uploads\/2024\/09\/allan-landouzy-paul-dena-removebg-preview.png","type":"image\/png"}],"author":"Maxime","twitter_card":"summary_large_image","twitter_misc":{"Scritto da":"Maxime","Tempo di lettura stimato":"8 minuti"},"schema":{"@context":"https:\/\/schema.org","@graph":[{"@type":"Article","@id":"https:\/\/boxeur-pro.fr\/it\/paul-dena-vs-allan-landouzy-trashtalk-en-cours\/#article","isPartOf":{"@id":"https:\/\/boxeur-pro.fr\/it\/paul-dena-vs-allan-landouzy-trashtalk-en-cours\/"},"author":{"name":"Maxime","@id":"https:\/\/boxeur-pro.fr\/it\/#\/schema\/person\/086d0ef78c9fe53d995cf72b71821937"},"headline":"Paul dena vs Allan Landouzy : trashtalk en cours","datePublished":"2024-09-25T09:36:48+00:00","dateModified":"2024-09-25T09:36:49+00:00","mainEntityOfPage":{"@id":"https:\/\/boxeur-pro.fr\/it\/paul-dena-vs-allan-landouzy-trashtalk-en-cours\/"},"wordCount":1629,"commentCount":0,"publisher":{"@id":"https:\/\/boxeur-pro.fr\/it\/#organization"},"image":{"@id":"https:\/\/boxeur-pro.fr\/it\/paul-dena-vs-allan-landouzy-trashtalk-en-cours\/#primaryimage"},"thumbnailUrl":"https:\/\/boxeur-pro.fr\/wp-content\/uploads\/2024\/09\/allan-landouzy-paul-dena-removebg-preview.png","keywords":["Boxeurs"],"articleSection":["Boxe"],"inLanguage":"it-IT","potentialAction":[{"@type":"CommentAction","name":"Comment","target":["https:\/\/boxeur-pro.fr\/it\/paul-dena-vs-allan-landouzy-trashtalk-en-cours\/#respond"]}]},{"@type":"WebPage","@id":"https:\/\/boxeur-pro.fr\/it\/paul-dena-vs-allan-landouzy-trashtalk-en-cours\/","url":"https:\/\/boxeur-pro.fr\/it\/paul-dena-vs-allan-landouzy-trashtalk-en-cours\/","name":"Paul dena vs Allan Landouzy: trashtalk in corso","isPartOf":{"@id":"https:\/\/boxeur-pro.fr\/it\/#website"},"primaryImageOfPage":{"@id":"https:\/\/boxeur-pro.fr\/it\/paul-dena-vs-allan-landouzy-trashtalk-en-cours\/#primaryimage"},"image":{"@id":"https:\/\/boxeur-pro.fr\/it\/paul-dena-vs-allan-landouzy-trashtalk-en-cours\/#primaryimage"},"thumbnailUrl":"https:\/\/boxeur-pro.fr\/wp-content\/uploads\/2024\/09\/allan-landouzy-paul-dena-removebg-preview.png","datePublished":"2024-09-25T09:36:48+00:00","dateModified":"2024-09-25T09:36:49+00:00","description":"Paul Dena e Allan Landouzy non sono solo un confronto sportivo. \u00c8 una battaglia di ego, orgoglio e reputazione.","breadcrumb":{"@id":"https:\/\/boxeur-pro.fr\/it\/paul-dena-vs-allan-landouzy-trashtalk-en-cours\/#breadcrumb"},"inLanguage":"it-IT","potentialAction":[{"@type":"ReadAction","target":["https:\/\/boxeur-pro.fr\/it\/paul-dena-vs-allan-landouzy-trashtalk-en-cours\/"]}]},{"@type":"ImageObject","inLanguage":"it-IT","@id":"https:\/\/boxeur-pro.fr\/it\/paul-dena-vs-allan-landouzy-trashtalk-en-cours\/#primaryimage","url":"https:\/\/boxeur-pro.fr\/wp-content\/uploads\/2024\/09\/allan-landouzy-paul-dena-removebg-preview.png","contentUrl":"https:\/\/boxeur-pro.fr\/wp-content\/uploads\/2024\/09\/allan-landouzy-paul-dena-removebg-preview.png","width":640,"height":360,"caption":"paul dena landouzy"},{"@type":"BreadcrumbList","@id":"https:\/\/boxeur-pro.fr\/it\/paul-dena-vs-allan-landouzy-trashtalk-en-cours\/#breadcrumb","itemListElement":[{"@type":"ListItem","position":1,"name":"Accueil","item":"https:\/\/boxeur-pro.fr\/"},{"@type":"ListItem","position":2,"name":"Paul dena vs Allan Landouzy : trashtalk en cours"}]},{"@type":"WebSite","@id":"https:\/\/boxeur-pro.fr\/it\/#website","url":"https:\/\/boxeur-pro.fr\/it\/","name":"Boxer PRO","description":"","publisher":{"@id":"https:\/\/boxeur-pro.fr\/it\/#organization"},"potentialAction":[{"@type":"SearchAction","target":{"@type":"EntryPoint","urlTemplate":"https:\/\/boxeur-pro.fr\/it\/?s={search_term_string}"},"query-input":{"@type":"PropertyValueSpecification","valueRequired":true,"valueName":"search_term_string"}}],"inLanguage":"it-IT"},{"@type":"Organization","@id":"https:\/\/boxeur-pro.fr\/it\/#organization","name":"Boxer PRO","url":"https:\/\/boxeur-pro.fr\/it\/","logo":{"@type":"ImageObject","inLanguage":"it-IT","@id":"https:\/\/boxeur-pro.fr\/it\/#\/schema\/logo\/image\/","url":"https:\/\/boxeur-pro.fr\/wp-content\/uploads\/2024\/01\/LogoBoxeurProTransparent-1.png","contentUrl":"https:\/\/boxeur-pro.fr\/wp-content\/uploads\/2024\/01\/LogoBoxeurProTransparent-1.png","width":709,"height":800,"caption":"Boxeur PRO"},"image":{"@id":"https:\/\/boxeur-pro.fr\/it\/#\/schema\/logo\/image\/"}},{"@type":"Person","@id":"https:\/\/boxeur-pro.fr\/it\/#\/schema\/person\/086d0ef78c9fe53d995cf72b71821937","name":"Maxime","image":{"@type":"ImageObject","inLanguage":"it-IT","@id":"https:\/\/secure.gravatar.com\/avatar\/ce38768ebaf5d044c623efd7ff10a6ad2e1bf4f59b1039f5295b8e35e82bb447?s=96&d=mm&r=g","url":"https:\/\/secure.gravatar.com\/avatar\/ce38768ebaf5d044c623efd7ff10a6ad2e1bf4f59b1039f5295b8e35e82bb447?s=96&d=mm&r=g","contentUrl":"https:\/\/secure.gravatar.com\/avatar\/ce38768ebaf5d044c623efd7ff10a6ad2e1bf4f59b1039f5295b8e35e82bb447?s=96&d=mm&r=g","caption":"Maxime"},"url":"https:\/\/boxeur-pro.fr\/it\/author\/maxime\/"}]}},"_links":{"self":[{"href":"https:\/\/boxeur-pro.fr\/it\/wp-json\/wp\/v2\/posts\/2660","targetHints":{"allow":["GET"]}}],"collection":[{"href":"https:\/\/boxeur-pro.fr\/it\/wp-json\/wp\/v2\/posts"}],"about":[{"href":"https:\/\/boxeur-pro.fr\/it\/wp-json\/wp\/v2\/types\/post"}],"author":[{"embeddable":true,"href":"https:\/\/boxeur-pro.fr\/it\/wp-json\/wp\/v2\/users\/2"}],"replies":[{"embeddable":true,"href":"https:\/\/boxeur-pro.fr\/it\/wp-json\/wp\/v2\/comments?post=2660"}],"version-history":[{"count":2,"href":"https:\/\/boxeur-pro.fr\/it\/wp-json\/wp\/v2\/posts\/2660\/revisions"}],"predecessor-version":[{"id":2663,"href":"https:\/\/boxeur-pro.fr\/it\/wp-json\/wp\/v2\/posts\/2660\/revisions\/2663"}],"wp:featuredmedia":[{"embeddable":true,"href":"https:\/\/boxeur-pro.fr\/it\/wp-json\/wp\/v2\/media\/2661"}],"wp:attachment":[{"href":"https:\/\/boxeur-pro.fr\/it\/wp-json\/wp\/v2\/media?parent=2660"}],"wp:term":[{"taxonomy":"category","embeddable":true,"href":"https:\/\/boxeur-pro.fr\/it\/wp-json\/wp\/v2\/categories?post=2660"},{"taxonomy":"post_tag","embeddable":true,"href":"https:\/\/boxeur-pro.fr\/it\/wp-json\/wp\/v2\/tags?post=2660"}],"curies":[{"name":"wp","href":"https:\/\/api.w.org\/{rel}","templated":true}]}}