{"id":4499,"date":"2026-03-31T19:37:00","date_gmt":"2026-03-31T17:37:00","guid":{"rendered":"https:\/\/boxeur-pro.fr\/blog\/chanteuse-qui-a-fait-boxe-histoire-carriere\/"},"modified":"2026-03-31T19:37:00","modified_gmt":"2026-03-31T17:37:00","slug":"chanteuse-qui-a-fait-boxe-histoire-carriere","status":"publish","type":"post","link":"https:\/\/boxeur-pro.fr\/it\/blog\/chanteuse-qui-a-fait-boxe-histoire-carriere\/","title":{"rendered":"Chanteuse qui a fait de la boxe : histoire et carri\u00e8re"},"content":{"rendered":"<p><!-- summary-start --><\/p>\n<p><strong>L'articolo in breve<\/strong><\/p>\n<p><p>N\u00e2diya incarne l&rsquo;artiste qui fait de la boxe bien plus qu&rsquo;un simple loisir, une discipline fa\u00e7onnant son identit\u00e9 musicale et sportive depuis l&rsquo;enfance.<\/p>\n<ul>\n<li><strong>Une athl\u00e8te avant tout :<\/strong> Championne de France junior au 800 m avant de conqu\u00e9rir les charts musicaux avec <em>Parle-moi<\/em> e <em>Tired of being sorry<\/em><\/li>\n<li><strong>Un h\u00e9ritage familial :<\/strong> Son fr\u00e8re <em>Kader Zighem<\/em> est champion du monde de boxe savate fran\u00e7aise, la discipline coule dans les veines des Zighem<\/li>\n<li><strong>La boxe, \u00e9cole de vie :<\/strong> Elle pratique toujours quelques s\u00e9ances quotidiennement aux c\u00f4t\u00e9s de ses 10 km de course, affirmant que <em>sans le sport, elle ne serait pas en phase avec sa voix<\/em><\/li>\n<li><strong>Des artistes en phase :<\/strong> Lorie Pester, Bianca Costa et Natacha Lubin (championne de kick-boxing 2018) trouvent dans la boxe <strong>confiance, discipline mentale et gestion \u00e9motionnelle<\/strong><\/li>\n<\/ul>\n<p><!-- summary-end --><\/p>\n<p>N\u00e2diya court <strong>10 kilom\u00e8tres par jour<\/strong> et glisse quelques s\u00e9ances de boxe entre deux r\u00e9p\u00e9titions. Cette image r\u00e9sume parfaitement qui elle est : une artiste fa\u00e7onn\u00e9e par le sport depuis l&rsquo;enfance, issue d&rsquo;une famille o\u00f9 les gants font partie du quotidien. Mais elle n&rsquo;est pas la seule chanteuse \u00e0 avoir crois\u00e9 le ring. Tour d&rsquo;horizon de ces artistes qui ont fait de la boxe bien plus qu&rsquo;un simple loisir.<\/p>\n<h2>N\u00e2diya, la <strong>chanteuse qui a fait de la boxe<\/strong> dans les g\u00e8nes<\/h2>\n<h3>Une athl\u00e8te avant d&rsquo;\u00eatre une star<\/h3>\n<p>N\u00e9e le <strong>19 juin 1973 \u00e0 Tours en Indre-et-Loire<\/strong>, Nadia Zighem \u2014 connue sous le nom de sc\u00e8ne N\u00e2diya \u2014 n&rsquo;est pas arriv\u00e9e \u00e0 la musique par hasard. Avant les studios, il y avait les pistes d&rsquo;athl\u00e9tisme. \u00c0 12 ans, sa professeure d&rsquo;EPS, <em>Jeanine Maieu<\/em>, l&rsquo;inscrit \u00e0 l&rsquo;UNSS et convainc ses parents, qui pla\u00e7aient la scolarit\u00e9 au-dessus de tout. Bonne pioche : d\u00e8s sa premi\u00e8re ann\u00e9e, N\u00e2diya rafle les courses, devient capitaine d&rsquo;\u00e9quipe et remporte le titre de championne de France sur 4 x 800 m.<\/p>\n<p>Sa progression est fulgurante. Elle d\u00e9croche le titre de <strong>championne de France junior FFA indoor du 800 m\u00e8tres<\/strong> \u00e0 Bordeaux en 1990 puis \u00e0 Li\u00e9vin en 1991, avec un temps de 2 min 15 s 08. En 1990, elle passe \u00e0 deux centi\u00e8mes du record de France UNSS. Son record d\u00e9partemental du 400 m cadette d&rsquo;Indre-et-Loire en 58 s 66 reste toujours in\u00e9gal\u00e9. Elle rejoint ensuite le club de Jou\u00e9-l\u00e8s-Tours puis int\u00e8gre le syst\u00e8me Sport \u00c9tude \u00e0 Tours.<\/p>\n<p>\u00c0 20 ans, elle tourne la page et part pour Paris. En 1996, elle remporte trois fois l&rsquo;\u00e9mission <em>Graines de Star<\/em> sur M6. Sa carri\u00e8re musicale s&#8217;emballe : en f\u00e9vrier 2004, le single <em>Parle-moi<\/em> atteint la 2e position en France pendant 24 semaines, et 2e en Belgique. L&rsquo;album <em>16\/9<\/em> d\u00e9passe les 500 000 exemplaires vendus et monte \u00e0 la 6e place du Top Albums France. En 2008, son duo avec Enrique Iglesias, <em>Tired of being sorry<\/em>, reste num\u00e9ro 1 en France et en Belgique pendant 11 semaines \u2014 meilleure vente de singles de l&rsquo;ann\u00e9e 2008.<\/p>\n<h3>La boxe, un h\u00e9ritage familial<\/h3>\n<p>Chez les Zighem, la boxe coule dans les veines. Son fr\u00e8re <strong>Kader Zighem<\/strong> a d\u00e9croch\u00e9 le titre de champion du monde de <a href=\"https:\/\/boxeur-pro.fr\/it\/pugilato\/boxe-savate-francaise\/\" title=\"Boxe savate fran\u00e7aise\">Boxe francese savate<\/a> en 1995, quadruple champion de France dans les moins de 74 kg. Dipl\u00f4m\u00e9 de l&rsquo;Insep \u00e0 la m\u00eame \u00e9poque que David Douillet ou Jamel Bouras, il fonde en 1998 le club <em>Bouge ton corps<\/em> \u00e0 La Rabi\u00e8re, en Indre-et-Loire, pour transmettre la discipline \u00e0 la jeune g\u00e9n\u00e9ration. \u00c0 54 ans, il affirme que la boxe donne de la confiance en soi.<\/p>\n<p>La liste familiale est longue : un autre fr\u00e8re est \u00e9galement champion du monde de boxe fran\u00e7aise, le fr\u00e8re a\u00een\u00e9 a \u00e9t\u00e9 entra\u00eeneur, et un quatri\u00e8me a pratiqu\u00e9 le kick-boxing. La famille est originaire de Mostaganem, en Alg\u00e9rie, et est arriv\u00e9e en France en 1962. N\u00e2diya est la benjamine de six enfants.<\/p>\n<p>Pour elle, <em>la boxe est une belle \u00e9cole de la vie o\u00f9 on apprend \u00e0 se surpasser<\/em>. Elle pratique toujours quelques s\u00e9ances aujourd&rsquo;hui, en parall\u00e8le de ses 10 km quotidiens. Sans le sport, dit-elle, elle ne serait pas en phase avec sa voix.<\/p>\n<h3>Une carri\u00e8re musicale qui continue<\/h3>\n<p>Apr\u00e8s son premier album num\u00e9ro 1 en France sorti le <strong>5 juin 2006<\/strong> \u2014 simplement intitul\u00e9 <em>N\u00e2diya<\/em>, avec 300 000 ventes \u2014 elle ne ralentit pas. En 2019, elle sort l&rsquo;album <em>Odyss\u00e9e<\/em> via son propre label N4Z Records. Elle devient ambassadrice de l&rsquo;association Les Enfants de la Terre en juillet 2019, fond\u00e9e en 1988 par Marie-Claire et Yannick Noah. En 2025, elle collabore \u00e0 nouveau avec le rappeur Smartzee sur le single <em>DJ<\/em>. Une tourn\u00e9e de 24 dates est pr\u00e9vue en 2026 sous l&rsquo;intitul\u00e9 <em>I Gotta Feeling<\/em>.<\/p>\n<table>\n<thead>\n<tr>\n<th>Single \/ Album<\/th>\n<th>Data<\/th>\n<th>Position France<\/th>\n<\/tr>\n<\/thead>\n<tbody>\n<tr>\n<td>J&rsquo;ai confiance en toi<\/td>\n<td>F\u00e9vrier 2001<\/td>\n<td>38e<\/td>\n<\/tr>\n<tr>\n<td>Parle-moi<\/td>\n<td>F\u00e9vrier 2004<\/td>\n<td>2e (24 semaines)<\/td>\n<\/tr>\n<tr>\n<td>Album 16\/9<\/td>\n<td>Juin 2004<\/td>\n<td>6e (500 000 ex.)<\/td>\n<\/tr>\n<tr>\n<td>Tired of being sorry<\/td>\n<td>2008<\/td>\n<td>1e (11 semaines)<\/td>\n<\/tr>\n<\/tbody>\n<\/table>\n<h2>D&rsquo;autres chanteuses qui pratiquent la boxe<\/h2>\n<h3>Lorie Pester, poings lev\u00e9s contre les paparazzis<\/h3>\n<p>Lorie Pester, chanteuse et actrice de 41 ans, cumule 22 ans de carri\u00e8re. Dans une interview parue dans <em>Le Monde<\/em> le 17 novembre, elle confie sans d\u00e9tour qu&rsquo;elle a commenc\u00e9 la boxe pour faire face aux photographes qui l&rsquo;\u00e9pient. L&rsquo;aversion est ancienne \u2014 un paparazzi l&rsquo;aurait bouscul\u00e9e \u2014 mais elle s&rsquo;est intensifi\u00e9e apr\u00e8s la naissance de sa fille en 2020. Ses mots sont nets : <em>\u00abJe ne suis pas violente, mais je ne peux pas les supporter, c&rsquo;est m\u00eame pour \u00e7a que je me suis mise \u00e0 la boxe.\u00bb<\/em><\/p>\n<p>Ici, la boxe n&rsquo;est pas un d\u00e9fi sportif mais une r\u00e9ponse concr\u00e8te \u00e0 une pression quotidienne. La discipline lui procure les <a href=\"https:\/\/boxeur-pro.fr\/it\/pugilato\/tecniche-di-difesa-nel-pugilato-consigli-strategie-essenziali\/\" title=\"Techniques de d\u00e9fense en boxe\">tecniche di difesa<\/a> qui lui permettent de se sentir moins vuln\u00e9rable. M\u00eame constat chez Bianca Costa, chanteuse et danseuse qui pratique la boxe anglaise depuis un an gr\u00e2ce \u00e0 une rencontre avec le rappeur Hatik, qui lui a pr\u00e9sent\u00e9 son coach Yahia. Elle s&rsquo;entra\u00eene entre une et trois fois par semaine et dit clairement \u2014 <em>\u00abQuand je ne boxe pas, je ne me sens pas bien.\u00bb<\/em><\/p>\n<h3>Natacha Lubin, du ring au metal<\/h3>\n<p>Originaire de La Motte, pr\u00e8s de Loud\u00e9ac dans les C\u00f4tes-d&rsquo;Armor, Natacha Lubin cumule deux identit\u00e9s que tout oppose en apparence : championne de France de kick-boxing 2018 et chanteuse dans le groupe metal ObSyns depuis 2018. Elle m\u00e8ne aussi une carri\u00e8re solo depuis six ans, chante exclusivement en anglais et a sorti l&rsquo;EP <em>Blinking lights<\/em>, six titres dont une reprise de <em>Smells like teen spirit<\/em> de Nirvana. Avec le morceau <em>Slaughter Centuries<\/em>, compos\u00e9 par Philippe Sorel, elle remporte un concours RFM. Quatre enfants, un travail \u00e0 Loud\u00e9ac : rien ne l&rsquo;a stopp\u00e9e.<\/p>\n<p>Ces profils illustrent une tendance r\u00e9elle : la boxe attire des artistes qui cherchent, au-del\u00e0 de la forme physique, une discipline mentale. Les raisons varient :<\/p>\n<ol>\n<li>Gestion du stress et des \u00e9motions sur sc\u00e8ne<\/li>\n<li>Sentiment de puissance physique et de confiance en soi<\/li>\n<li>Capacit\u00e9 \u00e0 se d\u00e9fendre dans des environnements souvent hostiles<\/li>\n<li>Discipline et rigueur transf\u00e9rables \u00e0 l&rsquo;art<\/li>\n<\/ol>\n<h3>Ce que la boxe apporte vraiment aux artistes<\/h3>\n<p>Bianca Costa l&rsquo;exprime mieux que quiconque \u2014 avant la boxe, elle explosait chez elle en tapant sur des coussins. Depuis, elle g\u00e8re autrement. Elle ne boxe pas pour l&rsquo;esth\u00e9tique \u2014 <em>pour se d\u00e9fouler, pour se battre, pour se sentir forte<\/em>. Le ring devient un espace de reconqu\u00eate de soi, particuli\u00e8rement pour des femmes souvent expos\u00e9es au regard et aux agressions.<\/p>\n<p>N\u00e2diya, elle, l&rsquo;a toujours su instinctivement. Grandir avec Kader Zighem comme fr\u00e8re, c&rsquo;est comprendre t\u00f4t que <strong>la boxe forge autant le caract\u00e8re qu&rsquo;elle sculpte le corps<\/strong>. Pour qui veut approfondir la commode, les ressources ne manquent pas \u2014 le <a href=\"https:\/\/fr.wikipedia.org\/wiki\/Boxe\" title=\"wiki pugilato\">wiki pugilato<\/a> offre une base solide, et le <a href=\"https:\/\/pflmma.com\/\" title=\"sito dei combattenti\">sito dei combattenti<\/a> ouvre sur l&rsquo;univers plus large des arts martiaux. Se lancer, franchement, c&rsquo;est rarement une mauvaise id\u00e9e.<\/p>\n<div style='text-align:center;'><iframe width='560' height='315' src='https:\/\/www.youtube.com\/embed\/VfAr4fFDrS0' frameborder='0' allow='accelerometer; autoplay; clipboard-write; encrypted-media; gyroscope; picture-in-picture' allowfullscreen><\/iframe><\/div>","protected":false},"excerpt":{"rendered":"<p>L&rsquo;article en bref N\u00e2diya incarne l&rsquo;artiste qui fait de la boxe bien plus qu&rsquo;un simple loisir, une discipline fa\u00e7onnant son identit\u00e9 musicale et sportive depuis l&rsquo;enfance. Une athl\u00e8te avant tout : Championne de France junior au 800 m avant de conqu\u00e9rir les charts musicaux avec Parle-moi et Tired of being &#8230; <a title=\"Chanteuse qui a fait de la boxe : histoire et carri\u00e8re\" class=\"read-more\" href=\"https:\/\/boxeur-pro.fr\/it\/blog\/chanteuse-qui-a-fait-boxe-histoire-carriere\/\" aria-label=\"Per saperne di pi\u00f9 su Chanteuse qui a fait de la boxe : histoire et carri\u00e8re\">Leggi tutto<\/a><\/p>","protected":false},"author":2,"featured_media":4495,"comment_status":"open","ping_status":"","sticky":false,"template":"","format":"standard","meta":{"footnotes":""},"categories":[7],"tags":[],"class_list":["post-4499","post","type-post","status-publish","format-standard","has-post-thumbnail","hentry","category-boxe"],"yoast_head":"<!-- This site is optimized with the Yoast SEO plugin v27.5 - https:\/\/yoast.com\/product\/yoast-seo-wordpress\/ -->\n<title>Chanteuse qui a fait de la boxe : histoire et carri\u00e8re - Boxeur PRO<\/title>\n<meta name=\"robots\" content=\"index, follow, max-snippet:-1, max-image-preview:large, max-video-preview:-1\" \/>\n<link rel=\"canonical\" href=\"https:\/\/boxeur-pro.fr\/it\/blog\/chanteuse-qui-a-fait-boxe-histoire-carriere\/\" \/>\n<meta property=\"og:locale\" content=\"it_IT\" \/>\n<meta property=\"og:type\" content=\"article\" \/>\n<meta property=\"og:title\" content=\"Chanteuse qui a fait de la boxe : histoire et carri\u00e8re - Boxeur PRO\" \/>\n<meta property=\"og:description\" content=\"L&rsquo;article en bref N\u00e2diya incarne l&rsquo;artiste qui fait de la boxe bien plus qu&rsquo;un simple loisir, une discipline fa\u00e7onnant son identit\u00e9 musicale et sportive depuis l&rsquo;enfance. Une athl\u00e8te avant tout : Championne de France junior au 800 m avant de conqu\u00e9rir les charts musicaux avec Parle-moi et Tired of being ... Leggi tutto\" \/>\n<meta property=\"og:url\" content=\"https:\/\/boxeur-pro.fr\/it\/blog\/chanteuse-qui-a-fait-boxe-histoire-carriere\/\" \/>\n<meta property=\"og:site_name\" content=\"Boxeur PRO\" \/>\n<meta property=\"article:published_time\" content=\"2026-03-31T17:37:00+00:00\" \/>\n<meta name=\"author\" content=\"Maxime\" \/>\n<meta name=\"twitter:card\" content=\"summary_large_image\" \/>\n<meta name=\"twitter:label1\" content=\"Scritto da\" \/>\n\t<meta name=\"twitter:data1\" content=\"Maxime\" \/>\n\t<meta name=\"twitter:label2\" content=\"Tempo di lettura stimato\" \/>\n\t<meta name=\"twitter:data2\" content=\"6 minuti\" \/>\n<script type=\"application\/ld+json\" class=\"yoast-schema-graph\">{\"@context\":\"https:\\\/\\\/schema.org\",\"@graph\":[{\"@type\":\"Article\",\"@id\":\"https:\\\/\\\/boxeur-pro.fr\\\/it\\\/blog\\\/chanteuse-qui-a-fait-boxe-histoire-carriere\\\/#article\",\"isPartOf\":{\"@id\":\"https:\\\/\\\/boxeur-pro.fr\\\/it\\\/blog\\\/chanteuse-qui-a-fait-boxe-histoire-carriere\\\/\"},\"author\":{\"name\":\"Maxime\",\"@id\":\"https:\\\/\\\/boxeur-pro.fr\\\/it\\\/#\\\/schema\\\/person\\\/086d0ef78c9fe53d995cf72b71821937\"},\"headline\":\"Chanteuse qui a fait de la boxe : histoire et carri\u00e8re\",\"datePublished\":\"2026-03-31T17:37:00+00:00\",\"mainEntityOfPage\":{\"@id\":\"https:\\\/\\\/boxeur-pro.fr\\\/it\\\/blog\\\/chanteuse-qui-a-fait-boxe-histoire-carriere\\\/\"},\"wordCount\":1339,\"commentCount\":0,\"publisher\":{\"@id\":\"https:\\\/\\\/boxeur-pro.fr\\\/it\\\/#organization\"},\"image\":{\"@id\":\"https:\\\/\\\/boxeur-pro.fr\\\/it\\\/blog\\\/chanteuse-qui-a-fait-boxe-histoire-carriere\\\/#primaryimage\"},\"thumbnailUrl\":\"https:\\\/\\\/boxeur-pro.fr\\\/wp-content\\\/uploads\\\/2026\\\/04\\\/legance_dans_l_arene_de_boxe_1417.webp\",\"articleSection\":[\"Boxe\"],\"inLanguage\":\"it-IT\",\"potentialAction\":[{\"@type\":\"CommentAction\",\"name\":\"Comment\",\"target\":[\"https:\\\/\\\/boxeur-pro.fr\\\/it\\\/blog\\\/chanteuse-qui-a-fait-boxe-histoire-carriere\\\/#respond\"]}]},{\"@type\":\"WebPage\",\"@id\":\"https:\\\/\\\/boxeur-pro.fr\\\/it\\\/blog\\\/chanteuse-qui-a-fait-boxe-histoire-carriere\\\/\",\"url\":\"https:\\\/\\\/boxeur-pro.fr\\\/it\\\/blog\\\/chanteuse-qui-a-fait-boxe-histoire-carriere\\\/\",\"name\":\"Chanteuse qui a fait de la boxe : histoire et carri\u00e8re - Boxeur PRO\",\"isPartOf\":{\"@id\":\"https:\\\/\\\/boxeur-pro.fr\\\/it\\\/#website\"},\"primaryImageOfPage\":{\"@id\":\"https:\\\/\\\/boxeur-pro.fr\\\/it\\\/blog\\\/chanteuse-qui-a-fait-boxe-histoire-carriere\\\/#primaryimage\"},\"image\":{\"@id\":\"https:\\\/\\\/boxeur-pro.fr\\\/it\\\/blog\\\/chanteuse-qui-a-fait-boxe-histoire-carriere\\\/#primaryimage\"},\"thumbnailUrl\":\"https:\\\/\\\/boxeur-pro.fr\\\/wp-content\\\/uploads\\\/2026\\\/04\\\/legance_dans_l_arene_de_boxe_1417.webp\",\"datePublished\":\"2026-03-31T17:37:00+00:00\",\"breadcrumb\":{\"@id\":\"https:\\\/\\\/boxeur-pro.fr\\\/it\\\/blog\\\/chanteuse-qui-a-fait-boxe-histoire-carriere\\\/#breadcrumb\"},\"inLanguage\":\"it-IT\",\"potentialAction\":[{\"@type\":\"ReadAction\",\"target\":[\"https:\\\/\\\/boxeur-pro.fr\\\/it\\\/blog\\\/chanteuse-qui-a-fait-boxe-histoire-carriere\\\/\"]}]},{\"@type\":\"ImageObject\",\"inLanguage\":\"it-IT\",\"@id\":\"https:\\\/\\\/boxeur-pro.fr\\\/it\\\/blog\\\/chanteuse-qui-a-fait-boxe-histoire-carriere\\\/#primaryimage\",\"url\":\"https:\\\/\\\/boxeur-pro.fr\\\/wp-content\\\/uploads\\\/2026\\\/04\\\/legance_dans_l_arene_de_boxe_1417.webp\",\"contentUrl\":\"https:\\\/\\\/boxeur-pro.fr\\\/wp-content\\\/uploads\\\/2026\\\/04\\\/legance_dans_l_arene_de_boxe_1417.webp\",\"width\":1376,\"height\":768,\"caption\":\"Femme en robe paillette rouge tenant sac de boxe\"},{\"@type\":\"BreadcrumbList\",\"@id\":\"https:\\\/\\\/boxeur-pro.fr\\\/it\\\/blog\\\/chanteuse-qui-a-fait-boxe-histoire-carriere\\\/#breadcrumb\",\"itemListElement\":[{\"@type\":\"ListItem\",\"position\":1,\"name\":\"Accueil\",\"item\":\"https:\\\/\\\/boxeur-pro.fr\\\/\"},{\"@type\":\"ListItem\",\"position\":2,\"name\":\"Chanteuse qui a fait de la boxe : histoire et carri\u00e8re\"}]},{\"@type\":\"WebSite\",\"@id\":\"https:\\\/\\\/boxeur-pro.fr\\\/it\\\/#website\",\"url\":\"https:\\\/\\\/boxeur-pro.fr\\\/it\\\/\",\"name\":\"Boxeur PRO\",\"description\":\"\",\"publisher\":{\"@id\":\"https:\\\/\\\/boxeur-pro.fr\\\/it\\\/#organization\"},\"potentialAction\":[{\"@type\":\"SearchAction\",\"target\":{\"@type\":\"EntryPoint\",\"urlTemplate\":\"https:\\\/\\\/boxeur-pro.fr\\\/it\\\/?s={search_term_string}\"},\"query-input\":{\"@type\":\"PropertyValueSpecification\",\"valueRequired\":true,\"valueName\":\"search_term_string\"}}],\"inLanguage\":\"it-IT\"},{\"@type\":\"Organization\",\"@id\":\"https:\\\/\\\/boxeur-pro.fr\\\/it\\\/#organization\",\"name\":\"Boxeur PRO\",\"url\":\"https:\\\/\\\/boxeur-pro.fr\\\/it\\\/\",\"logo\":{\"@type\":\"ImageObject\",\"inLanguage\":\"it-IT\",\"@id\":\"https:\\\/\\\/boxeur-pro.fr\\\/it\\\/#\\\/schema\\\/logo\\\/image\\\/\",\"url\":\"https:\\\/\\\/boxeur-pro.fr\\\/wp-content\\\/uploads\\\/2024\\\/01\\\/LogoBoxeurProTransparent-1.png\",\"contentUrl\":\"https:\\\/\\\/boxeur-pro.fr\\\/wp-content\\\/uploads\\\/2024\\\/01\\\/LogoBoxeurProTransparent-1.png\",\"width\":709,\"height\":800,\"caption\":\"Boxeur PRO\"},\"image\":{\"@id\":\"https:\\\/\\\/boxeur-pro.fr\\\/it\\\/#\\\/schema\\\/logo\\\/image\\\/\"}},{\"@type\":\"Person\",\"@id\":\"https:\\\/\\\/boxeur-pro.fr\\\/it\\\/#\\\/schema\\\/person\\\/086d0ef78c9fe53d995cf72b71821937\",\"name\":\"Maxime\",\"image\":{\"@type\":\"ImageObject\",\"inLanguage\":\"it-IT\",\"@id\":\"https:\\\/\\\/secure.gravatar.com\\\/avatar\\\/ce38768ebaf5d044c623efd7ff10a6ad2e1bf4f59b1039f5295b8e35e82bb447?s=96&d=mm&r=g\",\"url\":\"https:\\\/\\\/secure.gravatar.com\\\/avatar\\\/ce38768ebaf5d044c623efd7ff10a6ad2e1bf4f59b1039f5295b8e35e82bb447?s=96&d=mm&r=g\",\"contentUrl\":\"https:\\\/\\\/secure.gravatar.com\\\/avatar\\\/ce38768ebaf5d044c623efd7ff10a6ad2e1bf4f59b1039f5295b8e35e82bb447?s=96&d=mm&r=g\",\"caption\":\"Maxime\"},\"url\":\"https:\\\/\\\/boxeur-pro.fr\\\/it\\\/author\\\/maxime\\\/\"}]}<\/script>\n<!-- \/ Yoast SEO plugin. -->","yoast_head_json":{"title":"Chanteuse qui a fait de la boxe : histoire et carri\u00e8re - Boxeur PRO","robots":{"index":"index","follow":"follow","max-snippet":"max-snippet:-1","max-image-preview":"max-image-preview:large","max-video-preview":"max-video-preview:-1"},"canonical":"https:\/\/boxeur-pro.fr\/it\/blog\/chanteuse-qui-a-fait-boxe-histoire-carriere\/","og_locale":"it_IT","og_type":"article","og_title":"Chanteuse qui a fait de la boxe : histoire et carri\u00e8re - Boxeur PRO","og_description":"L&rsquo;article en bref N\u00e2diya incarne l&rsquo;artiste qui fait de la boxe bien plus qu&rsquo;un simple loisir, une discipline fa\u00e7onnant son identit\u00e9 musicale et sportive depuis l&rsquo;enfance. Une athl\u00e8te avant tout : Championne de France junior au 800 m avant de conqu\u00e9rir les charts musicaux avec Parle-moi et Tired of being ... Leggi tutto","og_url":"https:\/\/boxeur-pro.fr\/it\/blog\/chanteuse-qui-a-fait-boxe-histoire-carriere\/","og_site_name":"Boxeur PRO","article_published_time":"2026-03-31T17:37:00+00:00","author":"Maxime","twitter_card":"summary_large_image","twitter_misc":{"Scritto da":"Maxime","Tempo di lettura stimato":"6 minuti"},"schema":{"@context":"https:\/\/schema.org","@graph":[{"@type":"Article","@id":"https:\/\/boxeur-pro.fr\/it\/blog\/chanteuse-qui-a-fait-boxe-histoire-carriere\/#article","isPartOf":{"@id":"https:\/\/boxeur-pro.fr\/it\/blog\/chanteuse-qui-a-fait-boxe-histoire-carriere\/"},"author":{"name":"Maxime","@id":"https:\/\/boxeur-pro.fr\/it\/#\/schema\/person\/086d0ef78c9fe53d995cf72b71821937"},"headline":"Chanteuse qui a fait de la boxe : histoire et carri\u00e8re","datePublished":"2026-03-31T17:37:00+00:00","mainEntityOfPage":{"@id":"https:\/\/boxeur-pro.fr\/it\/blog\/chanteuse-qui-a-fait-boxe-histoire-carriere\/"},"wordCount":1339,"commentCount":0,"publisher":{"@id":"https:\/\/boxeur-pro.fr\/it\/#organization"},"image":{"@id":"https:\/\/boxeur-pro.fr\/it\/blog\/chanteuse-qui-a-fait-boxe-histoire-carriere\/#primaryimage"},"thumbnailUrl":"https:\/\/boxeur-pro.fr\/wp-content\/uploads\/2026\/04\/legance_dans_l_arene_de_boxe_1417.webp","articleSection":["Boxe"],"inLanguage":"it-IT","potentialAction":[{"@type":"CommentAction","name":"Comment","target":["https:\/\/boxeur-pro.fr\/it\/blog\/chanteuse-qui-a-fait-boxe-histoire-carriere\/#respond"]}]},{"@type":"WebPage","@id":"https:\/\/boxeur-pro.fr\/it\/blog\/chanteuse-qui-a-fait-boxe-histoire-carriere\/","url":"https:\/\/boxeur-pro.fr\/it\/blog\/chanteuse-qui-a-fait-boxe-histoire-carriere\/","name":"Chanteuse qui a fait de la boxe : histoire et carri\u00e8re - Boxeur PRO","isPartOf":{"@id":"https:\/\/boxeur-pro.fr\/it\/#website"},"primaryImageOfPage":{"@id":"https:\/\/boxeur-pro.fr\/it\/blog\/chanteuse-qui-a-fait-boxe-histoire-carriere\/#primaryimage"},"image":{"@id":"https:\/\/boxeur-pro.fr\/it\/blog\/chanteuse-qui-a-fait-boxe-histoire-carriere\/#primaryimage"},"thumbnailUrl":"https:\/\/boxeur-pro.fr\/wp-content\/uploads\/2026\/04\/legance_dans_l_arene_de_boxe_1417.webp","datePublished":"2026-03-31T17:37:00+00:00","breadcrumb":{"@id":"https:\/\/boxeur-pro.fr\/it\/blog\/chanteuse-qui-a-fait-boxe-histoire-carriere\/#breadcrumb"},"inLanguage":"it-IT","potentialAction":[{"@type":"ReadAction","target":["https:\/\/boxeur-pro.fr\/it\/blog\/chanteuse-qui-a-fait-boxe-histoire-carriere\/"]}]},{"@type":"ImageObject","inLanguage":"it-IT","@id":"https:\/\/boxeur-pro.fr\/it\/blog\/chanteuse-qui-a-fait-boxe-histoire-carriere\/#primaryimage","url":"https:\/\/boxeur-pro.fr\/wp-content\/uploads\/2026\/04\/legance_dans_l_arene_de_boxe_1417.webp","contentUrl":"https:\/\/boxeur-pro.fr\/wp-content\/uploads\/2026\/04\/legance_dans_l_arene_de_boxe_1417.webp","width":1376,"height":768,"caption":"Femme en robe paillette rouge tenant sac de boxe"},{"@type":"BreadcrumbList","@id":"https:\/\/boxeur-pro.fr\/it\/blog\/chanteuse-qui-a-fait-boxe-histoire-carriere\/#breadcrumb","itemListElement":[{"@type":"ListItem","position":1,"name":"Accueil","item":"https:\/\/boxeur-pro.fr\/"},{"@type":"ListItem","position":2,"name":"Chanteuse qui a fait de la boxe : histoire et carri\u00e8re"}]},{"@type":"WebSite","@id":"https:\/\/boxeur-pro.fr\/it\/#website","url":"https:\/\/boxeur-pro.fr\/it\/","name":"Boxer PRO","description":"","publisher":{"@id":"https:\/\/boxeur-pro.fr\/it\/#organization"},"potentialAction":[{"@type":"SearchAction","target":{"@type":"EntryPoint","urlTemplate":"https:\/\/boxeur-pro.fr\/it\/?s={search_term_string}"},"query-input":{"@type":"PropertyValueSpecification","valueRequired":true,"valueName":"search_term_string"}}],"inLanguage":"it-IT"},{"@type":"Organization","@id":"https:\/\/boxeur-pro.fr\/it\/#organization","name":"Boxer PRO","url":"https:\/\/boxeur-pro.fr\/it\/","logo":{"@type":"ImageObject","inLanguage":"it-IT","@id":"https:\/\/boxeur-pro.fr\/it\/#\/schema\/logo\/image\/","url":"https:\/\/boxeur-pro.fr\/wp-content\/uploads\/2024\/01\/LogoBoxeurProTransparent-1.png","contentUrl":"https:\/\/boxeur-pro.fr\/wp-content\/uploads\/2024\/01\/LogoBoxeurProTransparent-1.png","width":709,"height":800,"caption":"Boxeur PRO"},"image":{"@id":"https:\/\/boxeur-pro.fr\/it\/#\/schema\/logo\/image\/"}},{"@type":"Person","@id":"https:\/\/boxeur-pro.fr\/it\/#\/schema\/person\/086d0ef78c9fe53d995cf72b71821937","name":"Maxime","image":{"@type":"ImageObject","inLanguage":"it-IT","@id":"https:\/\/secure.gravatar.com\/avatar\/ce38768ebaf5d044c623efd7ff10a6ad2e1bf4f59b1039f5295b8e35e82bb447?s=96&d=mm&r=g","url":"https:\/\/secure.gravatar.com\/avatar\/ce38768ebaf5d044c623efd7ff10a6ad2e1bf4f59b1039f5295b8e35e82bb447?s=96&d=mm&r=g","contentUrl":"https:\/\/secure.gravatar.com\/avatar\/ce38768ebaf5d044c623efd7ff10a6ad2e1bf4f59b1039f5295b8e35e82bb447?s=96&d=mm&r=g","caption":"Maxime"},"url":"https:\/\/boxeur-pro.fr\/it\/author\/maxime\/"}]}},"_links":{"self":[{"href":"https:\/\/boxeur-pro.fr\/it\/wp-json\/wp\/v2\/posts\/4499","targetHints":{"allow":["GET"]}}],"collection":[{"href":"https:\/\/boxeur-pro.fr\/it\/wp-json\/wp\/v2\/posts"}],"about":[{"href":"https:\/\/boxeur-pro.fr\/it\/wp-json\/wp\/v2\/types\/post"}],"author":[{"embeddable":true,"href":"https:\/\/boxeur-pro.fr\/it\/wp-json\/wp\/v2\/users\/2"}],"replies":[{"embeddable":true,"href":"https:\/\/boxeur-pro.fr\/it\/wp-json\/wp\/v2\/comments?post=4499"}],"version-history":[{"count":0,"href":"https:\/\/boxeur-pro.fr\/it\/wp-json\/wp\/v2\/posts\/4499\/revisions"}],"wp:featuredmedia":[{"embeddable":true,"href":"https:\/\/boxeur-pro.fr\/it\/wp-json\/wp\/v2\/media\/4495"}],"wp:attachment":[{"href":"https:\/\/boxeur-pro.fr\/it\/wp-json\/wp\/v2\/media?parent=4499"}],"wp:term":[{"taxonomy":"category","embeddable":true,"href":"https:\/\/boxeur-pro.fr\/it\/wp-json\/wp\/v2\/categories?post=4499"},{"taxonomy":"post_tag","embeddable":true,"href":"https:\/\/boxeur-pro.fr\/it\/wp-json\/wp\/v2\/tags?post=4499"}],"curies":[{"name":"wp","href":"https:\/\/api.w.org\/{rel}","templated":true}]}}