{"id":3069,"date":"2024-11-18T14:37:14","date_gmt":"2024-11-18T13:37:14","guid":{"rendered":"https:\/\/boxeur-pro.fr\/?p=3069"},"modified":"2024-11-18T14:37:15","modified_gmt":"2024-11-18T13:37:15","slug":"gdzie-boksowac-w-paryzu-najlepsze-silownie","status":"publish","type":"post","link":"https:\/\/boxeur-pro.fr\/pl\/ufc-310-date-et-heures\/","title":{"rendered":"UFC 310: Daty i godziny walk"},"content":{"rendered":"<h4 class=\"wp-block-heading\">Kr\u00f3tkie podsumowanie artyku\u0142u<\/h4>\n\n\n\n<figure class=\"wp-block-table\"><table class=\"has-fixed-layout\"><thead><tr><th><strong>Wydarzenie<\/strong><\/th><th><strong>Data<\/strong><\/th><th><strong>Lokalizacja<\/strong><\/th><th><strong>G\u0142\u00f3wne bitwy<\/strong><\/th><\/tr><\/thead><tbody><tr><td><strong>UFC 310<\/strong><\/td><td><strong>7 grudnia 2024 r.<\/strong><\/td><td><strong>T-Mobile Arena, Las Vegas<\/strong><\/td><td><strong>Pantoja vs. Asakura<\/strong><\/td><\/tr><\/tbody><\/table><\/figure>\n\n\n\n<h3 class=\"wp-block-heading\">Wprowadzenie<\/h3>\n\n\n\n<p>Witajcie fani MMA! UFC 310 zbli\u017ca si\u0119 wielkimi krokami i czas przygotowa\u0107 si\u0119 na to, co zapowiada si\u0119 na niezapomniany wiecz\u00f3r. Niezale\u017cnie od tego, czy jeste\u015b d\u0142ugoletnim fanem, czy nowicjuszem w \u015bwiecie UFC, tego wydarzenia nie mo\u017cna przegapi\u0107. Rozsi\u0105d\u017a si\u0119 wi\u0119c wygodnie i sprawd\u017amy, co czeka nas na UFC 310.<\/p>\n\n\n\n<h2 class=\"wp-block-heading\">UFC 310: Daty i godziny walk<\/h2>\n\n\n\n<p>UFC 310 odb\u0119dzie si\u0119 w sobot\u0119 7 grudnia 2024 roku w T-Mobile Arena w Las Vegas. Dla fan\u00f3w we Francji g\u0142\u00f3wna karta rozpoczyna si\u0119 o 4 rano w niedziel\u0119 8 grudnia, wi\u0119c przygotuj kaw\u0119 na pe\u0142n\u0105 adrenaliny ca\u0142onocn\u0105 noc.<\/p>\n\n\n\n<h3 class=\"wp-block-heading\">G\u0142\u00f3wne walki UFC 310<\/h3>\n\n\n\n<p>W g\u0142\u00f3wnej walce Alexandre Pantoja b\u0119dzie broni\u0142 swojego tytu\u0142u. <a href=\"https:\/\/boxeur-pro.fr\/pl\/boxe\/mike-tyson-poids\/\">waga<\/a> zmierzy si\u0119 z debiutantem Kaiem Asakur\u0105. Zapowiada si\u0119 wybuchowe starcie, w kt\u00f3rym Pantoja b\u0119dzie chcia\u0142 umocni\u0107 swoj\u0105 dominacj\u0119, a Asakura zadebiutowa\u0107 w UFC.<\/p>\n\n\n\n<h3 class=\"wp-block-heading\">Co-main event: Rakhmonov vs Garry<\/h3>\n\n\n\n<p>Pocz\u0105tkowo planowano zmierzy\u0107 si\u0119 z mistrzem wagi p\u00f3\u0142\u015bredniej Belalem Muhammadem, Shavkat Rakhmonov zmierzy si\u0119 teraz z Ianem Machado Garrym w pi\u0119ciorundowej walce. Ta zmiana w ostatniej chwili dodaje dodatkow\u0105 dawk\u0119 emocji do wieczoru.<\/p>\n\n\n\n<h3 class=\"wp-block-heading\">Inne bitwy do obejrzenia<\/h3>\n\n\n\n<p>Francuz Ciryl Gane ponownie zmierzy si\u0119 z Alexandrem Volkovem w bardzo oczekiwanej walce w wadze ci\u0119\u017ckiej. Ponadto w programie znalaz\u0142o si\u0119 starcie Movsara Evloeva z Aljamainem Sterlingiem, kt\u00f3re zapowiada si\u0119 na kilka technicznych wymian na wysokim poziomie.<\/p>\n\n\n\n<h2 class=\"wp-block-heading\">Jak ogl\u0105da\u0107 UFC 310 we Francji<\/h2>\n\n\n\n<p>Dla fan\u00f3w we Francji UFC 310 b\u0119dzie transmitowane na \u017cywo na zwyk\u0142ych platformach UFC. Koniecznie sprawd\u017a harmonogramy i opcje transmisji, aby nie przegapi\u0107 tego wyj\u0105tkowego wieczoru.<\/p>\n\n\n\n<h3 class=\"wp-block-heading\">Przygotuj si\u0119 na wiecz\u00f3r<\/h3>\n\n\n\n<p>Niezale\u017cnie od tego, czy jeste\u015b w domu, czy z przyjaci\u00f3\u0142mi, przygotuj si\u0119 na noc pe\u0142n\u0105 akcji. Nie zapomnij o przek\u0105skach, napojach i oczywi\u015bcie o swojej pasji do MMA.<\/p>\n\n\n\n<h3 class=\"wp-block-heading\">Wnioski<\/h3>\n\n\n\n<p>UFC 310 zapowiada si\u0119 na wydarzenie obowi\u0105zkowe dla wszystkich fan\u00f3w MMA. Dzi\u0119ki imponuj\u0105cej karcie walk i zawodnikom gotowym da\u0107 z siebie wszystko, wiecz\u00f3r zapowiada si\u0119 pe\u0142en emocji. Warto wi\u0119c zaznaczy\u0107 t\u0119 dat\u0119 w kalendarzu i przygotowa\u0107 si\u0119 na niezapomniane wra\u017cenia.<\/p>","protected":false},"excerpt":{"rendered":"<p>Szybkie podsumowanie artyku\u0142u w skr\u00f3cie Wydarzenie Data Lokalizacja G\u0142\u00f3wne walki UFC 310 7 grudnia 2024 T-Mobile Arena, Las Vegas Pantoja vs. Asakura Wprowadzenie Witam wszystkich fan\u00f3w MMA! UFC 310 zbli\u017ca si\u0119 wielkimi krokami i czas przygotowa\u0107 si\u0119 na noc, kt\u00f3ra zapowiada si\u0119 ... <a title=\"UFC 310: Daty i godziny walk\" class=\"read-more\" href=\"https:\/\/boxeur-pro.fr\/pl\/ufc-310-date-et-heures\/\" aria-label=\"Dowiedz si\u0119 wi\u0119cej o UFC 310 : Date et heures des combats\">Czytaj dalej<\/a><\/p>","protected":false},"author":2,"featured_media":3097,"comment_status":"open","ping_status":"closed","sticky":false,"template":"","format":"standard","meta":{"footnotes":""},"categories":[7],"tags":[],"class_list":["post-3069","post","type-post","status-publish","format-standard","has-post-thumbnail","hentry","category-boxe"],"yoast_head":"<!-- This site is optimized with the Yoast SEO plugin v27.5 - https:\/\/yoast.com\/product\/yoast-seo-wordpress\/ -->\n<title>UFC 310 : Date et heures des combats - Boxeur PRO<\/title>\n<meta name=\"description\" content=\"L&#039;UFC 310 se d\u00e9roulera le samedi 7 d\u00e9cembre 2024 \u00e0 la T-Mobile Arena de Las Vegas. Pour les fans en France, la carte principale\" \/>\n<meta name=\"robots\" content=\"index, follow, max-snippet:-1, max-image-preview:large, max-video-preview:-1\" \/>\n<link rel=\"canonical\" href=\"https:\/\/boxeur-pro.fr\/pl\/ufc-310-data-i-godzina\/\" \/>\n<meta property=\"og:locale\" content=\"pl_PL\" \/>\n<meta property=\"og:type\" content=\"article\" \/>\n<meta property=\"og:title\" content=\"UFC 310 : Date et heures des combats - Boxeur PRO\" \/>\n<meta property=\"og:description\" content=\"L&#039;UFC 310 se d\u00e9roulera le samedi 7 d\u00e9cembre 2024 \u00e0 la T-Mobile Arena de Las Vegas. Pour les fans en France, la carte principale\" \/>\n<meta property=\"og:url\" content=\"https:\/\/boxeur-pro.fr\/pl\/ufc-310-data-i-godzina\/\" \/>\n<meta property=\"og:site_name\" content=\"Boxeur PRO\" \/>\n<meta property=\"article:published_time\" content=\"2024-11-18T13:37:14+00:00\" \/>\n<meta property=\"article:modified_time\" content=\"2024-11-18T13:37:15+00:00\" \/>\n<meta property=\"og:image\" content=\"https:\/\/boxeur-pro.fr\/wp-content\/uploads\/2024\/12\/crystalprod_imagine_an_ultra_realistic_photo_of_a_UFC_fighting__84502132-d70c-4d35-bcf8-021667e5b60a.png\" \/>\n\t<meta property=\"og:image:width\" content=\"1024\" \/>\n\t<meta property=\"og:image:height\" content=\"1024\" \/>\n\t<meta property=\"og:image:type\" content=\"image\/png\" \/>\n<meta name=\"author\" content=\"Maxime\" \/>\n<meta name=\"twitter:card\" content=\"summary_large_image\" \/>\n<meta name=\"twitter:label1\" content=\"Napisane przez\" \/>\n\t<meta name=\"twitter:data1\" content=\"Maxime\" \/>\n\t<meta name=\"twitter:label2\" content=\"Szacowany czas czytania\" \/>\n\t<meta name=\"twitter:data2\" content=\"3 minuty\" \/>\n<script type=\"application\/ld+json\" class=\"yoast-schema-graph\">{\"@context\":\"https:\\\/\\\/schema.org\",\"@graph\":[{\"@type\":\"Article\",\"@id\":\"https:\\\/\\\/boxeur-pro.fr\\\/pl\\\/ufc-310-date-et-heures\\\/#article\",\"isPartOf\":{\"@id\":\"https:\\\/\\\/boxeur-pro.fr\\\/pl\\\/ufc-310-date-et-heures\\\/\"},\"author\":{\"name\":\"Maxime\",\"@id\":\"https:\\\/\\\/boxeur-pro.fr\\\/pl\\\/#\\\/schema\\\/person\\\/086d0ef78c9fe53d995cf72b71821937\"},\"headline\":\"UFC 310 : Date et heures des combats\",\"datePublished\":\"2024-11-18T13:37:14+00:00\",\"dateModified\":\"2024-11-18T13:37:15+00:00\",\"mainEntityOfPage\":{\"@id\":\"https:\\\/\\\/boxeur-pro.fr\\\/pl\\\/ufc-310-date-et-heures\\\/\"},\"wordCount\":422,\"commentCount\":0,\"publisher\":{\"@id\":\"https:\\\/\\\/boxeur-pro.fr\\\/pl\\\/#organization\"},\"image\":{\"@id\":\"https:\\\/\\\/boxeur-pro.fr\\\/pl\\\/ufc-310-date-et-heures\\\/#primaryimage\"},\"thumbnailUrl\":\"https:\\\/\\\/boxeur-pro.fr\\\/wp-content\\\/uploads\\\/2024\\\/12\\\/crystalprod_imagine_an_ultra_realistic_photo_of_a_UFC_fighting__84502132-d70c-4d35-bcf8-021667e5b60a.png\",\"articleSection\":[\"Boxe\"],\"inLanguage\":\"pl-PL\",\"potentialAction\":[{\"@type\":\"CommentAction\",\"name\":\"Comment\",\"target\":[\"https:\\\/\\\/boxeur-pro.fr\\\/pl\\\/ufc-310-date-et-heures\\\/#respond\"]}]},{\"@type\":\"WebPage\",\"@id\":\"https:\\\/\\\/boxeur-pro.fr\\\/pl\\\/ufc-310-date-et-heures\\\/\",\"url\":\"https:\\\/\\\/boxeur-pro.fr\\\/pl\\\/ufc-310-date-et-heures\\\/\",\"name\":\"UFC 310 : Date et heures des combats - Boxeur PRO\",\"isPartOf\":{\"@id\":\"https:\\\/\\\/boxeur-pro.fr\\\/pl\\\/#website\"},\"primaryImageOfPage\":{\"@id\":\"https:\\\/\\\/boxeur-pro.fr\\\/pl\\\/ufc-310-date-et-heures\\\/#primaryimage\"},\"image\":{\"@id\":\"https:\\\/\\\/boxeur-pro.fr\\\/pl\\\/ufc-310-date-et-heures\\\/#primaryimage\"},\"thumbnailUrl\":\"https:\\\/\\\/boxeur-pro.fr\\\/wp-content\\\/uploads\\\/2024\\\/12\\\/crystalprod_imagine_an_ultra_realistic_photo_of_a_UFC_fighting__84502132-d70c-4d35-bcf8-021667e5b60a.png\",\"datePublished\":\"2024-11-18T13:37:14+00:00\",\"dateModified\":\"2024-11-18T13:37:15+00:00\",\"description\":\"L'UFC 310 se d\u00e9roulera le samedi 7 d\u00e9cembre 2024 \u00e0 la T-Mobile Arena de Las Vegas. Pour les fans en France, la carte principale\",\"breadcrumb\":{\"@id\":\"https:\\\/\\\/boxeur-pro.fr\\\/pl\\\/ufc-310-date-et-heures\\\/#breadcrumb\"},\"inLanguage\":\"pl-PL\",\"potentialAction\":[{\"@type\":\"ReadAction\",\"target\":[\"https:\\\/\\\/boxeur-pro.fr\\\/pl\\\/ufc-310-date-et-heures\\\/\"]}]},{\"@type\":\"ImageObject\",\"inLanguage\":\"pl-PL\",\"@id\":\"https:\\\/\\\/boxeur-pro.fr\\\/pl\\\/ufc-310-date-et-heures\\\/#primaryimage\",\"url\":\"https:\\\/\\\/boxeur-pro.fr\\\/wp-content\\\/uploads\\\/2024\\\/12\\\/crystalprod_imagine_an_ultra_realistic_photo_of_a_UFC_fighting__84502132-d70c-4d35-bcf8-021667e5b60a.png\",\"contentUrl\":\"https:\\\/\\\/boxeur-pro.fr\\\/wp-content\\\/uploads\\\/2024\\\/12\\\/crystalprod_imagine_an_ultra_realistic_photo_of_a_UFC_fighting__84502132-d70c-4d35-bcf8-021667e5b60a.png\",\"width\":1024,\"height\":1024,\"caption\":\"UFC 310\"},{\"@type\":\"BreadcrumbList\",\"@id\":\"https:\\\/\\\/boxeur-pro.fr\\\/pl\\\/ufc-310-date-et-heures\\\/#breadcrumb\",\"itemListElement\":[{\"@type\":\"ListItem\",\"position\":1,\"name\":\"Accueil\",\"item\":\"https:\\\/\\\/boxeur-pro.fr\\\/\"},{\"@type\":\"ListItem\",\"position\":2,\"name\":\"UFC 310 : Date et heures des combats\"}]},{\"@type\":\"WebSite\",\"@id\":\"https:\\\/\\\/boxeur-pro.fr\\\/pl\\\/#website\",\"url\":\"https:\\\/\\\/boxeur-pro.fr\\\/pl\\\/\",\"name\":\"Boxeur PRO\",\"description\":\"\",\"publisher\":{\"@id\":\"https:\\\/\\\/boxeur-pro.fr\\\/pl\\\/#organization\"},\"potentialAction\":[{\"@type\":\"SearchAction\",\"target\":{\"@type\":\"EntryPoint\",\"urlTemplate\":\"https:\\\/\\\/boxeur-pro.fr\\\/pl\\\/?s={search_term_string}\"},\"query-input\":{\"@type\":\"PropertyValueSpecification\",\"valueRequired\":true,\"valueName\":\"search_term_string\"}}],\"inLanguage\":\"pl-PL\"},{\"@type\":\"Organization\",\"@id\":\"https:\\\/\\\/boxeur-pro.fr\\\/pl\\\/#organization\",\"name\":\"Boxeur PRO\",\"url\":\"https:\\\/\\\/boxeur-pro.fr\\\/pl\\\/\",\"logo\":{\"@type\":\"ImageObject\",\"inLanguage\":\"pl-PL\",\"@id\":\"https:\\\/\\\/boxeur-pro.fr\\\/pl\\\/#\\\/schema\\\/logo\\\/image\\\/\",\"url\":\"https:\\\/\\\/boxeur-pro.fr\\\/wp-content\\\/uploads\\\/2024\\\/01\\\/LogoBoxeurProTransparent-1.png\",\"contentUrl\":\"https:\\\/\\\/boxeur-pro.fr\\\/wp-content\\\/uploads\\\/2024\\\/01\\\/LogoBoxeurProTransparent-1.png\",\"width\":709,\"height\":800,\"caption\":\"Boxeur PRO\"},\"image\":{\"@id\":\"https:\\\/\\\/boxeur-pro.fr\\\/pl\\\/#\\\/schema\\\/logo\\\/image\\\/\"}},{\"@type\":\"Person\",\"@id\":\"https:\\\/\\\/boxeur-pro.fr\\\/pl\\\/#\\\/schema\\\/person\\\/086d0ef78c9fe53d995cf72b71821937\",\"name\":\"Maxime\",\"image\":{\"@type\":\"ImageObject\",\"inLanguage\":\"pl-PL\",\"@id\":\"https:\\\/\\\/secure.gravatar.com\\\/avatar\\\/ce38768ebaf5d044c623efd7ff10a6ad2e1bf4f59b1039f5295b8e35e82bb447?s=96&d=mm&r=g\",\"url\":\"https:\\\/\\\/secure.gravatar.com\\\/avatar\\\/ce38768ebaf5d044c623efd7ff10a6ad2e1bf4f59b1039f5295b8e35e82bb447?s=96&d=mm&r=g\",\"contentUrl\":\"https:\\\/\\\/secure.gravatar.com\\\/avatar\\\/ce38768ebaf5d044c623efd7ff10a6ad2e1bf4f59b1039f5295b8e35e82bb447?s=96&d=mm&r=g\",\"caption\":\"Maxime\"},\"url\":\"https:\\\/\\\/boxeur-pro.fr\\\/pl\\\/author\\\/maxime\\\/\"}]}<\/script>\n<!-- \/ Yoast SEO plugin. -->","yoast_head_json":{"title":"UFC 310: Daty i godziny walk - Boxeur PRO","description":"UFC 310 odb\u0119dzie si\u0119 w sobot\u0119 7 grudnia 2024 roku w T-Mobile Arena w Las Vegas. Dla fan\u00f3w we Francji karta g\u0142\u00f3wna","robots":{"index":"index","follow":"follow","max-snippet":"max-snippet:-1","max-image-preview":"max-image-preview:large","max-video-preview":"max-video-preview:-1"},"canonical":"https:\/\/boxeur-pro.fr\/pl\/ufc-310-data-i-godzina\/","og_locale":"pl_PL","og_type":"article","og_title":"UFC 310 : Date et heures des combats - Boxeur PRO","og_description":"L'UFC 310 se d\u00e9roulera le samedi 7 d\u00e9cembre 2024 \u00e0 la T-Mobile Arena de Las Vegas. Pour les fans en France, la carte principale","og_url":"https:\/\/boxeur-pro.fr\/pl\/ufc-310-data-i-godzina\/","og_site_name":"Boxeur PRO","article_published_time":"2024-11-18T13:37:14+00:00","article_modified_time":"2024-11-18T13:37:15+00:00","og_image":[{"width":1024,"height":1024,"url":"https:\/\/boxeur-pro.fr\/wp-content\/uploads\/2024\/12\/crystalprod_imagine_an_ultra_realistic_photo_of_a_UFC_fighting__84502132-d70c-4d35-bcf8-021667e5b60a.png","type":"image\/png"}],"author":"Maxime","twitter_card":"summary_large_image","twitter_misc":{"Napisane przez":"Maxime","Szacowany czas czytania":"3 minuty"},"schema":{"@context":"https:\/\/schema.org","@graph":[{"@type":"Article","@id":"https:\/\/boxeur-pro.fr\/pl\/ufc-310-date-et-heures\/#article","isPartOf":{"@id":"https:\/\/boxeur-pro.fr\/pl\/ufc-310-date-et-heures\/"},"author":{"name":"Maxime","@id":"https:\/\/boxeur-pro.fr\/pl\/#\/schema\/person\/086d0ef78c9fe53d995cf72b71821937"},"headline":"UFC 310 : Date et heures des combats","datePublished":"2024-11-18T13:37:14+00:00","dateModified":"2024-11-18T13:37:15+00:00","mainEntityOfPage":{"@id":"https:\/\/boxeur-pro.fr\/pl\/ufc-310-date-et-heures\/"},"wordCount":422,"commentCount":0,"publisher":{"@id":"https:\/\/boxeur-pro.fr\/pl\/#organization"},"image":{"@id":"https:\/\/boxeur-pro.fr\/pl\/ufc-310-date-et-heures\/#primaryimage"},"thumbnailUrl":"https:\/\/boxeur-pro.fr\/wp-content\/uploads\/2024\/12\/crystalprod_imagine_an_ultra_realistic_photo_of_a_UFC_fighting__84502132-d70c-4d35-bcf8-021667e5b60a.png","articleSection":["Boxe"],"inLanguage":"pl-PL","potentialAction":[{"@type":"CommentAction","name":"Comment","target":["https:\/\/boxeur-pro.fr\/pl\/ufc-310-date-et-heures\/#respond"]}]},{"@type":"WebPage","@id":"https:\/\/boxeur-pro.fr\/pl\/ufc-310-date-et-heures\/","url":"https:\/\/boxeur-pro.fr\/pl\/ufc-310-date-et-heures\/","name":"UFC 310: Daty i godziny walk - Boxeur PRO","isPartOf":{"@id":"https:\/\/boxeur-pro.fr\/pl\/#website"},"primaryImageOfPage":{"@id":"https:\/\/boxeur-pro.fr\/pl\/ufc-310-date-et-heures\/#primaryimage"},"image":{"@id":"https:\/\/boxeur-pro.fr\/pl\/ufc-310-date-et-heures\/#primaryimage"},"thumbnailUrl":"https:\/\/boxeur-pro.fr\/wp-content\/uploads\/2024\/12\/crystalprod_imagine_an_ultra_realistic_photo_of_a_UFC_fighting__84502132-d70c-4d35-bcf8-021667e5b60a.png","datePublished":"2024-11-18T13:37:14+00:00","dateModified":"2024-11-18T13:37:15+00:00","description":"UFC 310 odb\u0119dzie si\u0119 w sobot\u0119 7 grudnia 2024 roku w T-Mobile Arena w Las Vegas. Dla fan\u00f3w we Francji karta g\u0142\u00f3wna","breadcrumb":{"@id":"https:\/\/boxeur-pro.fr\/pl\/ufc-310-date-et-heures\/#breadcrumb"},"inLanguage":"pl-PL","potentialAction":[{"@type":"ReadAction","target":["https:\/\/boxeur-pro.fr\/pl\/ufc-310-date-et-heures\/"]}]},{"@type":"ImageObject","inLanguage":"pl-PL","@id":"https:\/\/boxeur-pro.fr\/pl\/ufc-310-date-et-heures\/#primaryimage","url":"https:\/\/boxeur-pro.fr\/wp-content\/uploads\/2024\/12\/crystalprod_imagine_an_ultra_realistic_photo_of_a_UFC_fighting__84502132-d70c-4d35-bcf8-021667e5b60a.png","contentUrl":"https:\/\/boxeur-pro.fr\/wp-content\/uploads\/2024\/12\/crystalprod_imagine_an_ultra_realistic_photo_of_a_UFC_fighting__84502132-d70c-4d35-bcf8-021667e5b60a.png","width":1024,"height":1024,"caption":"UFC 310"},{"@type":"BreadcrumbList","@id":"https:\/\/boxeur-pro.fr\/pl\/ufc-310-date-et-heures\/#breadcrumb","itemListElement":[{"@type":"ListItem","position":1,"name":"Accueil","item":"https:\/\/boxeur-pro.fr\/"},{"@type":"ListItem","position":2,"name":"UFC 310 : Date et heures des combats"}]},{"@type":"WebSite","@id":"https:\/\/boxeur-pro.fr\/pl\/#website","url":"https:\/\/boxeur-pro.fr\/pl\/","name":"PRO Boxer","description":"","publisher":{"@id":"https:\/\/boxeur-pro.fr\/pl\/#organization"},"potentialAction":[{"@type":"SearchAction","target":{"@type":"EntryPoint","urlTemplate":"https:\/\/boxeur-pro.fr\/pl\/?s={search_term_string}"},"query-input":{"@type":"PropertyValueSpecification","valueRequired":true,"valueName":"search_term_string"}}],"inLanguage":"pl-PL"},{"@type":"Organization","@id":"https:\/\/boxeur-pro.fr\/pl\/#organization","name":"PRO Boxer","url":"https:\/\/boxeur-pro.fr\/pl\/","logo":{"@type":"ImageObject","inLanguage":"pl-PL","@id":"https:\/\/boxeur-pro.fr\/pl\/#\/schema\/logo\/image\/","url":"https:\/\/boxeur-pro.fr\/wp-content\/uploads\/2024\/01\/LogoBoxeurProTransparent-1.png","contentUrl":"https:\/\/boxeur-pro.fr\/wp-content\/uploads\/2024\/01\/LogoBoxeurProTransparent-1.png","width":709,"height":800,"caption":"Boxeur PRO"},"image":{"@id":"https:\/\/boxeur-pro.fr\/pl\/#\/schema\/logo\/image\/"}},{"@type":"Person","@id":"https:\/\/boxeur-pro.fr\/pl\/#\/schema\/person\/086d0ef78c9fe53d995cf72b71821937","name":"Maxime","image":{"@type":"ImageObject","inLanguage":"pl-PL","@id":"https:\/\/secure.gravatar.com\/avatar\/ce38768ebaf5d044c623efd7ff10a6ad2e1bf4f59b1039f5295b8e35e82bb447?s=96&d=mm&r=g","url":"https:\/\/secure.gravatar.com\/avatar\/ce38768ebaf5d044c623efd7ff10a6ad2e1bf4f59b1039f5295b8e35e82bb447?s=96&d=mm&r=g","contentUrl":"https:\/\/secure.gravatar.com\/avatar\/ce38768ebaf5d044c623efd7ff10a6ad2e1bf4f59b1039f5295b8e35e82bb447?s=96&d=mm&r=g","caption":"Maxime"},"url":"https:\/\/boxeur-pro.fr\/pl\/author\/maxime\/"}]}},"_links":{"self":[{"href":"https:\/\/boxeur-pro.fr\/pl\/wp-json\/wp\/v2\/posts\/3069","targetHints":{"allow":["GET"]}}],"collection":[{"href":"https:\/\/boxeur-pro.fr\/pl\/wp-json\/wp\/v2\/posts"}],"about":[{"href":"https:\/\/boxeur-pro.fr\/pl\/wp-json\/wp\/v2\/types\/post"}],"author":[{"embeddable":true,"href":"https:\/\/boxeur-pro.fr\/pl\/wp-json\/wp\/v2\/users\/2"}],"replies":[{"embeddable":true,"href":"https:\/\/boxeur-pro.fr\/pl\/wp-json\/wp\/v2\/comments?post=3069"}],"version-history":[{"count":1,"href":"https:\/\/boxeur-pro.fr\/pl\/wp-json\/wp\/v2\/posts\/3069\/revisions"}],"predecessor-version":[{"id":3096,"href":"https:\/\/boxeur-pro.fr\/pl\/wp-json\/wp\/v2\/posts\/3069\/revisions\/3096"}],"wp:featuredmedia":[{"embeddable":true,"href":"https:\/\/boxeur-pro.fr\/pl\/wp-json\/wp\/v2\/media\/3097"}],"wp:attachment":[{"href":"https:\/\/boxeur-pro.fr\/pl\/wp-json\/wp\/v2\/media?parent=3069"}],"wp:term":[{"taxonomy":"category","embeddable":true,"href":"https:\/\/boxeur-pro.fr\/pl\/wp-json\/wp\/v2\/categories?post=3069"},{"taxonomy":"post_tag","embeddable":true,"href":"https:\/\/boxeur-pro.fr\/pl\/wp-json\/wp\/v2\/tags?post=3069"}],"curies":[{"name":"wp","href":"https:\/\/api.w.org\/{rel}","templated":true}]}}