{"id":3323,"date":"2025-01-22T00:38:36","date_gmt":"2025-01-21T23:38:36","guid":{"rendered":"https:\/\/boxeur-pro.fr\/?p=3323"},"modified":"2025-01-22T00:38:36","modified_gmt":"2025-01-21T23:38:36","slug":"djime-coulibaly-historia-sukcesu-malijskiego-artysty","status":"publish","type":"post","link":"https:\/\/boxeur-pro.fr\/pl\/blog\/djime-coulibaly-parcours-succes-lartiste-malien\/","title":{"rendered":"Djim\u00e9 Coulibaly: kariera i sukcesy malijskiego artysty"},"content":{"rendered":"<p><strong>Artyku\u0142 w skr\u00f3cie<\/strong><\/p>\n<p>Djim\u00e9 Coulibaly, francuski bokser Muay Thai, sta\u0142 si\u0119 kluczow\u0105 postaci\u0105 na francuskiej scenie pugilistycznej.<\/p>\n<ul>\n<li><strong>Mistrz Francji<\/strong> klasa A przy czterech okazjach<\/li>\n<li>Tytu\u0142 <strong>Mistrz Europy WBC<\/strong> w 2010 r.<\/li>\n<li>Konsekracja z tytu\u0142em <strong>Mistrz \u015bwiata WMC<\/strong> w 2014 r.<\/li>\n<li><i>Unikalny styl walki<\/i> Po\u0142\u0105czenie techniki i mocy<\/li>\n<li>Pozytywny wp\u0142yw na spo\u0142eczno\u015b\u0107, staj\u0105c si\u0119 <i>model dla m\u0142odych ludzi<\/i><\/li>\n<\/ul>\n<p><strong>Djim\u00e9 Coulibaly<\/strong>francuski bokser Muay Thai, sta\u0142 si\u0119 kluczow\u0105 postaci\u0105 na francuskiej scenie pugilistycznej. Urodzony w Pary\u017cu, ten wyj\u0105tkowy zawodnik pi\u0105\u0142 si\u0119 po szczeblach kariery z determinacj\u0105 i talentem. Jego kariera, poparta zwyci\u0119stwami i presti\u017cowymi tytu\u0142ami, \u015bwiadczy o jego niezachwianym zaanga\u017cowaniu w \u015bwiat pugilizmu. <i>szlachetna sztuka tajska<\/i>.<\/p>\n<h2>Imponuj\u0105ca lista osi\u0105gni\u0119\u0107 i najwa\u017cniejszych tytu\u0142\u00f3w<\/h2>\n<h3>Od obiecuj\u0105cych pocz\u0105tk\u00f3w do europejskiej konsekracji<\/h3>\n<p>Djim\u00e9 Coulibaly rozpocz\u0105\u0142 karier\u0119 w boksie tajskim w wieku 12-13 lat, szybko demonstruj\u0105c niezwyk\u0142e umiej\u0119tno\u015bci. Jego b\u0142yskawiczny rozw\u00f3j doprowadzi\u0142 go do czterokrotnego zdobycia tytu\u0142u francuskiej klasy A, demonstruj\u0105c swoj\u0105 dominacj\u0119 na scenie krajowej. W 2010 roku, w wieku zaledwie 26 lat, osi\u0105gn\u0105\u0142 decyduj\u0105cy kamie\u0144 milowy poprzez <strong>zdobywaj\u0105c tytu\u0142 mistrza Europy WBC<\/strong>By\u0142 to jego pierwszy kontynentalny sukces.<\/p>\n<h3>Zdobycie tytu\u0142u mistrza \u015bwiata<\/h3>\n<p>Punkt kulminacyjny jego kariery nast\u0105pi\u0142 w 2014 roku, kiedy Djim\u00e9 Coulibaly zdoby\u0142 tytu\u0142 mistrza \u015bwiata WMC. To mi\u0119dzynarodowe wyr\u00f3\u017cnienie ukoronowa\u0142o lata wysi\u0142k\u00f3w i po\u015bwi\u0119ce\u0144, stawiaj\u0105c francuskiego boksera w\u015br\u00f3d \u015bwiatowej elity Muay Thai. Jego imponuj\u0105cy rekord obejmuje :<\/p>\n<ul>\n<li>48 walk zawodowych<\/li>\n<li>35 zwyci\u0119stw<\/li>\n<li>9 pora\u017cek<\/li>\n<li>4 losowania<\/li>\n<\/ul>\n<h3>Uznanie na poziomie lokalnym i krajowym<\/h3>\n<p>Osi\u0105gni\u0119cia Coulibaly'ego nie pozosta\u0142y niezauwa\u017cone. Po zdobyciu tytu\u0142u mistrza Europy w 2010 roku, ratusz w Saint-Denis, gdzie Coulibaly trenuje, zorganizowa\u0142 przyj\u0119cie na jego cze\u015b\u0107. Uroczysto\u015b\u0107 podkre\u015bli\u0142a pozytywny wp\u0142yw mistrza na jego spo\u0142eczno\u015b\u0107 i jego status jako wzoru do na\u015bladowania dla lokalnej m\u0142odzie\u017cy.<\/p>\n<h2>Unikalny styl walki i niezapomniane konfrontacje<\/h2>\n<h3>Niezwyk\u0142e w\u0142a\u015bciwo\u015bci techniczne<\/h3>\n<p>Charakterystyczny styl walki Djim\u00e9 Coulibaly'ego \u0142\u0105czy w sobie technik\u0119 i si\u0142\u0119. Jego mocne strony to:<\/p>\n<ul>\n<li>Uniki p\u0142yn\u00f3w<\/li>\n<li>Pot\u0119\u017cne pude\u0142ko na pi\u0119\u015bci<\/li>\n<li>Efektywne wykorzystanie przedniej nogi<\/li>\n<li>A <a href=\"https:\/\/boxeur-pro.fr\/pl\/boxe\/meilleur-sac-de-frappe-boxe\/\">trafienie<\/a> ci\u0119\u017cki i suchy<\/li>\n<\/ul>\n<p>Ta kombinacja umiej\u0119tno\u015bci czyni go gro\u017anym przeciwnikiem na ringu, zdolnym do dostosowania si\u0119 do r\u00f3\u017cnych styl\u00f3w walki. Jego zdolno\u015b\u0107 do naprzemiennego podej\u015bcia defensywnego i ofensywnego cz\u0119sto zaskakuje jego przeciwnik\u00f3w.<\/p>\n<h3>Konfrontacje ze \u015bwiatow\u0105 elit\u0105<\/h3>\n<p>W trakcie swojej kariery Coulibaly mia\u0142 okazj\u0119 zmierzy\u0107 si\u0119 z najwi\u0119kszymi nazwiskami w Muay Thai. Do jego znacz\u0105cych przeciwnik\u00f3w nale\u017c\u0105:<\/p>\n<table>\n<tr>\n<th>Przeciwnik<\/th>\n<th>Rozg\u0142os<\/th>\n<\/tr>\n<tr>\n<td>Buakaw<\/td>\n<td>Tajska legenda<\/td>\n<\/tr>\n<tr>\n<td>Sudsakorn<\/td>\n<td>Wielokrotny mistrz tytu\u0142\u00f3w<\/td>\n<\/tr>\n<tr>\n<td>Orono Por Muang Ubon<\/td>\n<td>Wojownik o mi\u0119dzynarodowej s\u0142awie<\/td>\n<\/tr>\n<\/table>\n<p>Spotkania te nie tylko wzbogaci\u0142y do\u015bwiadczenie Djim\u00e9, ale tak\u017ce pomog\u0142y ugruntowa\u0107 jego reputacj\u0119 na arenie mi\u0119dzynarodowej. Jego walka w Tajlandii, w dniu urodzin kr\u00f3la, pozostaje najwa\u017cniejszym wydarzeniem w jego karierze, pokazuj\u0105c jego zdolno\u015b\u0107 do osi\u0105gania wynik\u00f3w na najwy\u017cszym poziomie, nawet z dala od ojczyzny.<\/p>\n<p><img decoding=\"async\" src=\"https:\/\/boxeur-pro.fr\/wp-content\/uploads\/2025\/01\/carriere_artistique_de_djime_coulibaly_5432.jpg\" alt=\"Djim\u00e9 Coulibaly: kariera i sukcesy malijskiego artysty\" class=\"\"><\/p>\n<h2>Etyka pracy i ambicje mistrza<\/h2>\n<h3>Rygorystyczne szkolenie<\/h3>\n<p>Sukces Djim\u00e9 Coulibaly'ego opiera si\u0119 na nienagannej etyce pracy. Cz\u0142onek klubu Lumpinee Gym w Saint-Denis od 15 roku \u017cycia, korzysta z porad Sama Berrandou i Hassana Labiaha, dw\u00f3ch do\u015bwiadczonych trener\u00f3w. Jego re\u017cim treningowy jest intensywny:<\/p>\n<ul>\n<li>5 cotygodniowych sesji przygotowania do walki<\/li>\n<li>3 sesje tygodniowo poza okresem zawod\u00f3w<\/li>\n<\/ul>\n<p>To rygorystyczne przygotowanie fizyczne i techniczne jest kluczem do jego d\u0142ugowieczno\u015bci na najwy\u017cszym poziomie. Pozwala mu to pozosta\u0107 w szczytowej formie i stale doskonali\u0107 swoje umiej\u0119tno\u015bci.<\/p>\n<h3>Ambitne cele<\/h3>\n<p>Pomimo wielu sukces\u00f3w, <strong>Djim\u00e9 Coulibaly<\/strong> pozostaje nap\u0119dzany przez wielkie ambicje. D\u0105\u017cy do :<\/p>\n<ul>\n<li>Walka z najlepszymi bokserami w swojej kategorii<\/li>\n<li>Zdobywanie nowych presti\u017cowych tytu\u0142\u00f3w<\/li>\n<li>Rozszerzy\u0107 swoj\u0105 mi\u0119dzynarodow\u0105 reputacj\u0119, szczeg\u00f3lnie w Holandii<\/li>\n<\/ul>\n<p>Jego pragnienie mierzenia si\u0119 ze \u015bwiatow\u0105 elit\u0105 \u015bwiadczy o jego pragnieniu ci\u0105g\u0142ego post\u0119pu. Ta mentalno\u015b\u0107 wiecznego pretendenta jest charakterystyczna dla wielkich mistrz\u00f3w i dobrze wr\u00f3\u017cy jego przysz\u0142ym wyczynom.<\/p>\n<h2>Wp\u0142yw i dziedzictwo Djim\u00e9 Coulibaly'ego<\/h2>\n<p>Poza osi\u0105gni\u0119ciami sportowymi, Djim\u00e9 Coulibaly wywar\u0142 znacz\u0105cy wp\u0142yw na swoj\u0105 spo\u0142eczno\u015b\u0107. Postrzegany jako wz\u00f3r do na\u015bladowania przez m\u0142odych ludzi w swoim klubie, uosabia warto\u015bci wytrwa\u0142o\u015bci i dyscypliny. Jego droga od obiecuj\u0105cego m\u0142odego boksera do uznanego mistrza inspiruje nowe pokolenie bokser\u00f3w.<\/p>\n<p>Opr\u00f3cz kariery sportowej, Coulibaly pracuje r\u00f3wnie\u017c jako trener sportowy. To podw\u00f3jne \u017cycie ilustruje jego prawdziwe korzenie i umiej\u0119tno\u015b\u0107 \u0142\u0105czenia pasji z \u017cyciem zawodowym. Jest przyk\u0142adem dla wielu <a href=\"https:\/\/boxeur-pro.fr\/pl\/boks\/andy-cruz\/\" data-lasso-id=\"5968\">m\u0142odzi bokserzy aspiruj\u0105cy do kariery zawodowej<\/a>pokazuj\u0105c, \u017ce mo\u017cliwe jest pogodzenie sportu na najwy\u017cszym poziomie z dzia\u0142alno\u015bci\u0105 zawodow\u0105.<\/p>\n<p>Historia Djim\u00e9 Coulibaly'ego jest cz\u0119\u015bci\u0105 bogatej tradycji francuskiego boksu, obok innych wielkich nazwisk, takich jak <a href=\"https:\/\/boxeur-pro.fr\/pl\/blog\/ben-whittaker-brytyjski-bokser-wszechwag\/\" data-lasso-id=\"5969\">Ben Whittaker<\/a>cho\u0107 w r\u00f3\u017cnych dyscyplinach. Jego przyk\u0142adna kariera pomog\u0142a promowa\u0107 Muay Thai we Francji i na arenie mi\u0119dzynarodowej, toruj\u0105c drog\u0119 przysz\u0142ym pokoleniom zawodnik\u00f3w.<\/p>\n<p>W ostatecznym rozrachunku Djim\u00e9 Coulibaly uosabia doskona\u0142o\u015b\u0107 francuskiego Muay Thai. Jego kariera, pe\u0142na zwyci\u0119stw i presti\u017cowych tytu\u0142\u00f3w, jest \u015bwiadectwem wyj\u0105tkowego talentu po\u0142\u0105czonego z nienagann\u0105 etyk\u0105 pracy. Mistrz na ringu i wz\u00f3r do na\u015bladowania poza nim, pozostawi\u0142 niezatarty \u015blad w historii swojej dyscypliny, budz\u0105c szacunek i podziw daleko poza granicami szlachetnej sztuki.<\/p>\n<div style=\"text-align:center;\"><iframe width=\"560\" height=\"315\" src=\"https:\/\/www.youtube.com\/embed\/DTEJHxXTHBA\" frameborder=\"0\" allow=\"accelerometer; autoplay; clipboard-write; encrypted-media; gyroscope; picture-in-picture\" allowfullscreen class=\"\"><\/iframe><\/div>","protected":false},"excerpt":{"rendered":"<p>L&rsquo;article en bref Djim\u00e9 Coulibaly, boxeur fran\u00e7ais de Muay Tha\u00ef, s&rsquo;est impos\u00e9 comme une figure incontournable de la sc\u00e8ne pugilistique hexagonale. Champion de France classe A \u00e0 quatre reprises Titre de Champion d&rsquo;Europe WBC en 2010 Cons\u00e9cration avec le titre de Champion du Monde WMC en 2014 Style de combat &#8230; <a title=\"Djim\u00e9 Coulibaly : parcours et succ\u00e8s de l&rsquo;artiste malien\" class=\"read-more\" href=\"https:\/\/boxeur-pro.fr\/pl\/blog\/djime-coulibaly-parcours-succes-lartiste-malien\/\" aria-label=\"Dowiedz si\u0119 wi\u0119cej o Djim\u00e9 Coulibaly : parcours et succ\u00e8s de l&rsquo;artiste malien\">Czytaj dalej<\/a><\/p>","protected":false},"author":2,"featured_media":3317,"comment_status":"open","ping_status":"","sticky":false,"template":"","format":"standard","meta":{"footnotes":""},"categories":[7],"tags":[],"class_list":["post-3323","post","type-post","status-publish","format-standard","has-post-thumbnail","hentry","category-boxe"],"yoast_head":"<!-- This site is optimized with the Yoast SEO plugin v27.4 - https:\/\/yoast.com\/product\/yoast-seo-wordpress\/ -->\n<title>Djim\u00e9 Coulibaly : parcours et succ\u00e8s de l&#039;artiste malien - Boxeur PRO<\/title>\n<meta name=\"robots\" content=\"index, follow, max-snippet:-1, max-image-preview:large, max-video-preview:-1\" \/>\n<link rel=\"canonical\" href=\"https:\/\/boxeur-pro.fr\/pl\/blog\/djime-coulibaly-historia-sukcesu-malijskiego-artysty\/\" \/>\n<meta property=\"og:locale\" content=\"pl_PL\" \/>\n<meta property=\"og:type\" content=\"article\" \/>\n<meta property=\"og:title\" content=\"Djim\u00e9 Coulibaly : parcours et succ\u00e8s de l&#039;artiste malien - Boxeur PRO\" \/>\n<meta property=\"og:description\" content=\"L&rsquo;article en bref Djim\u00e9 Coulibaly, boxeur fran\u00e7ais de Muay Tha\u00ef, s&rsquo;est impos\u00e9 comme une figure incontournable de la sc\u00e8ne pugilistique hexagonale. Champion de France classe A \u00e0 quatre reprises Titre de Champion d&rsquo;Europe WBC en 2010 Cons\u00e9cration avec le titre de Champion du Monde WMC en 2014 Style de combat ... Czytaj dalej\" \/>\n<meta property=\"og:url\" content=\"https:\/\/boxeur-pro.fr\/pl\/blog\/djime-coulibaly-historia-sukcesu-malijskiego-artysty\/\" \/>\n<meta property=\"og:site_name\" content=\"Boxeur PRO\" \/>\n<meta property=\"article:published_time\" content=\"2025-01-21T23:38:36+00:00\" \/>\n<meta property=\"og:image\" content=\"https:\/\/boxeur-pro.fr\/wp-content\/uploads\/2025\/01\/carriere_artistique_de_djime_coulibaly_3484.jpg\" \/>\n\t<meta property=\"og:image:width\" content=\"1344\" \/>\n\t<meta property=\"og:image:height\" content=\"896\" \/>\n\t<meta property=\"og:image:type\" content=\"image\/jpeg\" \/>\n<meta name=\"author\" content=\"Maxime\" \/>\n<meta name=\"twitter:card\" content=\"summary_large_image\" \/>\n<meta name=\"twitter:label1\" content=\"Napisane przez\" \/>\n\t<meta name=\"twitter:data1\" content=\"Maxime\" \/>\n\t<meta name=\"twitter:label2\" content=\"Szacowany czas czytania\" \/>\n\t<meta name=\"twitter:data2\" content=\"5 minut\" \/>\n<script type=\"application\/ld+json\" class=\"yoast-schema-graph\">{\"@context\":\"https:\\\/\\\/schema.org\",\"@graph\":[{\"@type\":\"Article\",\"@id\":\"https:\\\/\\\/boxeur-pro.fr\\\/pl\\\/blog\\\/djime-coulibaly-parcours-succes-lartiste-malien\\\/#article\",\"isPartOf\":{\"@id\":\"https:\\\/\\\/boxeur-pro.fr\\\/pl\\\/blog\\\/djime-coulibaly-parcours-succes-lartiste-malien\\\/\"},\"author\":{\"name\":\"Maxime\",\"@id\":\"https:\\\/\\\/boxeur-pro.fr\\\/pl\\\/#\\\/schema\\\/person\\\/086d0ef78c9fe53d995cf72b71821937\"},\"headline\":\"Djim\u00e9 Coulibaly : parcours et succ\u00e8s de l&rsquo;artiste malien\",\"datePublished\":\"2025-01-21T23:38:36+00:00\",\"mainEntityOfPage\":{\"@id\":\"https:\\\/\\\/boxeur-pro.fr\\\/pl\\\/blog\\\/djime-coulibaly-parcours-succes-lartiste-malien\\\/\"},\"wordCount\":1007,\"commentCount\":0,\"publisher\":{\"@id\":\"https:\\\/\\\/boxeur-pro.fr\\\/pl\\\/#organization\"},\"image\":{\"@id\":\"https:\\\/\\\/boxeur-pro.fr\\\/pl\\\/blog\\\/djime-coulibaly-parcours-succes-lartiste-malien\\\/#primaryimage\"},\"thumbnailUrl\":\"https:\\\/\\\/boxeur-pro.fr\\\/wp-content\\\/uploads\\\/2025\\\/01\\\/carriere_artistique_de_djime_coulibaly_3484.jpg\",\"articleSection\":[\"Boxe\"],\"inLanguage\":\"pl-PL\",\"potentialAction\":[{\"@type\":\"CommentAction\",\"name\":\"Comment\",\"target\":[\"https:\\\/\\\/boxeur-pro.fr\\\/pl\\\/blog\\\/djime-coulibaly-parcours-succes-lartiste-malien\\\/#respond\"]}]},{\"@type\":\"WebPage\",\"@id\":\"https:\\\/\\\/boxeur-pro.fr\\\/pl\\\/blog\\\/djime-coulibaly-parcours-succes-lartiste-malien\\\/\",\"url\":\"https:\\\/\\\/boxeur-pro.fr\\\/pl\\\/blog\\\/djime-coulibaly-parcours-succes-lartiste-malien\\\/\",\"name\":\"Djim\u00e9 Coulibaly : parcours et succ\u00e8s de l'artiste malien - Boxeur PRO\",\"isPartOf\":{\"@id\":\"https:\\\/\\\/boxeur-pro.fr\\\/pl\\\/#website\"},\"primaryImageOfPage\":{\"@id\":\"https:\\\/\\\/boxeur-pro.fr\\\/pl\\\/blog\\\/djime-coulibaly-parcours-succes-lartiste-malien\\\/#primaryimage\"},\"image\":{\"@id\":\"https:\\\/\\\/boxeur-pro.fr\\\/pl\\\/blog\\\/djime-coulibaly-parcours-succes-lartiste-malien\\\/#primaryimage\"},\"thumbnailUrl\":\"https:\\\/\\\/boxeur-pro.fr\\\/wp-content\\\/uploads\\\/2025\\\/01\\\/carriere_artistique_de_djime_coulibaly_3484.jpg\",\"datePublished\":\"2025-01-21T23:38:36+00:00\",\"breadcrumb\":{\"@id\":\"https:\\\/\\\/boxeur-pro.fr\\\/pl\\\/blog\\\/djime-coulibaly-parcours-succes-lartiste-malien\\\/#breadcrumb\"},\"inLanguage\":\"pl-PL\",\"potentialAction\":[{\"@type\":\"ReadAction\",\"target\":[\"https:\\\/\\\/boxeur-pro.fr\\\/pl\\\/blog\\\/djime-coulibaly-parcours-succes-lartiste-malien\\\/\"]}]},{\"@type\":\"ImageObject\",\"inLanguage\":\"pl-PL\",\"@id\":\"https:\\\/\\\/boxeur-pro.fr\\\/pl\\\/blog\\\/djime-coulibaly-parcours-succes-lartiste-malien\\\/#primaryimage\",\"url\":\"https:\\\/\\\/boxeur-pro.fr\\\/wp-content\\\/uploads\\\/2025\\\/01\\\/carriere_artistique_de_djime_coulibaly_3484.jpg\",\"contentUrl\":\"https:\\\/\\\/boxeur-pro.fr\\\/wp-content\\\/uploads\\\/2025\\\/01\\\/carriere_artistique_de_djime_coulibaly_3484.jpg\",\"width\":1344,\"height\":896,\"caption\":\"Djim\u00e9 Coulibaly : parcours et succ\u00e8s de l'artiste malien\"},{\"@type\":\"BreadcrumbList\",\"@id\":\"https:\\\/\\\/boxeur-pro.fr\\\/pl\\\/blog\\\/djime-coulibaly-parcours-succes-lartiste-malien\\\/#breadcrumb\",\"itemListElement\":[{\"@type\":\"ListItem\",\"position\":1,\"name\":\"Accueil\",\"item\":\"https:\\\/\\\/boxeur-pro.fr\\\/\"},{\"@type\":\"ListItem\",\"position\":2,\"name\":\"Djim\u00e9 Coulibaly : parcours et succ\u00e8s de l&rsquo;artiste malien\"}]},{\"@type\":\"WebSite\",\"@id\":\"https:\\\/\\\/boxeur-pro.fr\\\/pl\\\/#website\",\"url\":\"https:\\\/\\\/boxeur-pro.fr\\\/pl\\\/\",\"name\":\"Boxeur PRO\",\"description\":\"\",\"publisher\":{\"@id\":\"https:\\\/\\\/boxeur-pro.fr\\\/pl\\\/#organization\"},\"potentialAction\":[{\"@type\":\"SearchAction\",\"target\":{\"@type\":\"EntryPoint\",\"urlTemplate\":\"https:\\\/\\\/boxeur-pro.fr\\\/pl\\\/?s={search_term_string}\"},\"query-input\":{\"@type\":\"PropertyValueSpecification\",\"valueRequired\":true,\"valueName\":\"search_term_string\"}}],\"inLanguage\":\"pl-PL\"},{\"@type\":\"Organization\",\"@id\":\"https:\\\/\\\/boxeur-pro.fr\\\/pl\\\/#organization\",\"name\":\"Boxeur PRO\",\"url\":\"https:\\\/\\\/boxeur-pro.fr\\\/pl\\\/\",\"logo\":{\"@type\":\"ImageObject\",\"inLanguage\":\"pl-PL\",\"@id\":\"https:\\\/\\\/boxeur-pro.fr\\\/pl\\\/#\\\/schema\\\/logo\\\/image\\\/\",\"url\":\"https:\\\/\\\/boxeur-pro.fr\\\/wp-content\\\/uploads\\\/2024\\\/01\\\/LogoBoxeurProTransparent-1.png\",\"contentUrl\":\"https:\\\/\\\/boxeur-pro.fr\\\/wp-content\\\/uploads\\\/2024\\\/01\\\/LogoBoxeurProTransparent-1.png\",\"width\":709,\"height\":800,\"caption\":\"Boxeur PRO\"},\"image\":{\"@id\":\"https:\\\/\\\/boxeur-pro.fr\\\/pl\\\/#\\\/schema\\\/logo\\\/image\\\/\"}},{\"@type\":\"Person\",\"@id\":\"https:\\\/\\\/boxeur-pro.fr\\\/pl\\\/#\\\/schema\\\/person\\\/086d0ef78c9fe53d995cf72b71821937\",\"name\":\"Maxime\",\"image\":{\"@type\":\"ImageObject\",\"inLanguage\":\"pl-PL\",\"@id\":\"https:\\\/\\\/secure.gravatar.com\\\/avatar\\\/ce38768ebaf5d044c623efd7ff10a6ad2e1bf4f59b1039f5295b8e35e82bb447?s=96&d=mm&r=g\",\"url\":\"https:\\\/\\\/secure.gravatar.com\\\/avatar\\\/ce38768ebaf5d044c623efd7ff10a6ad2e1bf4f59b1039f5295b8e35e82bb447?s=96&d=mm&r=g\",\"contentUrl\":\"https:\\\/\\\/secure.gravatar.com\\\/avatar\\\/ce38768ebaf5d044c623efd7ff10a6ad2e1bf4f59b1039f5295b8e35e82bb447?s=96&d=mm&r=g\",\"caption\":\"Maxime\"},\"url\":\"https:\\\/\\\/boxeur-pro.fr\\\/pl\\\/author\\\/maxime\\\/\"}]}<\/script>\n<!-- \/ Yoast SEO plugin. -->","yoast_head_json":{"title":"Djim\u00e9 Coulibaly: kariera i sukces malijskiego artysty - Boxeur PRO","robots":{"index":"index","follow":"follow","max-snippet":"max-snippet:-1","max-image-preview":"max-image-preview:large","max-video-preview":"max-video-preview:-1"},"canonical":"https:\/\/boxeur-pro.fr\/pl\/blog\/djime-coulibaly-historia-sukcesu-malijskiego-artysty\/","og_locale":"pl_PL","og_type":"article","og_title":"Djim\u00e9 Coulibaly : parcours et succ\u00e8s de l'artiste malien - Boxeur PRO","og_description":"L&rsquo;article en bref Djim\u00e9 Coulibaly, boxeur fran\u00e7ais de Muay Tha\u00ef, s&rsquo;est impos\u00e9 comme une figure incontournable de la sc\u00e8ne pugilistique hexagonale. Champion de France classe A \u00e0 quatre reprises Titre de Champion d&rsquo;Europe WBC en 2010 Cons\u00e9cration avec le titre de Champion du Monde WMC en 2014 Style de combat ... Czytaj dalej","og_url":"https:\/\/boxeur-pro.fr\/pl\/blog\/djime-coulibaly-historia-sukcesu-malijskiego-artysty\/","og_site_name":"Boxeur PRO","article_published_time":"2025-01-21T23:38:36+00:00","og_image":[{"width":1344,"height":896,"url":"https:\/\/boxeur-pro.fr\/wp-content\/uploads\/2025\/01\/carriere_artistique_de_djime_coulibaly_3484.jpg","type":"image\/jpeg"}],"author":"Maxime","twitter_card":"summary_large_image","twitter_misc":{"Napisane przez":"Maxime","Szacowany czas czytania":"5 minut"},"schema":{"@context":"https:\/\/schema.org","@graph":[{"@type":"Article","@id":"https:\/\/boxeur-pro.fr\/pl\/blog\/djime-coulibaly-parcours-succes-lartiste-malien\/#article","isPartOf":{"@id":"https:\/\/boxeur-pro.fr\/pl\/blog\/djime-coulibaly-parcours-succes-lartiste-malien\/"},"author":{"name":"Maxime","@id":"https:\/\/boxeur-pro.fr\/pl\/#\/schema\/person\/086d0ef78c9fe53d995cf72b71821937"},"headline":"Djim\u00e9 Coulibaly : parcours et succ\u00e8s de l&rsquo;artiste malien","datePublished":"2025-01-21T23:38:36+00:00","mainEntityOfPage":{"@id":"https:\/\/boxeur-pro.fr\/pl\/blog\/djime-coulibaly-parcours-succes-lartiste-malien\/"},"wordCount":1007,"commentCount":0,"publisher":{"@id":"https:\/\/boxeur-pro.fr\/pl\/#organization"},"image":{"@id":"https:\/\/boxeur-pro.fr\/pl\/blog\/djime-coulibaly-parcours-succes-lartiste-malien\/#primaryimage"},"thumbnailUrl":"https:\/\/boxeur-pro.fr\/wp-content\/uploads\/2025\/01\/carriere_artistique_de_djime_coulibaly_3484.jpg","articleSection":["Boxe"],"inLanguage":"pl-PL","potentialAction":[{"@type":"CommentAction","name":"Comment","target":["https:\/\/boxeur-pro.fr\/pl\/blog\/djime-coulibaly-parcours-succes-lartiste-malien\/#respond"]}]},{"@type":"WebPage","@id":"https:\/\/boxeur-pro.fr\/pl\/blog\/djime-coulibaly-parcours-succes-lartiste-malien\/","url":"https:\/\/boxeur-pro.fr\/pl\/blog\/djime-coulibaly-parcours-succes-lartiste-malien\/","name":"Djim\u00e9 Coulibaly: kariera i sukces malijskiego artysty - Boxeur PRO","isPartOf":{"@id":"https:\/\/boxeur-pro.fr\/pl\/#website"},"primaryImageOfPage":{"@id":"https:\/\/boxeur-pro.fr\/pl\/blog\/djime-coulibaly-parcours-succes-lartiste-malien\/#primaryimage"},"image":{"@id":"https:\/\/boxeur-pro.fr\/pl\/blog\/djime-coulibaly-parcours-succes-lartiste-malien\/#primaryimage"},"thumbnailUrl":"https:\/\/boxeur-pro.fr\/wp-content\/uploads\/2025\/01\/carriere_artistique_de_djime_coulibaly_3484.jpg","datePublished":"2025-01-21T23:38:36+00:00","breadcrumb":{"@id":"https:\/\/boxeur-pro.fr\/pl\/blog\/djime-coulibaly-parcours-succes-lartiste-malien\/#breadcrumb"},"inLanguage":"pl-PL","potentialAction":[{"@type":"ReadAction","target":["https:\/\/boxeur-pro.fr\/pl\/blog\/djime-coulibaly-parcours-succes-lartiste-malien\/"]}]},{"@type":"ImageObject","inLanguage":"pl-PL","@id":"https:\/\/boxeur-pro.fr\/pl\/blog\/djime-coulibaly-parcours-succes-lartiste-malien\/#primaryimage","url":"https:\/\/boxeur-pro.fr\/wp-content\/uploads\/2025\/01\/carriere_artistique_de_djime_coulibaly_3484.jpg","contentUrl":"https:\/\/boxeur-pro.fr\/wp-content\/uploads\/2025\/01\/carriere_artistique_de_djime_coulibaly_3484.jpg","width":1344,"height":896,"caption":"Djim\u00e9 Coulibaly : parcours et succ\u00e8s de l'artiste malien"},{"@type":"BreadcrumbList","@id":"https:\/\/boxeur-pro.fr\/pl\/blog\/djime-coulibaly-parcours-succes-lartiste-malien\/#breadcrumb","itemListElement":[{"@type":"ListItem","position":1,"name":"Accueil","item":"https:\/\/boxeur-pro.fr\/"},{"@type":"ListItem","position":2,"name":"Djim\u00e9 Coulibaly : parcours et succ\u00e8s de l&rsquo;artiste malien"}]},{"@type":"WebSite","@id":"https:\/\/boxeur-pro.fr\/pl\/#website","url":"https:\/\/boxeur-pro.fr\/pl\/","name":"PRO Boxer","description":"","publisher":{"@id":"https:\/\/boxeur-pro.fr\/pl\/#organization"},"potentialAction":[{"@type":"SearchAction","target":{"@type":"EntryPoint","urlTemplate":"https:\/\/boxeur-pro.fr\/pl\/?s={search_term_string}"},"query-input":{"@type":"PropertyValueSpecification","valueRequired":true,"valueName":"search_term_string"}}],"inLanguage":"pl-PL"},{"@type":"Organization","@id":"https:\/\/boxeur-pro.fr\/pl\/#organization","name":"PRO Boxer","url":"https:\/\/boxeur-pro.fr\/pl\/","logo":{"@type":"ImageObject","inLanguage":"pl-PL","@id":"https:\/\/boxeur-pro.fr\/pl\/#\/schema\/logo\/image\/","url":"https:\/\/boxeur-pro.fr\/wp-content\/uploads\/2024\/01\/LogoBoxeurProTransparent-1.png","contentUrl":"https:\/\/boxeur-pro.fr\/wp-content\/uploads\/2024\/01\/LogoBoxeurProTransparent-1.png","width":709,"height":800,"caption":"Boxeur PRO"},"image":{"@id":"https:\/\/boxeur-pro.fr\/pl\/#\/schema\/logo\/image\/"}},{"@type":"Person","@id":"https:\/\/boxeur-pro.fr\/pl\/#\/schema\/person\/086d0ef78c9fe53d995cf72b71821937","name":"Maxime","image":{"@type":"ImageObject","inLanguage":"pl-PL","@id":"https:\/\/secure.gravatar.com\/avatar\/ce38768ebaf5d044c623efd7ff10a6ad2e1bf4f59b1039f5295b8e35e82bb447?s=96&d=mm&r=g","url":"https:\/\/secure.gravatar.com\/avatar\/ce38768ebaf5d044c623efd7ff10a6ad2e1bf4f59b1039f5295b8e35e82bb447?s=96&d=mm&r=g","contentUrl":"https:\/\/secure.gravatar.com\/avatar\/ce38768ebaf5d044c623efd7ff10a6ad2e1bf4f59b1039f5295b8e35e82bb447?s=96&d=mm&r=g","caption":"Maxime"},"url":"https:\/\/boxeur-pro.fr\/pl\/author\/maxime\/"}]}},"_links":{"self":[{"href":"https:\/\/boxeur-pro.fr\/pl\/wp-json\/wp\/v2\/posts\/3323","targetHints":{"allow":["GET"]}}],"collection":[{"href":"https:\/\/boxeur-pro.fr\/pl\/wp-json\/wp\/v2\/posts"}],"about":[{"href":"https:\/\/boxeur-pro.fr\/pl\/wp-json\/wp\/v2\/types\/post"}],"author":[{"embeddable":true,"href":"https:\/\/boxeur-pro.fr\/pl\/wp-json\/wp\/v2\/users\/2"}],"replies":[{"embeddable":true,"href":"https:\/\/boxeur-pro.fr\/pl\/wp-json\/wp\/v2\/comments?post=3323"}],"version-history":[{"count":1,"href":"https:\/\/boxeur-pro.fr\/pl\/wp-json\/wp\/v2\/posts\/3323\/revisions"}],"predecessor-version":[{"id":3341,"href":"https:\/\/boxeur-pro.fr\/pl\/wp-json\/wp\/v2\/posts\/3323\/revisions\/3341"}],"wp:featuredmedia":[{"embeddable":true,"href":"https:\/\/boxeur-pro.fr\/pl\/wp-json\/wp\/v2\/media\/3317"}],"wp:attachment":[{"href":"https:\/\/boxeur-pro.fr\/pl\/wp-json\/wp\/v2\/media?parent=3323"}],"wp:term":[{"taxonomy":"category","embeddable":true,"href":"https:\/\/boxeur-pro.fr\/pl\/wp-json\/wp\/v2\/categories?post=3323"},{"taxonomy":"post_tag","embeddable":true,"href":"https:\/\/boxeur-pro.fr\/pl\/wp-json\/wp\/v2\/tags?post=3323"}],"curies":[{"name":"wp","href":"https:\/\/api.w.org\/{rel}","templated":true}]}}