{"id":2526,"date":"2024-08-29T17:51:08","date_gmt":"2024-08-29T15:51:08","guid":{"rendered":"https:\/\/boxeur-pro.fr\/?p=2526"},"modified":"2024-08-29T17:51:09","modified_gmt":"2024-08-29T15:51:09","slug":"charles-oliveira-a-sua-historia-altura-peso-idade-fortuna","status":"publish","type":"post","link":"https:\/\/boxeur-pro.fr\/pt\/charles-oliveira\/","title":{"rendered":"Charles Oliveira: hist\u00f3ria, altura, peso, idade, patrim\u00f3nio"},"content":{"rendered":"<h4 class=\"wp-block-heading\">Breve resumo do artigo<\/h4>\n\n\n\n<figure class=\"wp-block-table\"><table class=\"has-fixed-layout\"><thead><tr><th><strong>Tema<\/strong><\/th><th><strong>Detalhes<\/strong><\/th><\/tr><\/thead><tbody><tr><td><strong>Nome completo<\/strong><\/td><td>Charles Oliveira da Silva<\/td><\/tr><tr><td><strong><a href=\"https:\/\/boxeur-pro.fr\/pt\/boxe\/mike-tyson-taille\/\">Tamanho<\/a> e <a href=\"https:\/\/boxeur-pro.fr\/pt\/boxe\/mike-tyson-poids\/\">peso<\/a><\/strong><\/td><td>1,78 m e 70 kg<\/td><\/tr><tr><td><strong>Idade<\/strong><\/td><td>Nascido em 17 de outubro de 1989 (34 anos)<\/td><\/tr><tr><td><strong><a href=\"https:\/\/boxeur-pro.fr\/pt\/boxe\/mike-tyson-fortune\/\">A fortuna<\/a> estimado<\/strong><\/td><td>Cerca de 3 milh\u00f5es de d\u00f3lares<\/td><\/tr><tr><td><strong>Principais eventos<\/strong><\/td><td>Antigo campe\u00e3o de pesos ligeiros da UFC<\/td><\/tr><\/tbody><\/table><\/figure>\n\n\n\n<h3 class=\"wp-block-heading\">Introdu\u00e7\u00e3o<\/h3>\n\n\n\n<p>Charles Oliveira \u00e9 um nome que n\u00e3o pode faltar a quem se interessa por MMA, especialmente UFC. \u00c9 um daqueles lutadores que se destacam pela sua determina\u00e7\u00e3o, pela sua t\u00e9cnica, mas acima de tudo pela sua extraordin\u00e1ria carreira. Oliveira \u00e9 a hist\u00f3ria de um mi\u00fado brasileiro que teve de ultrapassar obst\u00e1culos quase intranspon\u00edveis para atingir o auge da sua arte. A sua hist\u00f3ria \u00e9 uma verdadeira li\u00e7\u00e3o de vida, um exemplo de resili\u00eancia que inspira milh\u00f5es de f\u00e3s em todo o mundo. Neste artigo, vamos mergulhar na vida deste not\u00e1vel lutador, descobrir as suas carater\u00edsticas f\u00edsicas, perceber como construiu a sua carreira e fortuna e o que realmente o distingue dos demais. Prepare-se para saber mais sobre um dos maiores nomes do MMA moderno!<\/p>\n\n\n\n<h2 class=\"wp-block-heading\">Charles Oliveira: hist\u00f3ria, altura, peso, idade, patrim\u00f3nio<\/h2>\n\n\n\n<p>Charles Oliveira da Silva, mais conhecido por Charles Oliveira, nasceu a 17 de outubro de 1989 no Guaruj\u00e1, uma pequena cidade costeira do Brasil. Desde o seu nascimento, enfrentou desafios consider\u00e1veis. <a href=\"https:\/\/boxeur-pro.fr\/pt\/boxe\/mike-tyson-enfants\/\">Crian\u00e7a<\/a>Foi-lhe diagnosticada uma doen\u00e7a reum\u00e1tica que afectava as suas articula\u00e7\u00f5es e a sua capacidade de andar. Os m\u00e9dicos estavam pessimistas quanto \u00e0s suas hip\u00f3teses de levar uma vida normal, quanto mais de se tornar um atleta profissional. Mas \u00e9 aqui que come\u00e7a a lenda de Oliveira. Apesar do progn\u00f3stico sombrio, ele nunca desistiu dos seus sonhos. Aos 12 anos, descobriu o jiu-jitsu brasileiro, uma disciplina que iria literalmente mudar a sua vida. A sua paix\u00e3o pelo desporto tornou-se rapidamente evidente e, apesar das suas limita\u00e7\u00f5es f\u00edsicas, treinava com uma intensidade e determina\u00e7\u00e3o raras.<\/p>\n\n\n\n<p>Fisicamente, Charles Oliveira \u00e9 um lutador que se destaca pelo seu tamanho e estatura. Com 1,78 m e cerca de 70 kg, ele luta na divis\u00e3o dos leves do UFC, onde a velocidade e a t\u00e9cnica s\u00e3o t\u00e3o importantes quanto a for\u00e7a bruta. Aos 34 anos, ele est\u00e1 no auge da carreira, idade em que a maioria dos lutadores come\u00e7a a pensar em aposentadoria, mas para Oliveira, este \u00e9 o momento de brilhar ainda mais. A sua capacidade de se manter competitivo nesta idade \u00e9 um testemunho do seu profissionalismo, da sua disciplina, mas tamb\u00e9m da sua intelig\u00eancia na gest\u00e3o da sua carreira e do seu corpo. Fora do oct\u00f3gono, Oliveira tamb\u00e9m transformou o seu sucesso desportivo em riqueza. Atualmente, a sua fortuna est\u00e1 estimada em cerca de 3 milh\u00f5es de d\u00f3lares, uma soma que reflecte n\u00e3o s\u00f3 as suas capacidades de combate, mas tamb\u00e9m a sua intelig\u00eancia financeira.<\/p>\n\n\n\n<h3 class=\"wp-block-heading\">Um in\u00edcio de carreira dif\u00edcil<\/h3>\n\n\n\n<p>A estreia de Charles Oliveira no mundo do MMA n\u00e3o foi f\u00e1cil. Pelo contr\u00e1rio, o seu percurso foi pontuado por obst\u00e1culos e desafios que teve de ultrapassar para chegar ao topo. Ap\u00f3s ter ultrapassado os seus problemas de sa\u00fade, Oliveira dedicou-se de corpo e alma ao jiu-jitsu, onde come\u00e7ou a ganhar fama gra\u00e7as \u00e0 sua t\u00e9cnica excecional. No entanto, quando decidiu dedicar-se ao MMA, as coisas rapidamente se complicaram. O MMA \u00e9 um desporto exigente, onde os atletas t\u00eam de dominar v\u00e1rias disciplinas, e para Oliveira, a transi\u00e7\u00e3o do jiu-jitsu para um desporto onde o boxe, o kickboxing e o wrestling s\u00e3o igualmente importantes n\u00e3o foi f\u00e1cil. Os seus primeiros anos como profissional foram marcados por uma altern\u00e2ncia de vit\u00f3rias deslumbrantes e derrotas devastadoras.<\/p>\n\n\n\n<p>Mas estes contratempos s\u00f3 servem para refor\u00e7ar a sua determina\u00e7\u00e3o. Em vez de desistir, Oliveira usa cada derrota como uma li\u00e7\u00e3o, um meio de melhorar e voltar mais forte. Passa horas a estudar os seus advers\u00e1rios, a aperfei\u00e7oar as suas t\u00e9cnicas e a trabalhar os seus pontos fracos. Esta capacidade de recuperar ap\u00f3s cada rev\u00e9s \u00e9 uma das qualidades que melhor define Oliveira. Num desporto t\u00e3o implac\u00e1vel como as MMA, onde o mais pequeno erro pode custar caro, a sua resili\u00eancia e capacidade de aprender com os erros s\u00e3o o que lhe permite progredir constantemente. Com o passar do tempo, ele est\u00e1 come\u00e7ando a fazer um nome para si mesmo no UFC, mas ainda ser\u00e3o necess\u00e1rios v\u00e1rios anos at\u00e9 que ele realmente rompa e se estabele\u00e7a como um s\u00e9rio candidato ao t\u00edtulo.<\/p>\n\n\n\n<h3 class=\"wp-block-heading\">A subida \u00e0 gl\u00f3ria<\/h3>\n\n\n\n<p>A ascens\u00e3o de Charles Oliveira ao topo do UFC \u00e9 uma hist\u00f3ria de perseveran\u00e7a, talento e vontade indom\u00e1vel. Ao contr\u00e1rio de alguns lutadores que alcan\u00e7am um sucesso mete\u00f3rico desde o in\u00edcio, Oliveira teve de trabalhar arduamente para cada vit\u00f3ria, subindo pouco a pouco na hierarquia. Depois de um in\u00edcio dif\u00edcil, come\u00e7ou a acumular uma s\u00e9rie impressionante de vit\u00f3rias, gra\u00e7as sobretudo ao seu dom\u00ednio do jiu-jitsu, que rapidamente se tornou a sua imagem de marca. Oliveira \u00e9 um verdadeiro artista da submiss\u00e3o, capaz de encurralar os seus advers\u00e1rios com uma facilidade desconcertante. Mas o seu caminho para a gl\u00f3ria n\u00e3o foi isento de armadilhas. Cada vit\u00f3ria \u00e9 o resultado de uma prepara\u00e7\u00e3o meticulosa, de uma disciplina f\u00e9rrea e de uma auto-confian\u00e7a inabal\u00e1vel.<\/p>\n\n\n\n<p>Em 2021, ap\u00f3s uma s\u00e9rie de vit\u00f3rias espectaculares, Charles Oliveira atinge finalmente o seu objetivo final: conquistar o t\u00edtulo de pesos leves da UFC. Esta coroa\u00e7\u00e3o n\u00e3o \u00e9 apenas uma consagra\u00e7\u00e3o das suas capacidades como lutador, mas tamb\u00e9m do seu percurso, da sua capacidade de ultrapassar obst\u00e1culos e de nunca desistir. Esta vit\u00f3ria \u00e9 tanto mais impressionante quanto surge ap\u00f3s anos de trabalho \u00e1rduo, d\u00favidas e interroga\u00e7\u00f5es. Mas Oliveira n\u00e3o se contenta com o t\u00edtulo, ele sabe que permanecer no topo \u00e9 ainda mais dif\u00edcil do que chegar l\u00e1. O seu reinado como campe\u00e3o \u00e9 marcado por uma s\u00e9rie de defesas de t\u00edtulo em que continua a demonstrar porque \u00e9 um dos melhores lutadores da sua gera\u00e7\u00e3o. Para os seus f\u00e3s, cada combate de Oliveira \u00e9 um momento de emo\u00e7\u00e3o, um momento em que tudo pode acontecer, e \u00e9 isso que faz dele um campe\u00e3o t\u00e3o especial.<\/p>\n\n\n\n<h3 class=\"wp-block-heading\">Um estilo de luta \u00fanico<\/h3>\n\n\n\n<p>O que faz de Charles Oliveira um lutador t\u00e3o formid\u00e1vel \u00e9 o seu estilo de luta \u00fanico, que combina uma t\u00e9cnica excecional de jiu-jitsu brasileiro com golpes cada vez mais precisos. Oliveira \u00e9, antes de mais, um grappler, um especialista em submiss\u00e3o capaz de terminar os seus combates de forma espetacular, encurralando os seus advers\u00e1rios em golpes dos quais \u00e9 quase imposs\u00edvel escapar. Mas seria um erro reduzir Oliveira a um simples especialista de ch\u00e3o. Ao longo dos anos, ele desenvolveu um estilo h\u00edbrido, integrando perfeitamente o boxe, o muay thai e outras artes marciais em seu arsenal. Isto faz dele um lutador completo, capaz de se adaptar a qualquer situa\u00e7\u00e3o e de contrariar os planos dos seus advers\u00e1rios.<\/p>\n\n\n\n<p>A sua evolu\u00e7\u00e3o no combate \u00e9 particularmente not\u00e1vel. Embora inicialmente fosse visto como um puro grappler, Oliveira tem trabalhado incansavelmente para melhorar as suas capacidades de punho-p\u00e9, tornando-se um lutador vers\u00e1til. Atualmente, \u00e9 t\u00e3o perigoso em p\u00e9 como no ch\u00e3o, o que o torna extremamente dif\u00edcil de prever e contra-atacar. Esta capacidade de evoluir, de acrescentar constantemente novas dimens\u00f5es ao seu jogo, \u00e9 uma das raz\u00f5es pelas quais conseguiu manter-se ao mais alto n\u00edvel durante tantos anos. Os seus combates s\u00e3o muitas vezes imprevis\u00edveis, uma vez que pode mudar de estrat\u00e9gia ao longo do caminho, passando de intensos combates no ch\u00e3o para explosivas trocas de golpes em p\u00e9. Esta versatilidade, combinada com a sua mentalidade de a\u00e7o, faz dele um advers\u00e1rio formid\u00e1vel no oct\u00f3gono.<\/p>\n\n\n\n<h3 class=\"wp-block-heading\">A fortuna de Carlos Oliveira<\/h3>\n\n\n\n<p>Para al\u00e9m das suas proezas no oct\u00f3gono, Charles Oliveira transformou o seu sucesso desportivo numa fortuna consider\u00e1vel. Mas esta riqueza n\u00e3o caiu do c\u00e9u, \u00e9 fruto de anos de trabalho \u00e1rduo, sacrif\u00edcio e escolhas criteriosas. Com uma carreira t\u00e3o longa e bem sucedida, Oliveira teve a oportunidade de assinar v\u00e1rios contratos lucrativos, tanto com o UFC como atrav\u00e9s de acordos de patroc\u00ednio. A sua fortuna, estimada em cerca de 3 milh\u00f5es de d\u00f3lares em 2024, reflecte n\u00e3o s\u00f3 os seus ganhos como lutador, mas tamb\u00e9m a sua capacidade de capitalizar a sua notoriedade.<\/p>\n\n\n\n<p>Oliveira tamb\u00e9m conseguiu diversificar os seus rendimentos, investindo em diferentes \u00e1reas. Consciente de que a carreira de um lutador de MMA \u00e9 limitada, preparou-se de forma inteligente para a era p\u00f3s-UFC, envolvendo-se em v\u00e1rios projectos. Seja no sector imobili\u00e1rio, seja como treinador ou mesmo como mediador, Oliveira n\u00e3o deixa nada ao acaso. Mas o que realmente distingue Oliveira de outros atletas milion\u00e1rios \u00e9 o seu apego \u00e0s suas ra\u00edzes e o seu desejo de retribuir \u00e0 sua comunidade. Parte da sua fortuna vai para a caridade, especialmente na sua cidade natal, onde financia programas para ajudar os jovens desfavorecidos a terem acesso ao desporto e \u00e0 educa\u00e7\u00e3o. Para Oliveira, a riqueza n\u00e3o tem apenas a ver com dinheiro, mas tamb\u00e9m com impacto e legado.<\/p>\n\n\n\n<h3 class=\"wp-block-heading\">A vida fora do oct\u00f3gono<\/h3>\n\n\n\n<p>Fora do oct\u00f3gono, Charles Oliveira est\u00e1 longe da imagem estereotipada do lutador duro e inacess\u00edvel. Pelo contr\u00e1rio, \u00e9 conhecido pela sua simplicidade, humildade e apego aos valores da sua fam\u00edlia. Apesar do seu sucesso, Oliveira nunca esqueceu as suas origens e mant\u00e9m-se profundamente enraizado na sua comunidade. \u00c9 muito pr\u00f3ximo da sua fam\u00edlia e \u00e9 muitas vezes ao lado dela que encontra a for\u00e7a e a motiva\u00e7\u00e3o para continuar a superar-se. A sua hist\u00f3ria \u00e9 a de um homem que se manteve fiel a si pr\u00f3prio, apesar da fama e da fortuna.<\/p>\n\n\n\n<p>Oliveira est\u00e1 tamb\u00e9m muito envolvido em ac\u00e7\u00f5es de solidariedade social, nomeadamente no Brasil. Consciente das dificuldades que ele pr\u00f3prio ultrapassou, esfor\u00e7a-se por ajudar os jovens da sua regi\u00e3o a seguir um caminho semelhante, oferecendo-lhes oportunidades que ele nem sempre teve. Para ele, o desporto \u00e9 uma sa\u00edda da pobreza e uma forma de dar sentido \u00e0 sua vida, e quer transmitir esta convic\u00e7\u00e3o \u00e0 gera\u00e7\u00e3o seguinte. Esta dimens\u00e3o da sua personalidade acrescenta outra camada ao homem que \u00e9, um lutador que luta n\u00e3o s\u00f3 por si, mas tamb\u00e9m por aqueles que o apoiaram ao longo da sua carreira. \u00c9 esta dualidade entre o guerreiro implac\u00e1vel dentro do oct\u00f3gono e o homem generoso e empenhado fora dele que torna Charles Oliveira t\u00e3o fascinante.<\/p>\n\n\n\n<h2 class=\"wp-block-heading\">O futuro de Charles Oliveira<\/h2>\n\n\n\n<p>Aos 34 anos, Charles Oliveira j\u00e1 alcan\u00e7ou o que muitos lutadores s\u00f3 podem sonhar. Mas longe de descansar sobre os louros, ele continua a projetar-se no futuro, consciente de que o seu tempo no topo \u00e9 limitado. No mundo das MMA, a idade pode ser um fator determinante e, embora Oliveira ainda esteja no topo do seu jogo, sabe que chegar\u00e1 o momento em que ter\u00e1 de considerar uma mudan\u00e7a de carreira. Para j\u00e1, por\u00e9m, continua concentrado no seu objetivo: recuperar e defender o t\u00edtulo de pesos leves. Os seus f\u00e3s aguardam ansiosamente os seus pr\u00f3ximos combates, curiosos para ver como continuar\u00e1 a reinventar-se e a enfrentar novos desafios.<\/p>\n\n\n\n<p>Mas Oliveira n\u00e3o est\u00e1 apenas focado no seu futuro como lutador. Ele j\u00e1 come\u00e7ou a considerar outras carreiras, seja como treinador, dirigindo uma academia de MMA ou at\u00e9 mesmo empreendedorismo. Com a sua experi\u00eancia e reputa\u00e7\u00e3o, pode tornar-se um mentor para a pr\u00f3xima gera\u00e7\u00e3o de lutadores, partilhando os seus conhecimentos e t\u00e9cnicas. Al\u00e9m disso, o seu compromisso com os jovens e com as causas sociais poderia lev\u00e1-lo a desempenhar um papel mais ativo na sua comunidade, e mesmo fora dela. Seja como for, Charles Oliveira ainda tem muitas p\u00e1ginas para escrever na sua carreira, dentro e fora do oct\u00f3gono, e uma coisa \u00e9 certa: vai continuar a surpreender e a inspirar.<\/p>\n\n\n\n<h3 class=\"wp-block-heading\">Conclus\u00e3o<\/h3>\n\n\n\n<p>Charles Oliveira \u00e9 muito mais do que um campe\u00e3o de MMA. O seu percurso, os seus valores e a sua vis\u00e3o da vida fazem dele uma figura emblem\u00e1tica, n\u00e3o s\u00f3 no mundo do desporto, mas tamb\u00e9m fora dele. Desde as suas origens humildes no Brasil at\u00e9 \u00e0 sua ascens\u00e3o mete\u00f3rica na UFC, Oliveira mostrou que, com determina\u00e7\u00e3o, trabalho \u00e1rduo e resili\u00eancia, tudo \u00e9 poss\u00edvel. A sua hist\u00f3ria \u00e9 um exemplo de supera\u00e7\u00e3o, um modelo para todos aqueles que sonham em ter sucesso contra todas as probabilidades. E mesmo que o futuro permane\u00e7a incerto, uma coisa \u00e9 certa: o nome de Charles Oliveira continuar\u00e1 a ressoar durante muito tempo na hist\u00f3ria das MMA e nos cora\u00e7\u00f5es dos seus f\u00e3s. A sua lenda, j\u00e1 bem estabelecida, ainda est\u00e1 a ser escrita, e talvez o melhor ainda esteja para vir.<\/p>\n\n\n\n<p>Fontes : <strong><a href=\"https:\/\/fr.wikipedia.org\/wiki\/Boxe\" data-lasso-id=\"4828\">Wiki do boxe <\/a><\/strong><\/p>\n\n\n\n<p>Ver tamb\u00e9m :<strong><a href=\"https:\/\/pflmma.com\/\" data-lasso-id=\"4829\"> S\u00edtio Web oficial dos veteranos<\/a><\/strong><\/p>","protected":false},"excerpt":{"rendered":"<p>Resumo do artigo em poucas palavras Detalhes do tema Nome completo Charles Oliveira da Silva Altura e peso 1,78m e 70kg Idade Nascido a 17 de outubro de 1989 (34 anos) Riqueza estimada Cerca de 3 milh\u00f5es de d\u00f3lares Destaques Ex-campe\u00e3o de pesos leves da UFC Introdu\u00e7\u00e3o Charles Oliveira, este nome ... <a title=\"Charles Oliveira: hist\u00f3ria, altura, peso, idade, patrim\u00f3nio\" class=\"read-more\" href=\"https:\/\/boxeur-pro.fr\/pt\/charles-oliveira\/\" aria-label=\"Leia mais sobre Charles Oliveira : son histoire, taille, poids, \u00e2ge, fortune\">Ler mais<\/a><\/p>","protected":false},"author":2,"featured_media":2529,"comment_status":"open","ping_status":"open","sticky":false,"template":"","format":"standard","meta":{"footnotes":""},"categories":[7],"tags":[15],"class_list":["post-2526","post","type-post","status-publish","format-standard","has-post-thumbnail","hentry","category-boxe","tag-boxeurs"],"yoast_head":"<!-- This site is optimized with the Yoast SEO plugin v27.5 - https:\/\/yoast.com\/product\/yoast-seo-wordpress\/ -->\n<title>Charles Oliveira : son histoire, taille, poids, \u00e2ge, fortune<\/title>\n<meta name=\"description\" content=\"Charles Oliveira, de son vrai nom Charles Oliveira da Silva, est n\u00e9 le 17 octobre 1989 \u00e0 Guaruj\u00e1, au Br\u00e9sil.\" \/>\n<meta name=\"robots\" content=\"index, follow, max-snippet:-1, max-image-preview:large, max-video-preview:-1\" \/>\n<link rel=\"canonical\" href=\"https:\/\/boxeur-pro.fr\/pt\/carlos-oliveira\/\" \/>\n<meta property=\"og:locale\" content=\"pt_PT\" \/>\n<meta property=\"og:type\" content=\"article\" \/>\n<meta property=\"og:title\" content=\"Charles Oliveira : son histoire, taille, poids, \u00e2ge, fortune\" \/>\n<meta property=\"og:description\" content=\"Charles Oliveira, de son vrai nom Charles Oliveira da Silva, est n\u00e9 le 17 octobre 1989 \u00e0 Guaruj\u00e1, au Br\u00e9sil.\" \/>\n<meta property=\"og:url\" content=\"https:\/\/boxeur-pro.fr\/pt\/carlos-oliveira\/\" \/>\n<meta property=\"og:site_name\" content=\"Boxeur PRO\" \/>\n<meta property=\"article:published_time\" content=\"2024-08-29T15:51:08+00:00\" \/>\n<meta property=\"article:modified_time\" content=\"2024-08-29T15:51:09+00:00\" \/>\n<meta property=\"og:image\" content=\"https:\/\/boxeur-pro.fr\/wp-content\/uploads\/2024\/08\/b90cf-removebg-preview.png\" \/>\n\t<meta property=\"og:image:width\" content=\"447\" \/>\n\t<meta property=\"og:image:height\" content=\"559\" \/>\n\t<meta property=\"og:image:type\" content=\"image\/png\" \/>\n<meta name=\"author\" content=\"Maxime\" \/>\n<meta name=\"twitter:card\" content=\"summary_large_image\" \/>\n<meta name=\"twitter:label1\" content=\"Escrito por\" \/>\n\t<meta name=\"twitter:data1\" content=\"Maxime\" \/>\n\t<meta name=\"twitter:label2\" content=\"Tempo estimado de leitura\" \/>\n\t<meta name=\"twitter:data2\" content=\"12 minutos\" \/>\n<script type=\"application\/ld+json\" class=\"yoast-schema-graph\">{\"@context\":\"https:\\\/\\\/schema.org\",\"@graph\":[{\"@type\":\"Article\",\"@id\":\"https:\\\/\\\/boxeur-pro.fr\\\/pt\\\/charles-oliveira\\\/#article\",\"isPartOf\":{\"@id\":\"https:\\\/\\\/boxeur-pro.fr\\\/pt\\\/charles-oliveira\\\/\"},\"author\":{\"name\":\"Maxime\",\"@id\":\"https:\\\/\\\/boxeur-pro.fr\\\/pt\\\/#\\\/schema\\\/person\\\/086d0ef78c9fe53d995cf72b71821937\"},\"headline\":\"Charles Oliveira : son histoire, taille, poids, \u00e2ge, fortune\",\"datePublished\":\"2024-08-29T15:51:08+00:00\",\"dateModified\":\"2024-08-29T15:51:09+00:00\",\"mainEntityOfPage\":{\"@id\":\"https:\\\/\\\/boxeur-pro.fr\\\/pt\\\/charles-oliveira\\\/\"},\"wordCount\":2359,\"commentCount\":0,\"publisher\":{\"@id\":\"https:\\\/\\\/boxeur-pro.fr\\\/pt\\\/#organization\"},\"image\":{\"@id\":\"https:\\\/\\\/boxeur-pro.fr\\\/pt\\\/charles-oliveira\\\/#primaryimage\"},\"thumbnailUrl\":\"https:\\\/\\\/boxeur-pro.fr\\\/wp-content\\\/uploads\\\/2024\\\/08\\\/b90cf-removebg-preview.png\",\"keywords\":[\"Boxeurs\"],\"articleSection\":[\"Boxe\"],\"inLanguage\":\"pt-PT\",\"potentialAction\":[{\"@type\":\"CommentAction\",\"name\":\"Comment\",\"target\":[\"https:\\\/\\\/boxeur-pro.fr\\\/pt\\\/charles-oliveira\\\/#respond\"]}]},{\"@type\":\"WebPage\",\"@id\":\"https:\\\/\\\/boxeur-pro.fr\\\/pt\\\/charles-oliveira\\\/\",\"url\":\"https:\\\/\\\/boxeur-pro.fr\\\/pt\\\/charles-oliveira\\\/\",\"name\":\"Charles Oliveira : son histoire, taille, poids, \u00e2ge, fortune\",\"isPartOf\":{\"@id\":\"https:\\\/\\\/boxeur-pro.fr\\\/pt\\\/#website\"},\"primaryImageOfPage\":{\"@id\":\"https:\\\/\\\/boxeur-pro.fr\\\/pt\\\/charles-oliveira\\\/#primaryimage\"},\"image\":{\"@id\":\"https:\\\/\\\/boxeur-pro.fr\\\/pt\\\/charles-oliveira\\\/#primaryimage\"},\"thumbnailUrl\":\"https:\\\/\\\/boxeur-pro.fr\\\/wp-content\\\/uploads\\\/2024\\\/08\\\/b90cf-removebg-preview.png\",\"datePublished\":\"2024-08-29T15:51:08+00:00\",\"dateModified\":\"2024-08-29T15:51:09+00:00\",\"description\":\"Charles Oliveira, de son vrai nom Charles Oliveira da Silva, est n\u00e9 le 17 octobre 1989 \u00e0 Guaruj\u00e1, au Br\u00e9sil.\",\"breadcrumb\":{\"@id\":\"https:\\\/\\\/boxeur-pro.fr\\\/pt\\\/charles-oliveira\\\/#breadcrumb\"},\"inLanguage\":\"pt-PT\",\"potentialAction\":[{\"@type\":\"ReadAction\",\"target\":[\"https:\\\/\\\/boxeur-pro.fr\\\/pt\\\/charles-oliveira\\\/\"]}]},{\"@type\":\"ImageObject\",\"inLanguage\":\"pt-PT\",\"@id\":\"https:\\\/\\\/boxeur-pro.fr\\\/pt\\\/charles-oliveira\\\/#primaryimage\",\"url\":\"https:\\\/\\\/boxeur-pro.fr\\\/wp-content\\\/uploads\\\/2024\\\/08\\\/b90cf-removebg-preview.png\",\"contentUrl\":\"https:\\\/\\\/boxeur-pro.fr\\\/wp-content\\\/uploads\\\/2024\\\/08\\\/b90cf-removebg-preview.png\",\"width\":447,\"height\":559,\"caption\":\"Charles Oliveira\"},{\"@type\":\"BreadcrumbList\",\"@id\":\"https:\\\/\\\/boxeur-pro.fr\\\/pt\\\/charles-oliveira\\\/#breadcrumb\",\"itemListElement\":[{\"@type\":\"ListItem\",\"position\":1,\"name\":\"Accueil\",\"item\":\"https:\\\/\\\/boxeur-pro.fr\\\/\"},{\"@type\":\"ListItem\",\"position\":2,\"name\":\"Charles Oliveira : son histoire, taille, poids, \u00e2ge, fortune\"}]},{\"@type\":\"WebSite\",\"@id\":\"https:\\\/\\\/boxeur-pro.fr\\\/pt\\\/#website\",\"url\":\"https:\\\/\\\/boxeur-pro.fr\\\/pt\\\/\",\"name\":\"Boxeur PRO\",\"description\":\"\",\"publisher\":{\"@id\":\"https:\\\/\\\/boxeur-pro.fr\\\/pt\\\/#organization\"},\"potentialAction\":[{\"@type\":\"SearchAction\",\"target\":{\"@type\":\"EntryPoint\",\"urlTemplate\":\"https:\\\/\\\/boxeur-pro.fr\\\/pt\\\/?s={search_term_string}\"},\"query-input\":{\"@type\":\"PropertyValueSpecification\",\"valueRequired\":true,\"valueName\":\"search_term_string\"}}],\"inLanguage\":\"pt-PT\"},{\"@type\":\"Organization\",\"@id\":\"https:\\\/\\\/boxeur-pro.fr\\\/pt\\\/#organization\",\"name\":\"Boxeur PRO\",\"url\":\"https:\\\/\\\/boxeur-pro.fr\\\/pt\\\/\",\"logo\":{\"@type\":\"ImageObject\",\"inLanguage\":\"pt-PT\",\"@id\":\"https:\\\/\\\/boxeur-pro.fr\\\/pt\\\/#\\\/schema\\\/logo\\\/image\\\/\",\"url\":\"https:\\\/\\\/boxeur-pro.fr\\\/wp-content\\\/uploads\\\/2024\\\/01\\\/LogoBoxeurProTransparent-1.png\",\"contentUrl\":\"https:\\\/\\\/boxeur-pro.fr\\\/wp-content\\\/uploads\\\/2024\\\/01\\\/LogoBoxeurProTransparent-1.png\",\"width\":709,\"height\":800,\"caption\":\"Boxeur PRO\"},\"image\":{\"@id\":\"https:\\\/\\\/boxeur-pro.fr\\\/pt\\\/#\\\/schema\\\/logo\\\/image\\\/\"}},{\"@type\":\"Person\",\"@id\":\"https:\\\/\\\/boxeur-pro.fr\\\/pt\\\/#\\\/schema\\\/person\\\/086d0ef78c9fe53d995cf72b71821937\",\"name\":\"Maxime\",\"image\":{\"@type\":\"ImageObject\",\"inLanguage\":\"pt-PT\",\"@id\":\"https:\\\/\\\/secure.gravatar.com\\\/avatar\\\/ce38768ebaf5d044c623efd7ff10a6ad2e1bf4f59b1039f5295b8e35e82bb447?s=96&d=mm&r=g\",\"url\":\"https:\\\/\\\/secure.gravatar.com\\\/avatar\\\/ce38768ebaf5d044c623efd7ff10a6ad2e1bf4f59b1039f5295b8e35e82bb447?s=96&d=mm&r=g\",\"contentUrl\":\"https:\\\/\\\/secure.gravatar.com\\\/avatar\\\/ce38768ebaf5d044c623efd7ff10a6ad2e1bf4f59b1039f5295b8e35e82bb447?s=96&d=mm&r=g\",\"caption\":\"Maxime\"},\"url\":\"https:\\\/\\\/boxeur-pro.fr\\\/pt\\\/author\\\/maxime\\\/\"}]}<\/script>\n<!-- \/ Yoast SEO plugin. -->","yoast_head_json":{"title":"Charles Oliveira: hist\u00f3ria, altura, peso, idade, patrim\u00f3nio","description":"Charles Oliveira, cujo nome verdadeiro \u00e9 Charles Oliveira da Silva, nasceu a 17 de outubro de 1989 no Guaruj\u00e1, Brasil.","robots":{"index":"index","follow":"follow","max-snippet":"max-snippet:-1","max-image-preview":"max-image-preview:large","max-video-preview":"max-video-preview:-1"},"canonical":"https:\/\/boxeur-pro.fr\/pt\/carlos-oliveira\/","og_locale":"pt_PT","og_type":"article","og_title":"Charles Oliveira : son histoire, taille, poids, \u00e2ge, fortune","og_description":"Charles Oliveira, de son vrai nom Charles Oliveira da Silva, est n\u00e9 le 17 octobre 1989 \u00e0 Guaruj\u00e1, au Br\u00e9sil.","og_url":"https:\/\/boxeur-pro.fr\/pt\/carlos-oliveira\/","og_site_name":"Boxeur PRO","article_published_time":"2024-08-29T15:51:08+00:00","article_modified_time":"2024-08-29T15:51:09+00:00","og_image":[{"width":447,"height":559,"url":"https:\/\/boxeur-pro.fr\/wp-content\/uploads\/2024\/08\/b90cf-removebg-preview.png","type":"image\/png"}],"author":"Maxime","twitter_card":"summary_large_image","twitter_misc":{"Escrito por":"Maxime","Tempo estimado de leitura":"12 minutos"},"schema":{"@context":"https:\/\/schema.org","@graph":[{"@type":"Article","@id":"https:\/\/boxeur-pro.fr\/pt\/charles-oliveira\/#article","isPartOf":{"@id":"https:\/\/boxeur-pro.fr\/pt\/charles-oliveira\/"},"author":{"name":"Maxime","@id":"https:\/\/boxeur-pro.fr\/pt\/#\/schema\/person\/086d0ef78c9fe53d995cf72b71821937"},"headline":"Charles Oliveira : son histoire, taille, poids, \u00e2ge, fortune","datePublished":"2024-08-29T15:51:08+00:00","dateModified":"2024-08-29T15:51:09+00:00","mainEntityOfPage":{"@id":"https:\/\/boxeur-pro.fr\/pt\/charles-oliveira\/"},"wordCount":2359,"commentCount":0,"publisher":{"@id":"https:\/\/boxeur-pro.fr\/pt\/#organization"},"image":{"@id":"https:\/\/boxeur-pro.fr\/pt\/charles-oliveira\/#primaryimage"},"thumbnailUrl":"https:\/\/boxeur-pro.fr\/wp-content\/uploads\/2024\/08\/b90cf-removebg-preview.png","keywords":["Boxeurs"],"articleSection":["Boxe"],"inLanguage":"pt-PT","potentialAction":[{"@type":"CommentAction","name":"Comment","target":["https:\/\/boxeur-pro.fr\/pt\/charles-oliveira\/#respond"]}]},{"@type":"WebPage","@id":"https:\/\/boxeur-pro.fr\/pt\/charles-oliveira\/","url":"https:\/\/boxeur-pro.fr\/pt\/charles-oliveira\/","name":"Charles Oliveira: hist\u00f3ria, altura, peso, idade, patrim\u00f3nio","isPartOf":{"@id":"https:\/\/boxeur-pro.fr\/pt\/#website"},"primaryImageOfPage":{"@id":"https:\/\/boxeur-pro.fr\/pt\/charles-oliveira\/#primaryimage"},"image":{"@id":"https:\/\/boxeur-pro.fr\/pt\/charles-oliveira\/#primaryimage"},"thumbnailUrl":"https:\/\/boxeur-pro.fr\/wp-content\/uploads\/2024\/08\/b90cf-removebg-preview.png","datePublished":"2024-08-29T15:51:08+00:00","dateModified":"2024-08-29T15:51:09+00:00","description":"Charles Oliveira, cujo nome verdadeiro \u00e9 Charles Oliveira da Silva, nasceu a 17 de outubro de 1989 no Guaruj\u00e1, Brasil.","breadcrumb":{"@id":"https:\/\/boxeur-pro.fr\/pt\/charles-oliveira\/#breadcrumb"},"inLanguage":"pt-PT","potentialAction":[{"@type":"ReadAction","target":["https:\/\/boxeur-pro.fr\/pt\/charles-oliveira\/"]}]},{"@type":"ImageObject","inLanguage":"pt-PT","@id":"https:\/\/boxeur-pro.fr\/pt\/charles-oliveira\/#primaryimage","url":"https:\/\/boxeur-pro.fr\/wp-content\/uploads\/2024\/08\/b90cf-removebg-preview.png","contentUrl":"https:\/\/boxeur-pro.fr\/wp-content\/uploads\/2024\/08\/b90cf-removebg-preview.png","width":447,"height":559,"caption":"Charles Oliveira"},{"@type":"BreadcrumbList","@id":"https:\/\/boxeur-pro.fr\/pt\/charles-oliveira\/#breadcrumb","itemListElement":[{"@type":"ListItem","position":1,"name":"Accueil","item":"https:\/\/boxeur-pro.fr\/"},{"@type":"ListItem","position":2,"name":"Charles Oliveira : son histoire, taille, poids, \u00e2ge, fortune"}]},{"@type":"WebSite","@id":"https:\/\/boxeur-pro.fr\/pt\/#website","url":"https:\/\/boxeur-pro.fr\/pt\/","name":"Boxer PRO","description":"","publisher":{"@id":"https:\/\/boxeur-pro.fr\/pt\/#organization"},"potentialAction":[{"@type":"SearchAction","target":{"@type":"EntryPoint","urlTemplate":"https:\/\/boxeur-pro.fr\/pt\/?s={search_term_string}"},"query-input":{"@type":"PropertyValueSpecification","valueRequired":true,"valueName":"search_term_string"}}],"inLanguage":"pt-PT"},{"@type":"Organization","@id":"https:\/\/boxeur-pro.fr\/pt\/#organization","name":"Boxer PRO","url":"https:\/\/boxeur-pro.fr\/pt\/","logo":{"@type":"ImageObject","inLanguage":"pt-PT","@id":"https:\/\/boxeur-pro.fr\/pt\/#\/schema\/logo\/image\/","url":"https:\/\/boxeur-pro.fr\/wp-content\/uploads\/2024\/01\/LogoBoxeurProTransparent-1.png","contentUrl":"https:\/\/boxeur-pro.fr\/wp-content\/uploads\/2024\/01\/LogoBoxeurProTransparent-1.png","width":709,"height":800,"caption":"Boxeur PRO"},"image":{"@id":"https:\/\/boxeur-pro.fr\/pt\/#\/schema\/logo\/image\/"}},{"@type":"Person","@id":"https:\/\/boxeur-pro.fr\/pt\/#\/schema\/person\/086d0ef78c9fe53d995cf72b71821937","name":"Maxime","image":{"@type":"ImageObject","inLanguage":"pt-PT","@id":"https:\/\/secure.gravatar.com\/avatar\/ce38768ebaf5d044c623efd7ff10a6ad2e1bf4f59b1039f5295b8e35e82bb447?s=96&d=mm&r=g","url":"https:\/\/secure.gravatar.com\/avatar\/ce38768ebaf5d044c623efd7ff10a6ad2e1bf4f59b1039f5295b8e35e82bb447?s=96&d=mm&r=g","contentUrl":"https:\/\/secure.gravatar.com\/avatar\/ce38768ebaf5d044c623efd7ff10a6ad2e1bf4f59b1039f5295b8e35e82bb447?s=96&d=mm&r=g","caption":"Maxime"},"url":"https:\/\/boxeur-pro.fr\/pt\/author\/maxime\/"}]}},"_links":{"self":[{"href":"https:\/\/boxeur-pro.fr\/pt\/wp-json\/wp\/v2\/posts\/2526","targetHints":{"allow":["GET"]}}],"collection":[{"href":"https:\/\/boxeur-pro.fr\/pt\/wp-json\/wp\/v2\/posts"}],"about":[{"href":"https:\/\/boxeur-pro.fr\/pt\/wp-json\/wp\/v2\/types\/post"}],"author":[{"embeddable":true,"href":"https:\/\/boxeur-pro.fr\/pt\/wp-json\/wp\/v2\/users\/2"}],"replies":[{"embeddable":true,"href":"https:\/\/boxeur-pro.fr\/pt\/wp-json\/wp\/v2\/comments?post=2526"}],"version-history":[{"count":3,"href":"https:\/\/boxeur-pro.fr\/pt\/wp-json\/wp\/v2\/posts\/2526\/revisions"}],"predecessor-version":[{"id":2531,"href":"https:\/\/boxeur-pro.fr\/pt\/wp-json\/wp\/v2\/posts\/2526\/revisions\/2531"}],"wp:featuredmedia":[{"embeddable":true,"href":"https:\/\/boxeur-pro.fr\/pt\/wp-json\/wp\/v2\/media\/2529"}],"wp:attachment":[{"href":"https:\/\/boxeur-pro.fr\/pt\/wp-json\/wp\/v2\/media?parent=2526"}],"wp:term":[{"taxonomy":"category","embeddable":true,"href":"https:\/\/boxeur-pro.fr\/pt\/wp-json\/wp\/v2\/categories?post=2526"},{"taxonomy":"post_tag","embeddable":true,"href":"https:\/\/boxeur-pro.fr\/pt\/wp-json\/wp\/v2\/tags?post=2526"}],"curies":[{"name":"wp","href":"https:\/\/api.w.org\/{rel}","templated":true}]}}