{"id":2638,"date":"2024-09-12T18:31:54","date_gmt":"2024-09-12T16:31:54","guid":{"rendered":"https:\/\/boxeur-pro.fr\/?p=2638"},"modified":"2024-09-12T18:31:56","modified_gmt":"2024-09-12T16:31:56","slug":"chael-sonnen-a-sua-historia-altura-peso-idade-fortuna","status":"publish","type":"post","link":"https:\/\/boxeur-pro.fr\/pt\/rose-namajunas-2\/","title":{"rendered":"Chael Sonnen: hist\u00f3ria, altura, peso, idade, patrim\u00f3nio"},"content":{"rendered":"<h3 class=\"wp-block-heading\">Breve resumo do artigo<\/h3>\n\n\n\n<figure class=\"wp-block-table\"><table class=\"has-fixed-layout\"><thead><tr><th><strong>Elemento<\/strong><\/th><th><strong>Detalhes<\/strong><\/th><\/tr><\/thead><tbody><tr><td><strong>Nome completo<\/strong><\/td><td>Chael Patrick Sonnen<\/td><\/tr><tr><td><strong>Data de nascimento<\/strong><\/td><td>3 de abril de 1977<\/td><\/tr><tr><td><strong><a href=\"https:\/\/boxeur-pro.fr\/pt\/boxe\/mike-tyson-taille\/\">Tamanho<\/a><\/strong><\/td><td>1,85 m<\/td><\/tr><tr><td><strong><a href=\"https:\/\/boxeur-pro.fr\/pt\/boxe\/mike-tyson-poids\/\">Peso<\/a><\/strong><\/td><td>93 a 101 kg (consoante a categoria)<\/td><\/tr><tr><td><strong><a href=\"https:\/\/boxeur-pro.fr\/pt\/boxe\/mike-tyson-fortune\/\">A fortuna<\/a> estimado<\/strong><\/td><td>Cerca de 4 a 10 milh\u00f5es de d\u00f3lares<\/td><\/tr><\/tbody><\/table><\/figure>\n\n\n\n<h3 class=\"wp-block-heading\">Introdu\u00e7\u00e3o<\/h3>\n\n\n\n<p>Chael Sonnen. S\u00f3 o nome \u00e9 suficiente para causar arrepios na espinha de qualquer f\u00e3 de MMA. Mas para al\u00e9m dos golpes e golpes espectaculares, \u00e9 o homem por detr\u00e1s da alcunha \"O Gangster Americano\" que mais intriga. \u00c0 primeira vista, Chael \u00e9 o arqu\u00e9tipo do lutador: forte, determinado e incrivelmente resistente. Mas se virmos bem, ele \u00e9 um estratega sem rival, n\u00e3o s\u00f3 na jaula, mas tamb\u00e9m em frente ao microfone. O seu carisma, o seu apurado sentido de comunica\u00e7\u00e3o e a sua capacidade de gerar interesse mesmo fora do combate fizeram dele uma figura-chave no mundo dos desportos de combate. Neste artigo, vou lev\u00e1-lo numa viagem para descobrir quem \u00e9 realmente Chael Sonnen: o seu passado impressionante, a sua estatura imponente, a sua idade madura mas ainda formid\u00e1vel e, claro, como construiu a sua fortuna. Spoiler: n\u00e3o foi s\u00f3 com os punhos.<\/p>\n\n\n\n<hr class=\"wp-block-separator has-alpha-channel-opacity\">\n\n\n\n<h3 class=\"wp-block-heading\">Chael Sonnen: altura, peso, idade e riqueza<\/h3>\n\n\n\n<p>Devem estar a perguntar-se: \"Mas qual \u00e9 o tamanho de um colosso destes?\" Bem, com 1,85m, Chael Sonnen n\u00e3o \u00e9 apenas grande em altura, \u00e9 tamb\u00e9m grande em carisma. Pesando entre 93 e 101 kg, consoante a categoria em que lutava (peso m\u00e9dio ou ligeiro), Sonnen nunca foi um advers\u00e1rio f\u00e1cil de enfrentar. Ele carregava o peso com uma facilidade incr\u00edvel, combinando uma t\u00e9cnica de luta livre formid\u00e1vel com uma resist\u00eancia inabal\u00e1vel. Imagina uma montanha a perseguir-te com a velocidade de um velocista: era mais ou menos assim que ele se apresentava nos seus melhores dias.<\/p>\n\n\n\n<p>Nascido a 3 de abril de 1977, este \"veterano\" do oct\u00f3gono tem agora 47 anos, mas n\u00e3o pensa por um segundo que abrandou. Apesar de se ter retirado dos combates profissionais, continua extremamente ativo, seja atrav\u00e9s dos seus podcasts, seja como analista da ESPN ou como promotor da sua pr\u00f3pria organiza\u00e7\u00e3o de grappling. E tudo compensa. A fortuna de Chael est\u00e1 estimada entre 4 e 10 milh\u00f5es de d\u00f3lares. Isso varia de fonte para fonte, mas independentemente disso, estamos falando de milh\u00f5es aqui, uma quantia impressionante para algu\u00e9m que nunca ganhou um t\u00edtulo importante no UFC. Ent\u00e3o, como \u00e9 que ele o fez? \u00c9 a\u00ed que a magia acontece: uma mistura inteligente de neg\u00f3cios, cobertura medi\u00e1tica e puro talento de comunica\u00e7\u00e3o.<\/p>\n\n\n\n<hr class=\"wp-block-separator has-alpha-channel-opacity\">\n\n\n\n<h3 class=\"wp-block-heading\">Os prim\u00f3rdios das MMA e a sua ascens\u00e3o mete\u00f3rica<\/h3>\n\n\n\n<p>Chael Sonnen nem sempre foi \"O Gangster Americano\". Teve um in\u00edcio humilde no mundo das MMA em 1997, com 19 anos. Na altura, era apenas um jovem lutador com grandes ambi\u00e7\u00f5es. Mas depressa se tornou conhecido pelo seu estilo agressivo e pela sua capacidade de impor o seu ritmo na jaula. Depois de algumas vit\u00f3rias promissoras, Sonnen entrou na cena do UFC em 2005. Mas nem tudo foi f\u00e1cil desde o in\u00edcio. O seu primeiro combate no UFC 55 terminou com uma derrota para Renato Sobral. Dececionante? Talvez. Mas n\u00e3o para Sonnen. O rev\u00e9s s\u00f3 fortaleceu sua determina\u00e7\u00e3o.<\/p>\n\n\n\n<p>O que tornava Sonnen t\u00e3o \u00fanico era a sua capacidade de regressar ap\u00f3s cada queda. Em 2006, ap\u00f3s uma s\u00e9rie de fracassos, trocou o UFC por outras organiza\u00e7\u00f5es, onde obteve uma s\u00e9rie de vit\u00f3rias espectaculares, nomeadamente contra nomes como Paulo Filho e Alexey Oleinik. Embora a sua carreira tenha sido cheia de altos e baixos, ela forjou o seu car\u00e1cter. Rapidamente se tornou num dos lutadores mais respeitados do ramo. Mas para al\u00e9m das suas vit\u00f3rias, foi a sua mentalidade de ferro que impressionou. Sonnen nunca desiste. Perdeu combates, mas, na sua mente, nunca foi realmente derrotado.<\/p>\n\n\n\n<hr class=\"wp-block-separator has-alpha-channel-opacity\">\n\n\n\n<h3 class=\"wp-block-heading\">A rivalidade com Anderson Silva<\/h3>\n\n\n\n<p>Ah, Anderson Silva. Para quem acompanha MMA, o nome evoca imediatamente mem\u00f3rias \u00e9picas, e ningu\u00e9m pode mencionar o brasileiro sem falar de Chael Sonnen. A rivalidade entre os dois entrou para a hist\u00f3ria do desporto, n\u00e3o s\u00f3 pela intensidade dos combates, mas tamb\u00e9m pelo espet\u00e1culo que proporcionam fora do oct\u00f3gono. Em 2010, no UFC 117, Sonnen surpreendeu a todos ao dominar Silva durante quatro rounds. Quatro rounds! Era um dos maiores campe\u00f5es da hist\u00f3ria do desporto, e Sonnen controlou-o com uma facilidade desconcertante.<\/p>\n\n\n\n<p>E ent\u00e3o, como num filme, tudo mudou no \u00faltimo assalto. Silva, \u00e0 beira do abismo, apareceu do nada com um estrangulamento triangular que obrigou Sonnen a desistir. Foi uma reviravolta digna dos maiores. <a href=\"https:\/\/boxeur-pro.fr\/pt\/boxe\/films-avec-mike-tyson\/\">filmes<\/a> a\u00e7\u00e3o. Mas a hist\u00f3ria n\u00e3o termina a\u00ed. Dois anos mais tarde, na sua desforra no UFC 148, Sonnen voltou a dar trabalho a Silva antes de cometer um erro fatal no segundo assalto, permitindo que Silva capitalizasse com uma joelhada que terminou o combate. Estes dois confrontos n\u00e3o s\u00e3o apenas combates, s\u00e3o cap\u00edtulos de uma saga. Mesmo depois das suas carreiras, a sua rivalidade permanece gravada na mem\u00f3ria das pessoas, um s\u00edmbolo da grandeza e da imprevisibilidade que constituem o encanto das MMA.<\/p>\n\n\n\n<hr class=\"wp-block-separator has-alpha-channel-opacity\">\n\n\n\n<h3 class=\"wp-block-heading\">Um mestre do trash-talk<\/h3>\n\n\n\n<p>Sonnen n\u00e3o \u00e9 apenas um lutador, ele \u00e9 um showman. Se nunca o ouviram falar antes de um combate, ent\u00e3o perderam a oportunidade. Esse cara redefiniu a arte do trash-talk no MMA. Ao contr\u00e1rio de muitos que apenas lan\u00e7am jabs aqui e ali, Sonnen fez disso uma estrat\u00e9gia. Antes de cada luta, ele fazia de seus oponentes alvos, n\u00e3o apenas prometendo venc\u00ea-los, mas ridicularizando-os com coment\u00e1rios afiados, muitas vezes engra\u00e7ados, mas sempre calculados. Utilizava cada entrevista, cada confer\u00eancia de imprensa e cada tweet para criar um verdadeiro burburinho em torno dos seus combates.<\/p>\n\n\n\n<p>Este talento para a provoca\u00e7\u00e3o manteve-o na ribalta mesmo quando estava a perder. Independentemente do resultado de um combate, as pessoas queriam sempre ver Chael Sonnen, porque ele dava espet\u00e1culo, n\u00e3o s\u00f3 na jaula, mas antes e depois. N\u00e3o \u00e9 \u00e0 toa que ele \u00e9 considerado um dos maiores oradores do MMA. Ele sabia cativar, chocar e, acima de tudo, entreter. E mesmo depois da sua carreira, continua a faz\u00ea-lo atrav\u00e9s dos seus v\u00eddeos, podcasts e apari\u00e7\u00f5es na televis\u00e3o.<\/p>\n\n\n\n<hr class=\"wp-block-separator has-alpha-channel-opacity\">\n\n\n\n<h3 class=\"wp-block-heading\">Uma carreira depois das MMA: como Sonnen construiu a sua fortuna<\/h3>\n\n\n\n<p>Depois de se retirar do MMA em 2014, Sonnen poderia ter-se reformado tranquilamente e desfrutado dos seus milh\u00f5es. Mas n\u00e3o, esse n\u00e3o \u00e9 o seu estilo. O homem \u00e9 um empreendedor de cora\u00e7\u00e3o. Uma das suas primeiras iniciativas depois de deixar a jaula foi fundar a Submission Underground (SUG), uma organiza\u00e7\u00e3o de grappling que organiza combates de submiss\u00e3o entre lutadores profissionais. O projeto rapidamente ganhou for\u00e7a, atraindo alguns dos maiores nomes do MMA e gerando um bom n\u00famero de visualiza\u00e7\u00f5es em plataformas de streaming. \u00c9 um neg\u00f3cio que continua a gerar receitas significativas.<\/p>\n\n\n\n<p>Mas isso n\u00e3o \u00e9 tudo. Sonnen tamb\u00e9m se tornou um dos analistas mais respeitados do MMA, tendo come\u00e7ado por trabalhar para a ESPN antes de criar o seu pr\u00f3prio canal no YouTube, onde comenta as not\u00edcias do mundo dos combates. Com milh\u00f5es de subscritores e v\u00eddeos que frequentemente se tornam virais, tornou-se uma figura-chave nos meios desportivos. Esta transi\u00e7\u00e3o bem sucedida de lutador para comentador e empres\u00e1rio permitiu-lhe manter um fluxo constante de rendimentos. A sua fortuna, entre 4 e 10 milh\u00f5es de d\u00f3lares, \u00e9 fruto do seu trabalho \u00e1rduo, mas tamb\u00e9m da sua intelig\u00eancia para se reinventar.<\/p>\n\n\n\n<hr class=\"wp-block-separator has-alpha-channel-opacity\">\n\n\n\n<h3 class=\"wp-block-heading\">Os seus confrontos com a lei<\/h3>\n\n\n\n<p>Apesar de todo o seu sucesso, a carreira de Chael Sonnen n\u00e3o foi isenta de contratempos. Em 2010, ap\u00f3s o seu primeiro combate contra Anderson Silva, Sonnen foi suspenso por ter n\u00edveis de testosterona anormalmente elevados. A suspens\u00e3o manchou a sua reputa\u00e7\u00e3o na altura, embora ele tenha tentado defender-se alegando que estava a fazer tratamento para um problema de sa\u00fade. Mas esse n\u00e3o foi o seu \u00fanico problema. Em 2011, Sonnen foi implicado num caso de lavagem de dinheiro relacionado com uma transa\u00e7\u00e3o fraudulenta de uma propriedade. Sonnen tinha orquestrado uma venda de im\u00f3veis que envolvia o pagamento de 69 000 d\u00f3lares a uma empresa de canaliza\u00e7\u00e3o, propriedade da sua m\u00e3e, para repara\u00e7\u00f5es que nunca foram efectuadas. A transa\u00e7\u00e3o foi descoberta e, em 2011, declarou-se culpado de branqueamento de capitais. Como resultado, foi multado em 10.000 d\u00f3lares e condenado a dois anos de liberdade condicional. Este esc\u00e2ndalo poderia ter acabado com a sua carreira, mas Sonnen, fiel ao seu car\u00e1cter, conseguiu transformar a situa\u00e7\u00e3o em seu benef\u00edcio.<\/p>\n\n\n\n<p>Longe de desistir, continuou a lutar na UFC, construindo a sua imagem de \"bad boy\" das MMA. Esta imagem sulfurosa permitiu-lhe manter-se na ribalta, mesmo no meio de pol\u00e9micas. Chael sempre foi capaz de usar esses momentos dif\u00edceis para alimentar sua personalidade e aumentar sua popularidade. A sua franqueza, as provoca\u00e7\u00f5es p\u00fablicas e a abordagem sem filtros continuaram a dividir opini\u00f5es, mas tamb\u00e9m lhe garantiram um lugar \u00fanico na hist\u00f3ria do desporto. Sonnen provou que, mesmo no meio de um esc\u00e2ndalo, \u00e9 poss\u00edvel erguer-se de novo e continuar a brilhar.<\/p>\n\n\n\n<h4 class=\"wp-block-heading\">Conclus\u00e3o<\/h4>\n\n\n\n<p>Chael Sonnen encarna na perfei\u00e7\u00e3o a mistura explosiva de talento bruto, carisma e estrat\u00e9gia. Quer seja no oct\u00f3gono ou em frente \u00e0s c\u00e2maras, deixou a sua marca no mundo das MMA com o seu estilo de luta implac\u00e1vel, o seu lend\u00e1rio trash-talk e a sua capacidade de recuperar de todos os desafios. Mesmo sem ganhar um t\u00edtulo importante, estabeleceu-se como um dos lutadores mais ic\u00f3nicos da sua gera\u00e7\u00e3o. Mas para al\u00e9m dos combates, Chael provou que sabe explorar as suas capacidades fora da jaula, quer como analista, promotor ou empres\u00e1rio.<\/p>\n\n\n\n<p>Hoje, a sua fortuna e influ\u00eancia continuam a crescer, provando que, no mundo do desporto, a vit\u00f3ria n\u00e3o se mede apenas por cintos ou medalhas, mas tamb\u00e9m pelo impacto que se deixa. Sonnen continua a ser, e continuar\u00e1 a ser, uma figura not\u00e1vel nas MMA, um exemplo de tenacidade e ousadia.<\/p>\n\n\n\n<p>Fontes : <strong><a href=\"https:\/\/fr.wikipedia.org\/wiki\/Boxe\" data-lasso-id=\"4951\">Wiki do boxe <\/a><\/strong><\/p>\n\n\n\n<p>Ver tamb\u00e9m :<strong><a href=\"https:\/\/pflmma.com\/\" data-lasso-id=\"4952\"> S\u00edtio Web oficial dos veteranos<\/a><\/strong><\/p>","protected":false},"excerpt":{"rendered":"<p>Breve resumo do item Detalhe do item Nome completo Chael Patrick Sonnen Data de nascimento 3 de abril de 1977 Altura 1,85 m Peso 93 a 101 kg (dependendo da categoria) Fortuna estimada Cerca de 4 a 10 milh\u00f5es de d\u00f3lares Introdu\u00e7\u00e3o Chael Sonnen. S\u00f3 o nome \u00e9 suficiente para causar arrepios na espinha de qualquer pessoa. <a title=\"Chael Sonnen: hist\u00f3ria, altura, peso, idade, patrim\u00f3nio\" class=\"read-more\" href=\"https:\/\/boxeur-pro.fr\/pt\/rose-namajunas-2\/\" aria-label=\"Leia mais sobre Chael Sonnen : son histoire, taille, poids, \u00e2ge, fortune\">Ler mais<\/a><\/p>","protected":false},"author":2,"featured_media":2643,"comment_status":"open","ping_status":"open","sticky":false,"template":"","format":"standard","meta":{"footnotes":""},"categories":[7],"tags":[15],"class_list":["post-2638","post","type-post","status-publish","format-standard","has-post-thumbnail","hentry","category-boxe","tag-boxeurs"],"yoast_head":"<!-- This site is optimized with the Yoast SEO plugin v27.5 - https:\/\/yoast.com\/product\/yoast-seo-wordpress\/ -->\n<title>Chael Sonnen : son histoire, taille, poids, \u00e2ge, fortune<\/title>\n<meta name=\"description\" content=\"Chael Sonnen incarne \u00e0 la perfection le m\u00e9lange explosif entre talent brut, charisme, et strat\u00e9gie. Que ce soit dans l&#039;octogone\" \/>\n<meta name=\"robots\" content=\"index, follow, max-snippet:-1, max-image-preview:large, max-video-preview:-1\" \/>\n<link rel=\"canonical\" href=\"https:\/\/boxeur-pro.fr\/pt\/rose-namajunas-2\/\" \/>\n<meta property=\"og:locale\" content=\"pt_PT\" \/>\n<meta property=\"og:type\" content=\"article\" \/>\n<meta property=\"og:title\" content=\"Chael Sonnen : son histoire, taille, poids, \u00e2ge, fortune\" \/>\n<meta property=\"og:description\" content=\"Chael Sonnen incarne \u00e0 la perfection le m\u00e9lange explosif entre talent brut, charisme, et strat\u00e9gie. Que ce soit dans l&#039;octogone\" \/>\n<meta property=\"og:url\" content=\"https:\/\/boxeur-pro.fr\/pt\/rose-namajunas-2\/\" \/>\n<meta property=\"og:site_name\" content=\"Boxeur PRO\" \/>\n<meta property=\"article:published_time\" content=\"2024-09-12T16:31:54+00:00\" \/>\n<meta property=\"article:modified_time\" content=\"2024-09-12T16:31:56+00:00\" \/>\n<meta property=\"og:image\" content=\"https:\/\/boxeur-pro.fr\/wp-content\/uploads\/2024\/09\/ChaelSonnen_Headshot-removebg-preview.png\" \/>\n\t<meta property=\"og:image:width\" content=\"500\" \/>\n\t<meta property=\"og:image:height\" content=\"325\" \/>\n\t<meta property=\"og:image:type\" content=\"image\/png\" \/>\n<meta name=\"author\" content=\"Maxime\" \/>\n<meta name=\"twitter:card\" content=\"summary_large_image\" \/>\n<meta name=\"twitter:label1\" content=\"Escrito por\" \/>\n\t<meta name=\"twitter:data1\" content=\"Maxime\" \/>\n\t<meta name=\"twitter:label2\" content=\"Tempo estimado de leitura\" \/>\n\t<meta name=\"twitter:data2\" content=\"10 minutos\" \/>\n<script type=\"application\/ld+json\" class=\"yoast-schema-graph\">{\"@context\":\"https:\\\/\\\/schema.org\",\"@graph\":[{\"@type\":\"Article\",\"@id\":\"https:\\\/\\\/boxeur-pro.fr\\\/pt\\\/rose-namajunas-2\\\/#article\",\"isPartOf\":{\"@id\":\"https:\\\/\\\/boxeur-pro.fr\\\/pt\\\/rose-namajunas-2\\\/\"},\"author\":{\"name\":\"Maxime\",\"@id\":\"https:\\\/\\\/boxeur-pro.fr\\\/pt\\\/#\\\/schema\\\/person\\\/086d0ef78c9fe53d995cf72b71821937\"},\"headline\":\"Chael Sonnen : son histoire, taille, poids, \u00e2ge, fortune\",\"datePublished\":\"2024-09-12T16:31:54+00:00\",\"dateModified\":\"2024-09-12T16:31:56+00:00\",\"mainEntityOfPage\":{\"@id\":\"https:\\\/\\\/boxeur-pro.fr\\\/pt\\\/rose-namajunas-2\\\/\"},\"wordCount\":1901,\"commentCount\":0,\"publisher\":{\"@id\":\"https:\\\/\\\/boxeur-pro.fr\\\/pt\\\/#organization\"},\"image\":{\"@id\":\"https:\\\/\\\/boxeur-pro.fr\\\/pt\\\/rose-namajunas-2\\\/#primaryimage\"},\"thumbnailUrl\":\"https:\\\/\\\/boxeur-pro.fr\\\/wp-content\\\/uploads\\\/2024\\\/09\\\/ChaelSonnen_Headshot-removebg-preview.png\",\"keywords\":[\"Boxeurs\"],\"articleSection\":[\"Boxe\"],\"inLanguage\":\"pt-PT\",\"potentialAction\":[{\"@type\":\"CommentAction\",\"name\":\"Comment\",\"target\":[\"https:\\\/\\\/boxeur-pro.fr\\\/pt\\\/rose-namajunas-2\\\/#respond\"]}]},{\"@type\":\"WebPage\",\"@id\":\"https:\\\/\\\/boxeur-pro.fr\\\/pt\\\/rose-namajunas-2\\\/\",\"url\":\"https:\\\/\\\/boxeur-pro.fr\\\/pt\\\/rose-namajunas-2\\\/\",\"name\":\"Chael Sonnen : son histoire, taille, poids, \u00e2ge, fortune\",\"isPartOf\":{\"@id\":\"https:\\\/\\\/boxeur-pro.fr\\\/pt\\\/#website\"},\"primaryImageOfPage\":{\"@id\":\"https:\\\/\\\/boxeur-pro.fr\\\/pt\\\/rose-namajunas-2\\\/#primaryimage\"},\"image\":{\"@id\":\"https:\\\/\\\/boxeur-pro.fr\\\/pt\\\/rose-namajunas-2\\\/#primaryimage\"},\"thumbnailUrl\":\"https:\\\/\\\/boxeur-pro.fr\\\/wp-content\\\/uploads\\\/2024\\\/09\\\/ChaelSonnen_Headshot-removebg-preview.png\",\"datePublished\":\"2024-09-12T16:31:54+00:00\",\"dateModified\":\"2024-09-12T16:31:56+00:00\",\"description\":\"Chael Sonnen incarne \u00e0 la perfection le m\u00e9lange explosif entre talent brut, charisme, et strat\u00e9gie. Que ce soit dans l'octogone\",\"breadcrumb\":{\"@id\":\"https:\\\/\\\/boxeur-pro.fr\\\/pt\\\/rose-namajunas-2\\\/#breadcrumb\"},\"inLanguage\":\"pt-PT\",\"potentialAction\":[{\"@type\":\"ReadAction\",\"target\":[\"https:\\\/\\\/boxeur-pro.fr\\\/pt\\\/rose-namajunas-2\\\/\"]}]},{\"@type\":\"ImageObject\",\"inLanguage\":\"pt-PT\",\"@id\":\"https:\\\/\\\/boxeur-pro.fr\\\/pt\\\/rose-namajunas-2\\\/#primaryimage\",\"url\":\"https:\\\/\\\/boxeur-pro.fr\\\/wp-content\\\/uploads\\\/2024\\\/09\\\/ChaelSonnen_Headshot-removebg-preview.png\",\"contentUrl\":\"https:\\\/\\\/boxeur-pro.fr\\\/wp-content\\\/uploads\\\/2024\\\/09\\\/ChaelSonnen_Headshot-removebg-preview.png\",\"width\":500,\"height\":325,\"caption\":\"Chael Sonnen\"},{\"@type\":\"BreadcrumbList\",\"@id\":\"https:\\\/\\\/boxeur-pro.fr\\\/pt\\\/rose-namajunas-2\\\/#breadcrumb\",\"itemListElement\":[{\"@type\":\"ListItem\",\"position\":1,\"name\":\"Accueil\",\"item\":\"https:\\\/\\\/boxeur-pro.fr\\\/\"},{\"@type\":\"ListItem\",\"position\":2,\"name\":\"Chael Sonnen : son histoire, taille, poids, \u00e2ge, fortune\"}]},{\"@type\":\"WebSite\",\"@id\":\"https:\\\/\\\/boxeur-pro.fr\\\/pt\\\/#website\",\"url\":\"https:\\\/\\\/boxeur-pro.fr\\\/pt\\\/\",\"name\":\"Boxeur PRO\",\"description\":\"\",\"publisher\":{\"@id\":\"https:\\\/\\\/boxeur-pro.fr\\\/pt\\\/#organization\"},\"potentialAction\":[{\"@type\":\"SearchAction\",\"target\":{\"@type\":\"EntryPoint\",\"urlTemplate\":\"https:\\\/\\\/boxeur-pro.fr\\\/pt\\\/?s={search_term_string}\"},\"query-input\":{\"@type\":\"PropertyValueSpecification\",\"valueRequired\":true,\"valueName\":\"search_term_string\"}}],\"inLanguage\":\"pt-PT\"},{\"@type\":\"Organization\",\"@id\":\"https:\\\/\\\/boxeur-pro.fr\\\/pt\\\/#organization\",\"name\":\"Boxeur PRO\",\"url\":\"https:\\\/\\\/boxeur-pro.fr\\\/pt\\\/\",\"logo\":{\"@type\":\"ImageObject\",\"inLanguage\":\"pt-PT\",\"@id\":\"https:\\\/\\\/boxeur-pro.fr\\\/pt\\\/#\\\/schema\\\/logo\\\/image\\\/\",\"url\":\"https:\\\/\\\/boxeur-pro.fr\\\/wp-content\\\/uploads\\\/2024\\\/01\\\/LogoBoxeurProTransparent-1.png\",\"contentUrl\":\"https:\\\/\\\/boxeur-pro.fr\\\/wp-content\\\/uploads\\\/2024\\\/01\\\/LogoBoxeurProTransparent-1.png\",\"width\":709,\"height\":800,\"caption\":\"Boxeur PRO\"},\"image\":{\"@id\":\"https:\\\/\\\/boxeur-pro.fr\\\/pt\\\/#\\\/schema\\\/logo\\\/image\\\/\"}},{\"@type\":\"Person\",\"@id\":\"https:\\\/\\\/boxeur-pro.fr\\\/pt\\\/#\\\/schema\\\/person\\\/086d0ef78c9fe53d995cf72b71821937\",\"name\":\"Maxime\",\"image\":{\"@type\":\"ImageObject\",\"inLanguage\":\"pt-PT\",\"@id\":\"https:\\\/\\\/secure.gravatar.com\\\/avatar\\\/ce38768ebaf5d044c623efd7ff10a6ad2e1bf4f59b1039f5295b8e35e82bb447?s=96&d=mm&r=g\",\"url\":\"https:\\\/\\\/secure.gravatar.com\\\/avatar\\\/ce38768ebaf5d044c623efd7ff10a6ad2e1bf4f59b1039f5295b8e35e82bb447?s=96&d=mm&r=g\",\"contentUrl\":\"https:\\\/\\\/secure.gravatar.com\\\/avatar\\\/ce38768ebaf5d044c623efd7ff10a6ad2e1bf4f59b1039f5295b8e35e82bb447?s=96&d=mm&r=g\",\"caption\":\"Maxime\"},\"url\":\"https:\\\/\\\/boxeur-pro.fr\\\/pt\\\/author\\\/maxime\\\/\"}]}<\/script>\n<!-- \/ Yoast SEO plugin. -->","yoast_head_json":{"title":"Chael Sonnen: hist\u00f3ria, altura, peso, idade, patrim\u00f3nio","description":"Chael Sonnen encarna na perfei\u00e7\u00e3o a mistura explosiva de talento bruto, carisma e estrat\u00e9gia. Seja no oct\u00f3gono","robots":{"index":"index","follow":"follow","max-snippet":"max-snippet:-1","max-image-preview":"max-image-preview:large","max-video-preview":"max-video-preview:-1"},"canonical":"https:\/\/boxeur-pro.fr\/pt\/rose-namajunas-2\/","og_locale":"pt_PT","og_type":"article","og_title":"Chael Sonnen : son histoire, taille, poids, \u00e2ge, fortune","og_description":"Chael Sonnen incarne \u00e0 la perfection le m\u00e9lange explosif entre talent brut, charisme, et strat\u00e9gie. Que ce soit dans l'octogone","og_url":"https:\/\/boxeur-pro.fr\/pt\/rose-namajunas-2\/","og_site_name":"Boxeur PRO","article_published_time":"2024-09-12T16:31:54+00:00","article_modified_time":"2024-09-12T16:31:56+00:00","og_image":[{"width":500,"height":325,"url":"https:\/\/boxeur-pro.fr\/wp-content\/uploads\/2024\/09\/ChaelSonnen_Headshot-removebg-preview.png","type":"image\/png"}],"author":"Maxime","twitter_card":"summary_large_image","twitter_misc":{"Escrito por":"Maxime","Tempo estimado de leitura":"10 minutos"},"schema":{"@context":"https:\/\/schema.org","@graph":[{"@type":"Article","@id":"https:\/\/boxeur-pro.fr\/pt\/rose-namajunas-2\/#article","isPartOf":{"@id":"https:\/\/boxeur-pro.fr\/pt\/rose-namajunas-2\/"},"author":{"name":"Maxime","@id":"https:\/\/boxeur-pro.fr\/pt\/#\/schema\/person\/086d0ef78c9fe53d995cf72b71821937"},"headline":"Chael Sonnen : son histoire, taille, poids, \u00e2ge, fortune","datePublished":"2024-09-12T16:31:54+00:00","dateModified":"2024-09-12T16:31:56+00:00","mainEntityOfPage":{"@id":"https:\/\/boxeur-pro.fr\/pt\/rose-namajunas-2\/"},"wordCount":1901,"commentCount":0,"publisher":{"@id":"https:\/\/boxeur-pro.fr\/pt\/#organization"},"image":{"@id":"https:\/\/boxeur-pro.fr\/pt\/rose-namajunas-2\/#primaryimage"},"thumbnailUrl":"https:\/\/boxeur-pro.fr\/wp-content\/uploads\/2024\/09\/ChaelSonnen_Headshot-removebg-preview.png","keywords":["Boxeurs"],"articleSection":["Boxe"],"inLanguage":"pt-PT","potentialAction":[{"@type":"CommentAction","name":"Comment","target":["https:\/\/boxeur-pro.fr\/pt\/rose-namajunas-2\/#respond"]}]},{"@type":"WebPage","@id":"https:\/\/boxeur-pro.fr\/pt\/rose-namajunas-2\/","url":"https:\/\/boxeur-pro.fr\/pt\/rose-namajunas-2\/","name":"Chael Sonnen: hist\u00f3ria, altura, peso, idade, patrim\u00f3nio","isPartOf":{"@id":"https:\/\/boxeur-pro.fr\/pt\/#website"},"primaryImageOfPage":{"@id":"https:\/\/boxeur-pro.fr\/pt\/rose-namajunas-2\/#primaryimage"},"image":{"@id":"https:\/\/boxeur-pro.fr\/pt\/rose-namajunas-2\/#primaryimage"},"thumbnailUrl":"https:\/\/boxeur-pro.fr\/wp-content\/uploads\/2024\/09\/ChaelSonnen_Headshot-removebg-preview.png","datePublished":"2024-09-12T16:31:54+00:00","dateModified":"2024-09-12T16:31:56+00:00","description":"Chael Sonnen encarna na perfei\u00e7\u00e3o a mistura explosiva de talento bruto, carisma e estrat\u00e9gia. Seja no oct\u00f3gono","breadcrumb":{"@id":"https:\/\/boxeur-pro.fr\/pt\/rose-namajunas-2\/#breadcrumb"},"inLanguage":"pt-PT","potentialAction":[{"@type":"ReadAction","target":["https:\/\/boxeur-pro.fr\/pt\/rose-namajunas-2\/"]}]},{"@type":"ImageObject","inLanguage":"pt-PT","@id":"https:\/\/boxeur-pro.fr\/pt\/rose-namajunas-2\/#primaryimage","url":"https:\/\/boxeur-pro.fr\/wp-content\/uploads\/2024\/09\/ChaelSonnen_Headshot-removebg-preview.png","contentUrl":"https:\/\/boxeur-pro.fr\/wp-content\/uploads\/2024\/09\/ChaelSonnen_Headshot-removebg-preview.png","width":500,"height":325,"caption":"Chael Sonnen"},{"@type":"BreadcrumbList","@id":"https:\/\/boxeur-pro.fr\/pt\/rose-namajunas-2\/#breadcrumb","itemListElement":[{"@type":"ListItem","position":1,"name":"Accueil","item":"https:\/\/boxeur-pro.fr\/"},{"@type":"ListItem","position":2,"name":"Chael Sonnen : son histoire, taille, poids, \u00e2ge, fortune"}]},{"@type":"WebSite","@id":"https:\/\/boxeur-pro.fr\/pt\/#website","url":"https:\/\/boxeur-pro.fr\/pt\/","name":"Boxer PRO","description":"","publisher":{"@id":"https:\/\/boxeur-pro.fr\/pt\/#organization"},"potentialAction":[{"@type":"SearchAction","target":{"@type":"EntryPoint","urlTemplate":"https:\/\/boxeur-pro.fr\/pt\/?s={search_term_string}"},"query-input":{"@type":"PropertyValueSpecification","valueRequired":true,"valueName":"search_term_string"}}],"inLanguage":"pt-PT"},{"@type":"Organization","@id":"https:\/\/boxeur-pro.fr\/pt\/#organization","name":"Boxer PRO","url":"https:\/\/boxeur-pro.fr\/pt\/","logo":{"@type":"ImageObject","inLanguage":"pt-PT","@id":"https:\/\/boxeur-pro.fr\/pt\/#\/schema\/logo\/image\/","url":"https:\/\/boxeur-pro.fr\/wp-content\/uploads\/2024\/01\/LogoBoxeurProTransparent-1.png","contentUrl":"https:\/\/boxeur-pro.fr\/wp-content\/uploads\/2024\/01\/LogoBoxeurProTransparent-1.png","width":709,"height":800,"caption":"Boxeur PRO"},"image":{"@id":"https:\/\/boxeur-pro.fr\/pt\/#\/schema\/logo\/image\/"}},{"@type":"Person","@id":"https:\/\/boxeur-pro.fr\/pt\/#\/schema\/person\/086d0ef78c9fe53d995cf72b71821937","name":"Maxime","image":{"@type":"ImageObject","inLanguage":"pt-PT","@id":"https:\/\/secure.gravatar.com\/avatar\/ce38768ebaf5d044c623efd7ff10a6ad2e1bf4f59b1039f5295b8e35e82bb447?s=96&d=mm&r=g","url":"https:\/\/secure.gravatar.com\/avatar\/ce38768ebaf5d044c623efd7ff10a6ad2e1bf4f59b1039f5295b8e35e82bb447?s=96&d=mm&r=g","contentUrl":"https:\/\/secure.gravatar.com\/avatar\/ce38768ebaf5d044c623efd7ff10a6ad2e1bf4f59b1039f5295b8e35e82bb447?s=96&d=mm&r=g","caption":"Maxime"},"url":"https:\/\/boxeur-pro.fr\/pt\/author\/maxime\/"}]}},"_links":{"self":[{"href":"https:\/\/boxeur-pro.fr\/pt\/wp-json\/wp\/v2\/posts\/2638","targetHints":{"allow":["GET"]}}],"collection":[{"href":"https:\/\/boxeur-pro.fr\/pt\/wp-json\/wp\/v2\/posts"}],"about":[{"href":"https:\/\/boxeur-pro.fr\/pt\/wp-json\/wp\/v2\/types\/post"}],"author":[{"embeddable":true,"href":"https:\/\/boxeur-pro.fr\/pt\/wp-json\/wp\/v2\/users\/2"}],"replies":[{"embeddable":true,"href":"https:\/\/boxeur-pro.fr\/pt\/wp-json\/wp\/v2\/comments?post=2638"}],"version-history":[{"count":1,"href":"https:\/\/boxeur-pro.fr\/pt\/wp-json\/wp\/v2\/posts\/2638\/revisions"}],"predecessor-version":[{"id":2650,"href":"https:\/\/boxeur-pro.fr\/pt\/wp-json\/wp\/v2\/posts\/2638\/revisions\/2650"}],"wp:featuredmedia":[{"embeddable":true,"href":"https:\/\/boxeur-pro.fr\/pt\/wp-json\/wp\/v2\/media\/2643"}],"wp:attachment":[{"href":"https:\/\/boxeur-pro.fr\/pt\/wp-json\/wp\/v2\/media?parent=2638"}],"wp:term":[{"taxonomy":"category","embeddable":true,"href":"https:\/\/boxeur-pro.fr\/pt\/wp-json\/wp\/v2\/categories?post=2638"},{"taxonomy":"post_tag","embeddable":true,"href":"https:\/\/boxeur-pro.fr\/pt\/wp-json\/wp\/v2\/tags?post=2638"}],"curies":[{"name":"wp","href":"https:\/\/api.w.org\/{rel}","templated":true}]}}