{"id":3011,"date":"2024-11-04T18:23:00","date_gmt":"2024-11-04T17:23:00","guid":{"rendered":"https:\/\/boxeur-pro.fr\/?p=3011"},"modified":"2024-11-04T18:23:00","modified_gmt":"2024-11-04T17:23:00","slug":"o-mike-tyson-esta-pronto-para-morrer-o-jake-paul-esta-louco","status":"publish","type":"post","link":"https:\/\/boxeur-pro.fr\/pt\/blog\/choc-mike-tyson-pret-mourir-ring-face-jake-paul-la-raison-est-folle\/","title":{"rendered":"Choque: Mike Tyson pronto para morrer no ringue contra Jake Paul (A raz\u00e3o \u00e9 louca)"},"content":{"rendered":"<p><strong>O artigo em resumo<\/strong><\/p>\n<p>O combate entre Mike Tyson e Jake Paul promete ser um confronto explosivo entre gera\u00e7\u00f5es no mundo do boxe. Eis os principais pontos a ter em conta:<\/p>\n<ul>\n<li><strong>Regresso surpresa<\/strong> Mike Tyson, 57 anos, sai da reforma para enfrentar Jake Paul<\/li>\n<li><strong>Duelo sem precedentes<\/strong> A experi\u00eancia lend\u00e1ria de Tyson contra a juventude e a aud\u00e1cia de Paul<\/li>\n<li><strong>Quest\u00f5es importantes<\/strong> Uma luta que poderia <em>redefinir os limites do desporto<\/em><\/li>\n<li><strong>Expectativas elevadas<\/strong> Um grande acontecimento medi\u00e1tico que fascina tanto os adeptos como os especialistas<\/li>\n<\/ul>\n<p>Ol\u00e1 f\u00e3s do boxe! J\u00e1 ouviram as \u00faltimas not\u00edcias? Mike Tyson est\u00e1 pronto para lutar com Jake Paul, e acreditem em mim, vai ser um combate explosivo! Estou a ficar excitado s\u00f3 de pensar nisso. Imaginem s\u00f3: o antigo campe\u00e3o <a href=\"https:\/\/boxeur-pro.fr\/pt\/boxe\/mike-tyson-poids\/\">peso<\/a> peso pesado contra o YouTuber que se tornou pugilista. \u00c9 como se David Copperfield desafiasse Houdini para um concurso de magia!<\/p>\n<h2>O regresso do rei: Mike Tyson sai da reforma<\/h2>\n<p>Mike Tyson, a lenda viva do boxe, decidiu voltar ao ringue aos 57 anos. E n\u00e3o \u00e9 contra qualquer um! Ele quer enfrentar Jake Paul, o <em>menino mau<\/em> o canal do YouTube que est\u00e1 a causar tanta agita\u00e7\u00e3o no mundo do boxe. Tyson disse: <strong>\"Prefiro morrer no ringue do que numa cama de hospital\".<\/strong>. Isto \u00e9 que \u00e9 motiva\u00e7\u00e3o, meus amigos!<\/p>\n<p>Tenho de admitir que quase ca\u00ed da cadeira quando ouvi isto. Tyson n\u00e3o perdeu nada do seu fogo e far\u00e1 tudo para provar que ainda \u00e9 o \"Iron Mike\" que conhecemos. Eis o que torna este combate t\u00e3o excitante:<\/p>\n<ul>\n<li>A experi\u00eancia lend\u00e1ria de Tyson<\/li>\n<li>A juventude e a aud\u00e1cia de Jake Paul<\/li>\n<li>Um choque intergeracional<\/li>\n<li>Grande apelo medi\u00e1tico<\/li>\n<\/ul>\n<h2>Jake Paul: o YouTubeur que est\u00e1 a abanar o boxe<\/h2>\n<p>Jake Paul n\u00e3o \u00e9 uma pessoa qualquer. Aos 27 anos, j\u00e1 se afirmou no mundo do boxe. Uns odeiam-no, outros adoram-no, mas ningu\u00e9m fica indiferente. Conseguiu transformar a sua notoriedade nas redes sociais numa carreira de pugilista profissional. E, francamente, n\u00e3o se est\u00e1 a sair muito mal!<\/p>\n<p>Eis um breve resumo dos seus desempenhos:<\/p>\n<table>\n<tr>\n<th>Luta<\/th>\n<th>Vit\u00f3rias<\/th>\n<th>Derrotas<\/th>\n<th>KO<\/th>\n<\/tr>\n<tr>\n<td>8<\/td>\n<td>7<\/td>\n<td>1<\/td>\n<td>4<\/td>\n<\/tr>\n<\/table>\n<p>Nada mau para um \"amador\", n\u00e3o \u00e9? Mas contra o Tyson, vai ser uma coisa diferente. \u00c9 um pouco como pedir a um futebolista amador para enfrentar o Messi. Boa sorte, amigo!<\/p>\n<p><img decoding=\"async\" src=\"https:\/\/boxeur-pro.fr\/wp-content\/uploads\/2024\/11\/tyson_provoque_paul_au_combat_8214.jpg\" alt=\"Mike Tyson desafia Jake Paul: \"je pr\u00e9f\u00e8re mourir sur le ring que dans un lit d'h\u00f4pital\" class=\"\"><\/p>\n<h2>Um duelo de tit\u00e3s: experi\u00eancia versus juventude<\/h2>\n<p>Esta batalha, se tiver lugar, ser\u00e1 \u00e9pica. Por um lado, temos <strong>Mike Tyson<\/strong>Uma for\u00e7a da natureza com anos de experi\u00eancia e um historial impressionante. Por outro lado, <strong>Jake Paul<\/strong>jovem, faminto e determinado a provar o seu valor. \u00c9 David contra Golias, mas na vers\u00e3o do boxe!<\/p>\n<p>Como especialista em boxe, posso dizer-vos que este combate levanta muitas quest\u00f5es:<\/p>\n<ol>\n<li>O Tyson ainda est\u00e1 em forma para combater?<\/li>\n<li>Conseguir\u00e1 Jake Paul resistir ao poder de <a href=\"https:\/\/boxeur-pro.fr\/pt\/boxe\/meilleur-sac-de-frappe-boxe\/\">atingido<\/a> lend\u00e1rio Tyson?<\/li>\n<li>Quem ter\u00e1 a vantagem mental neste duelo?<\/li>\n<\/ol>\n<p>Pessoalmente, sinto-me como uma crian\u00e7a na v\u00e9spera de Natal. N\u00e3o sei o que o Pai Natal me vai trazer, mas sei que vai ser \u00f3timo! Em quem \u00e9 que aposta?<\/p>\n<div style='text-align:center;'><iframe width='560' height='315' src='https:\/\/www.youtube.com\/embed\/V3C4pWwDqps' frameborder='0' allow='accelerometer; autoplay; clipboard-write; encrypted-media; gyroscope; picture-in-picture' allowfullscreen class=\"\"><\/iframe><\/div>\n<\/p>\n<h2>O impacto no mundo do boxe<\/h2>\n<p>Este potencial combate entre Tyson e Paul j\u00e1 est\u00e1 a causar agita\u00e7\u00e3o. Pode muito bem redefinir as fronteiras do nosso desporto. Imaginem s\u00f3: se Tyson vencer, ficar\u00e1 provado que a idade \u00e9 apenas um n\u00famero e que a experi\u00eancia \u00e9 tudo. Se Paul vencer, ser\u00e1 um terramoto no mundo do boxe!<\/p>\n<p>Tenho de dizer que estou impressionado com a aud\u00e1cia destes dois pugilistas. Tyson a desafiar a morte no ringue, Paul a atrever-se a enfrentar uma lenda... \u00c9 inaudito! Faz-me lembrar quando eu treinava jovens pugilistas. Eu costumava dizer-lhes: <em>\"O boxe n\u00e3o \u00e9 apenas uma quest\u00e3o de murros, \u00e9 tamb\u00e9m uma quest\u00e3o de coragem\".<\/em>. E n\u00f3s temos isso em abund\u00e2ncia!<\/p>\n<p>Por isso, quer seja f\u00e3 do Tyson, do Paul ou apenas f\u00e3 de bons combates, prepare-se para um espet\u00e1culo inesquec\u00edvel. Eu estarei na fila da frente, com as minhas pipocas e o meu bloco de notas. Porque este combate, acreditem, ainda vai ser falado daqui a 20 anos!<\/p>","protected":false},"excerpt":{"rendered":"<p>Resumo do artigo O combate entre Mike Tyson e Jake Paul promete ser um choque explosivo entre gera\u00e7\u00f5es no mundo do boxe. Eis os principais pontos a reter: Regresso surpreendente: Mike Tyson, 57 anos, sai da reforma para enfrentar Jake Paul Duelo sem precedentes: A lend\u00e1ria experi\u00eancia ... <a title=\"Choque: Mike Tyson pronto para morrer no ringue contra Jake Paul (A raz\u00e3o \u00e9 louca)\" class=\"read-more\" href=\"https:\/\/boxeur-pro.fr\/pt\/blog\/choc-mike-tyson-pret-mourir-ring-face-jake-paul-la-raison-est-folle\/\" aria-label=\"Leia mais sobre Choc : Mike Tyson pr\u00eat \u00e0 mourir sur le ring face \u00e0 Jake Paul ! (La raison est folle)\">Ler mais<\/a><\/p>","protected":false},"author":2,"featured_media":3007,"comment_status":"open","ping_status":"","sticky":false,"template":"","format":"standard","meta":{"footnotes":""},"categories":[1],"tags":[],"class_list":["post-3011","post","type-post","status-publish","format-standard","has-post-thumbnail","hentry","category-blog"],"yoast_head":"<!-- This site is optimized with the Yoast SEO plugin v27.5 - https:\/\/yoast.com\/product\/yoast-seo-wordpress\/ -->\n<title>Choc : Mike Tyson pr\u00eat \u00e0 mourir sur le ring face \u00e0 Jake Paul ! (La raison est folle) - Boxeur PRO<\/title>\n<meta name=\"robots\" content=\"index, follow, max-snippet:-1, max-image-preview:large, max-video-preview:-1\" \/>\n<link rel=\"canonical\" href=\"https:\/\/boxeur-pro.fr\/pt\/blogue\/o-mike-tyson-esta-pronto-para-morrer-o-jake-paul-esta-louco\/\" \/>\n<meta property=\"og:locale\" content=\"pt_PT\" \/>\n<meta property=\"og:type\" content=\"article\" \/>\n<meta property=\"og:title\" content=\"Choc : Mike Tyson pr\u00eat \u00e0 mourir sur le ring face \u00e0 Jake Paul ! (La raison est folle) - Boxeur PRO\" \/>\n<meta property=\"og:description\" content=\"L&rsquo;article en bref Le combat entre Mike Tyson et Jake Paul s&rsquo;annonce comme un choc interg\u00e9n\u00e9rationnel explosif dans le monde de la boxe. Voici les points cl\u00e9s \u00e0 retenir : Retour surprise : Mike Tyson, 57 ans, sort de sa retraite pour affronter Jake Paul Duel in\u00e9dit : L&rsquo;exp\u00e9rience l\u00e9gendaire ... Ler mais\" \/>\n<meta property=\"og:url\" content=\"https:\/\/boxeur-pro.fr\/pt\/blogue\/o-mike-tyson-esta-pronto-para-morrer-o-jake-paul-esta-louco\/\" \/>\n<meta property=\"og:site_name\" content=\"Boxeur PRO\" \/>\n<meta property=\"article:published_time\" content=\"2024-11-04T17:23:00+00:00\" \/>\n<meta property=\"og:image\" content=\"https:\/\/boxeur-pro.fr\/wp-content\/uploads\/2024\/11\/tyson_provoque_paul_au_combat_1194.jpg\" \/>\n\t<meta property=\"og:image:width\" content=\"1200\" \/>\n\t<meta property=\"og:image:height\" content=\"800\" \/>\n\t<meta property=\"og:image:type\" content=\"image\/jpeg\" \/>\n<meta name=\"author\" content=\"Maxime\" \/>\n<meta name=\"twitter:card\" content=\"summary_large_image\" \/>\n<meta name=\"twitter:label1\" content=\"Escrito por\" \/>\n\t<meta name=\"twitter:data1\" content=\"Maxime\" \/>\n\t<meta name=\"twitter:label2\" content=\"Tempo estimado de leitura\" \/>\n\t<meta name=\"twitter:data2\" content=\"2 minutos\" \/>\n<script type=\"application\/ld+json\" class=\"yoast-schema-graph\">{\"@context\":\"https:\\\/\\\/schema.org\",\"@graph\":[{\"@type\":\"Article\",\"@id\":\"https:\\\/\\\/boxeur-pro.fr\\\/pt\\\/blog\\\/choc-mike-tyson-pret-mourir-ring-face-jake-paul-la-raison-est-folle\\\/#article\",\"isPartOf\":{\"@id\":\"https:\\\/\\\/boxeur-pro.fr\\\/pt\\\/blog\\\/choc-mike-tyson-pret-mourir-ring-face-jake-paul-la-raison-est-folle\\\/\"},\"author\":{\"name\":\"Maxime\",\"@id\":\"https:\\\/\\\/boxeur-pro.fr\\\/pt\\\/#\\\/schema\\\/person\\\/086d0ef78c9fe53d995cf72b71821937\"},\"headline\":\"Choc : Mike Tyson pr\u00eat \u00e0 mourir sur le ring face \u00e0 Jake Paul ! (La raison est folle)\",\"datePublished\":\"2024-11-04T17:23:00+00:00\",\"mainEntityOfPage\":{\"@id\":\"https:\\\/\\\/boxeur-pro.fr\\\/pt\\\/blog\\\/choc-mike-tyson-pret-mourir-ring-face-jake-paul-la-raison-est-folle\\\/\"},\"wordCount\":457,\"commentCount\":0,\"publisher\":{\"@id\":\"https:\\\/\\\/boxeur-pro.fr\\\/pt\\\/#organization\"},\"image\":{\"@id\":\"https:\\\/\\\/boxeur-pro.fr\\\/pt\\\/blog\\\/choc-mike-tyson-pret-mourir-ring-face-jake-paul-la-raison-est-folle\\\/#primaryimage\"},\"thumbnailUrl\":\"https:\\\/\\\/boxeur-pro.fr\\\/wp-content\\\/uploads\\\/2024\\\/11\\\/tyson_provoque_paul_au_combat_1194.jpg\",\"articleSection\":[\"Blog\"],\"inLanguage\":\"pt-PT\",\"potentialAction\":[{\"@type\":\"CommentAction\",\"name\":\"Comment\",\"target\":[\"https:\\\/\\\/boxeur-pro.fr\\\/pt\\\/blog\\\/choc-mike-tyson-pret-mourir-ring-face-jake-paul-la-raison-est-folle\\\/#respond\"]}]},{\"@type\":\"WebPage\",\"@id\":\"https:\\\/\\\/boxeur-pro.fr\\\/pt\\\/blog\\\/choc-mike-tyson-pret-mourir-ring-face-jake-paul-la-raison-est-folle\\\/\",\"url\":\"https:\\\/\\\/boxeur-pro.fr\\\/pt\\\/blog\\\/choc-mike-tyson-pret-mourir-ring-face-jake-paul-la-raison-est-folle\\\/\",\"name\":\"Choc : Mike Tyson pr\u00eat \u00e0 mourir sur le ring face \u00e0 Jake Paul ! (La raison est folle) - Boxeur PRO\",\"isPartOf\":{\"@id\":\"https:\\\/\\\/boxeur-pro.fr\\\/pt\\\/#website\"},\"primaryImageOfPage\":{\"@id\":\"https:\\\/\\\/boxeur-pro.fr\\\/pt\\\/blog\\\/choc-mike-tyson-pret-mourir-ring-face-jake-paul-la-raison-est-folle\\\/#primaryimage\"},\"image\":{\"@id\":\"https:\\\/\\\/boxeur-pro.fr\\\/pt\\\/blog\\\/choc-mike-tyson-pret-mourir-ring-face-jake-paul-la-raison-est-folle\\\/#primaryimage\"},\"thumbnailUrl\":\"https:\\\/\\\/boxeur-pro.fr\\\/wp-content\\\/uploads\\\/2024\\\/11\\\/tyson_provoque_paul_au_combat_1194.jpg\",\"datePublished\":\"2024-11-04T17:23:00+00:00\",\"breadcrumb\":{\"@id\":\"https:\\\/\\\/boxeur-pro.fr\\\/pt\\\/blog\\\/choc-mike-tyson-pret-mourir-ring-face-jake-paul-la-raison-est-folle\\\/#breadcrumb\"},\"inLanguage\":\"pt-PT\",\"potentialAction\":[{\"@type\":\"ReadAction\",\"target\":[\"https:\\\/\\\/boxeur-pro.fr\\\/pt\\\/blog\\\/choc-mike-tyson-pret-mourir-ring-face-jake-paul-la-raison-est-folle\\\/\"]}]},{\"@type\":\"ImageObject\",\"inLanguage\":\"pt-PT\",\"@id\":\"https:\\\/\\\/boxeur-pro.fr\\\/pt\\\/blog\\\/choc-mike-tyson-pret-mourir-ring-face-jake-paul-la-raison-est-folle\\\/#primaryimage\",\"url\":\"https:\\\/\\\/boxeur-pro.fr\\\/wp-content\\\/uploads\\\/2024\\\/11\\\/tyson_provoque_paul_au_combat_1194.jpg\",\"contentUrl\":\"https:\\\/\\\/boxeur-pro.fr\\\/wp-content\\\/uploads\\\/2024\\\/11\\\/tyson_provoque_paul_au_combat_1194.jpg\",\"width\":1200,\"height\":800,\"caption\":\"Mike Tyson d\u00e9fie Jake Paul : \\\"Je pr\u00e9f\u00e8re mourir sur le ring que dans un lit d'h\u00f4pital\"},{\"@type\":\"BreadcrumbList\",\"@id\":\"https:\\\/\\\/boxeur-pro.fr\\\/pt\\\/blog\\\/choc-mike-tyson-pret-mourir-ring-face-jake-paul-la-raison-est-folle\\\/#breadcrumb\",\"itemListElement\":[{\"@type\":\"ListItem\",\"position\":1,\"name\":\"Accueil\",\"item\":\"https:\\\/\\\/boxeur-pro.fr\\\/\"},{\"@type\":\"ListItem\",\"position\":2,\"name\":\"Choc : Mike Tyson pr\u00eat \u00e0 mourir sur le ring face \u00e0 Jake Paul ! (La raison est folle)\"}]},{\"@type\":\"WebSite\",\"@id\":\"https:\\\/\\\/boxeur-pro.fr\\\/pt\\\/#website\",\"url\":\"https:\\\/\\\/boxeur-pro.fr\\\/pt\\\/\",\"name\":\"Boxeur PRO\",\"description\":\"\",\"publisher\":{\"@id\":\"https:\\\/\\\/boxeur-pro.fr\\\/pt\\\/#organization\"},\"potentialAction\":[{\"@type\":\"SearchAction\",\"target\":{\"@type\":\"EntryPoint\",\"urlTemplate\":\"https:\\\/\\\/boxeur-pro.fr\\\/pt\\\/?s={search_term_string}\"},\"query-input\":{\"@type\":\"PropertyValueSpecification\",\"valueRequired\":true,\"valueName\":\"search_term_string\"}}],\"inLanguage\":\"pt-PT\"},{\"@type\":\"Organization\",\"@id\":\"https:\\\/\\\/boxeur-pro.fr\\\/pt\\\/#organization\",\"name\":\"Boxeur PRO\",\"url\":\"https:\\\/\\\/boxeur-pro.fr\\\/pt\\\/\",\"logo\":{\"@type\":\"ImageObject\",\"inLanguage\":\"pt-PT\",\"@id\":\"https:\\\/\\\/boxeur-pro.fr\\\/pt\\\/#\\\/schema\\\/logo\\\/image\\\/\",\"url\":\"https:\\\/\\\/boxeur-pro.fr\\\/wp-content\\\/uploads\\\/2024\\\/01\\\/LogoBoxeurProTransparent-1.png\",\"contentUrl\":\"https:\\\/\\\/boxeur-pro.fr\\\/wp-content\\\/uploads\\\/2024\\\/01\\\/LogoBoxeurProTransparent-1.png\",\"width\":709,\"height\":800,\"caption\":\"Boxeur PRO\"},\"image\":{\"@id\":\"https:\\\/\\\/boxeur-pro.fr\\\/pt\\\/#\\\/schema\\\/logo\\\/image\\\/\"}},{\"@type\":\"Person\",\"@id\":\"https:\\\/\\\/boxeur-pro.fr\\\/pt\\\/#\\\/schema\\\/person\\\/086d0ef78c9fe53d995cf72b71821937\",\"name\":\"Maxime\",\"image\":{\"@type\":\"ImageObject\",\"inLanguage\":\"pt-PT\",\"@id\":\"https:\\\/\\\/secure.gravatar.com\\\/avatar\\\/ce38768ebaf5d044c623efd7ff10a6ad2e1bf4f59b1039f5295b8e35e82bb447?s=96&d=mm&r=g\",\"url\":\"https:\\\/\\\/secure.gravatar.com\\\/avatar\\\/ce38768ebaf5d044c623efd7ff10a6ad2e1bf4f59b1039f5295b8e35e82bb447?s=96&d=mm&r=g\",\"contentUrl\":\"https:\\\/\\\/secure.gravatar.com\\\/avatar\\\/ce38768ebaf5d044c623efd7ff10a6ad2e1bf4f59b1039f5295b8e35e82bb447?s=96&d=mm&r=g\",\"caption\":\"Maxime\"},\"url\":\"https:\\\/\\\/boxeur-pro.fr\\\/pt\\\/author\\\/maxime\\\/\"}]}<\/script>\n<!-- \/ Yoast SEO plugin. -->","yoast_head_json":{"title":"Choque: Mike Tyson pronto para morrer no ringue contra Jake Paul (A raz\u00e3o \u00e9 louca) - Boxeur PRO","robots":{"index":"index","follow":"follow","max-snippet":"max-snippet:-1","max-image-preview":"max-image-preview:large","max-video-preview":"max-video-preview:-1"},"canonical":"https:\/\/boxeur-pro.fr\/pt\/blogue\/o-mike-tyson-esta-pronto-para-morrer-o-jake-paul-esta-louco\/","og_locale":"pt_PT","og_type":"article","og_title":"Choc : Mike Tyson pr\u00eat \u00e0 mourir sur le ring face \u00e0 Jake Paul ! (La raison est folle) - Boxeur PRO","og_description":"L&rsquo;article en bref Le combat entre Mike Tyson et Jake Paul s&rsquo;annonce comme un choc interg\u00e9n\u00e9rationnel explosif dans le monde de la boxe. Voici les points cl\u00e9s \u00e0 retenir : Retour surprise : Mike Tyson, 57 ans, sort de sa retraite pour affronter Jake Paul Duel in\u00e9dit : L&rsquo;exp\u00e9rience l\u00e9gendaire ... Ler mais","og_url":"https:\/\/boxeur-pro.fr\/pt\/blogue\/o-mike-tyson-esta-pronto-para-morrer-o-jake-paul-esta-louco\/","og_site_name":"Boxeur PRO","article_published_time":"2024-11-04T17:23:00+00:00","og_image":[{"width":1200,"height":800,"url":"https:\/\/boxeur-pro.fr\/wp-content\/uploads\/2024\/11\/tyson_provoque_paul_au_combat_1194.jpg","type":"image\/jpeg"}],"author":"Maxime","twitter_card":"summary_large_image","twitter_misc":{"Escrito por":"Maxime","Tempo estimado de leitura":"2 minutos"},"schema":{"@context":"https:\/\/schema.org","@graph":[{"@type":"Article","@id":"https:\/\/boxeur-pro.fr\/pt\/blog\/choc-mike-tyson-pret-mourir-ring-face-jake-paul-la-raison-est-folle\/#article","isPartOf":{"@id":"https:\/\/boxeur-pro.fr\/pt\/blog\/choc-mike-tyson-pret-mourir-ring-face-jake-paul-la-raison-est-folle\/"},"author":{"name":"Maxime","@id":"https:\/\/boxeur-pro.fr\/pt\/#\/schema\/person\/086d0ef78c9fe53d995cf72b71821937"},"headline":"Choc : Mike Tyson pr\u00eat \u00e0 mourir sur le ring face \u00e0 Jake Paul ! (La raison est folle)","datePublished":"2024-11-04T17:23:00+00:00","mainEntityOfPage":{"@id":"https:\/\/boxeur-pro.fr\/pt\/blog\/choc-mike-tyson-pret-mourir-ring-face-jake-paul-la-raison-est-folle\/"},"wordCount":457,"commentCount":0,"publisher":{"@id":"https:\/\/boxeur-pro.fr\/pt\/#organization"},"image":{"@id":"https:\/\/boxeur-pro.fr\/pt\/blog\/choc-mike-tyson-pret-mourir-ring-face-jake-paul-la-raison-est-folle\/#primaryimage"},"thumbnailUrl":"https:\/\/boxeur-pro.fr\/wp-content\/uploads\/2024\/11\/tyson_provoque_paul_au_combat_1194.jpg","articleSection":["Blog"],"inLanguage":"pt-PT","potentialAction":[{"@type":"CommentAction","name":"Comment","target":["https:\/\/boxeur-pro.fr\/pt\/blog\/choc-mike-tyson-pret-mourir-ring-face-jake-paul-la-raison-est-folle\/#respond"]}]},{"@type":"WebPage","@id":"https:\/\/boxeur-pro.fr\/pt\/blog\/choc-mike-tyson-pret-mourir-ring-face-jake-paul-la-raison-est-folle\/","url":"https:\/\/boxeur-pro.fr\/pt\/blog\/choc-mike-tyson-pret-mourir-ring-face-jake-paul-la-raison-est-folle\/","name":"Choque: Mike Tyson pronto para morrer no ringue contra Jake Paul (A raz\u00e3o \u00e9 louca) - Boxeur PRO","isPartOf":{"@id":"https:\/\/boxeur-pro.fr\/pt\/#website"},"primaryImageOfPage":{"@id":"https:\/\/boxeur-pro.fr\/pt\/blog\/choc-mike-tyson-pret-mourir-ring-face-jake-paul-la-raison-est-folle\/#primaryimage"},"image":{"@id":"https:\/\/boxeur-pro.fr\/pt\/blog\/choc-mike-tyson-pret-mourir-ring-face-jake-paul-la-raison-est-folle\/#primaryimage"},"thumbnailUrl":"https:\/\/boxeur-pro.fr\/wp-content\/uploads\/2024\/11\/tyson_provoque_paul_au_combat_1194.jpg","datePublished":"2024-11-04T17:23:00+00:00","breadcrumb":{"@id":"https:\/\/boxeur-pro.fr\/pt\/blog\/choc-mike-tyson-pret-mourir-ring-face-jake-paul-la-raison-est-folle\/#breadcrumb"},"inLanguage":"pt-PT","potentialAction":[{"@type":"ReadAction","target":["https:\/\/boxeur-pro.fr\/pt\/blog\/choc-mike-tyson-pret-mourir-ring-face-jake-paul-la-raison-est-folle\/"]}]},{"@type":"ImageObject","inLanguage":"pt-PT","@id":"https:\/\/boxeur-pro.fr\/pt\/blog\/choc-mike-tyson-pret-mourir-ring-face-jake-paul-la-raison-est-folle\/#primaryimage","url":"https:\/\/boxeur-pro.fr\/wp-content\/uploads\/2024\/11\/tyson_provoque_paul_au_combat_1194.jpg","contentUrl":"https:\/\/boxeur-pro.fr\/wp-content\/uploads\/2024\/11\/tyson_provoque_paul_au_combat_1194.jpg","width":1200,"height":800,"caption":"Mike Tyson d\u00e9fie Jake Paul : \"Je pr\u00e9f\u00e8re mourir sur le ring que dans un lit d'h\u00f4pital"},{"@type":"BreadcrumbList","@id":"https:\/\/boxeur-pro.fr\/pt\/blog\/choc-mike-tyson-pret-mourir-ring-face-jake-paul-la-raison-est-folle\/#breadcrumb","itemListElement":[{"@type":"ListItem","position":1,"name":"Accueil","item":"https:\/\/boxeur-pro.fr\/"},{"@type":"ListItem","position":2,"name":"Choc : Mike Tyson pr\u00eat \u00e0 mourir sur le ring face \u00e0 Jake Paul ! (La raison est folle)"}]},{"@type":"WebSite","@id":"https:\/\/boxeur-pro.fr\/pt\/#website","url":"https:\/\/boxeur-pro.fr\/pt\/","name":"Boxer PRO","description":"","publisher":{"@id":"https:\/\/boxeur-pro.fr\/pt\/#organization"},"potentialAction":[{"@type":"SearchAction","target":{"@type":"EntryPoint","urlTemplate":"https:\/\/boxeur-pro.fr\/pt\/?s={search_term_string}"},"query-input":{"@type":"PropertyValueSpecification","valueRequired":true,"valueName":"search_term_string"}}],"inLanguage":"pt-PT"},{"@type":"Organization","@id":"https:\/\/boxeur-pro.fr\/pt\/#organization","name":"Boxer PRO","url":"https:\/\/boxeur-pro.fr\/pt\/","logo":{"@type":"ImageObject","inLanguage":"pt-PT","@id":"https:\/\/boxeur-pro.fr\/pt\/#\/schema\/logo\/image\/","url":"https:\/\/boxeur-pro.fr\/wp-content\/uploads\/2024\/01\/LogoBoxeurProTransparent-1.png","contentUrl":"https:\/\/boxeur-pro.fr\/wp-content\/uploads\/2024\/01\/LogoBoxeurProTransparent-1.png","width":709,"height":800,"caption":"Boxeur PRO"},"image":{"@id":"https:\/\/boxeur-pro.fr\/pt\/#\/schema\/logo\/image\/"}},{"@type":"Person","@id":"https:\/\/boxeur-pro.fr\/pt\/#\/schema\/person\/086d0ef78c9fe53d995cf72b71821937","name":"Maxime","image":{"@type":"ImageObject","inLanguage":"pt-PT","@id":"https:\/\/secure.gravatar.com\/avatar\/ce38768ebaf5d044c623efd7ff10a6ad2e1bf4f59b1039f5295b8e35e82bb447?s=96&d=mm&r=g","url":"https:\/\/secure.gravatar.com\/avatar\/ce38768ebaf5d044c623efd7ff10a6ad2e1bf4f59b1039f5295b8e35e82bb447?s=96&d=mm&r=g","contentUrl":"https:\/\/secure.gravatar.com\/avatar\/ce38768ebaf5d044c623efd7ff10a6ad2e1bf4f59b1039f5295b8e35e82bb447?s=96&d=mm&r=g","caption":"Maxime"},"url":"https:\/\/boxeur-pro.fr\/pt\/author\/maxime\/"}]}},"_links":{"self":[{"href":"https:\/\/boxeur-pro.fr\/pt\/wp-json\/wp\/v2\/posts\/3011","targetHints":{"allow":["GET"]}}],"collection":[{"href":"https:\/\/boxeur-pro.fr\/pt\/wp-json\/wp\/v2\/posts"}],"about":[{"href":"https:\/\/boxeur-pro.fr\/pt\/wp-json\/wp\/v2\/types\/post"}],"author":[{"embeddable":true,"href":"https:\/\/boxeur-pro.fr\/pt\/wp-json\/wp\/v2\/users\/2"}],"replies":[{"embeddable":true,"href":"https:\/\/boxeur-pro.fr\/pt\/wp-json\/wp\/v2\/comments?post=3011"}],"version-history":[{"count":1,"href":"https:\/\/boxeur-pro.fr\/pt\/wp-json\/wp\/v2\/posts\/3011\/revisions"}],"predecessor-version":[{"id":3015,"href":"https:\/\/boxeur-pro.fr\/pt\/wp-json\/wp\/v2\/posts\/3011\/revisions\/3015"}],"wp:featuredmedia":[{"embeddable":true,"href":"https:\/\/boxeur-pro.fr\/pt\/wp-json\/wp\/v2\/media\/3007"}],"wp:attachment":[{"href":"https:\/\/boxeur-pro.fr\/pt\/wp-json\/wp\/v2\/media?parent=3011"}],"wp:term":[{"taxonomy":"category","embeddable":true,"href":"https:\/\/boxeur-pro.fr\/pt\/wp-json\/wp\/v2\/categories?post=3011"},{"taxonomy":"post_tag","embeddable":true,"href":"https:\/\/boxeur-pro.fr\/pt\/wp-json\/wp\/v2\/tags?post=3011"}],"curies":[{"name":"wp","href":"https:\/\/api.w.org\/{rel}","templated":true}]}}