{"id":4480,"date":"2026-03-11T17:55:00","date_gmt":"2026-03-11T16:55:00","guid":{"rendered":"https:\/\/boxeur-pro.fr\/blog\/quentin-fontaine-boxe-carriere-performances\/"},"modified":"2026-03-11T17:55:00","modified_gmt":"2026-03-11T16:55:00","slug":"quentin-fontaine-boxe-carriere-performances","status":"publish","type":"post","link":"https:\/\/boxeur-pro.fr\/pt\/blog\/quentin-fontaine-boxe-carriere-performances\/","title":{"rendered":"Quentin Fontaine boxe : carri\u00e8re et performances"},"content":{"rendered":"<p><!-- summary-start --><\/p>\n<p><strong>O artigo em resumo<\/strong><\/p>\n<p><p><strong>Quentin Fontaine, boxeur professionnel lorrain de 25 ans, pr\u00e9pare le Championnat de France poids moyen le 7 f\u00e9vrier \u00e0 Ch\u00e2teauroux.<\/strong><\/p>\n<ul>\n<li><strong>Un tournant en avril 2025 :<\/strong> <em>transfert au Boxing Club de Pont-\u00e0-Mousson<\/em> sous la direction de Jonathan Rodriguez, offrant enfin un environnement comp\u00e9titif de haut niveau.<\/li>\n<li><strong>Pr\u00e9paration intensive :<\/strong> deux s\u00e9ances quotidiennes combinant course, fractionn\u00e9, renforcement et sparrings de qualit\u00e9, la plus exigeante de sa carri\u00e8re.<\/li>\n<li><strong>Adversaire redoutable :<\/strong> <em>Ephrem Bariko<\/em>, patron des poids moyens fran\u00e7ais avec 13 victoires et aucune d\u00e9faite, qu&rsquo;il a d\u00e9j\u00e0 affront\u00e9 deux fois.<\/li>\n<li><strong>Une progression mentale :<\/strong> <em>apr\u00e8s avoir envisag\u00e9 l&rsquo;arr\u00eat<\/em>, Fontaine retrouve confiance gr\u00e2ce \u00e0 une structure d&rsquo;entra\u00eenement appropri\u00e9e et une pr\u00e9paration rigoureuse.<\/li>\n<\/ul>\n<p><!-- summary-end --><\/p>\n<p><strong>Quentin Fontaine<\/strong> est l&rsquo;un de ces boxeurs qui avancent dans l&rsquo;ombre, loin des projecteurs m\u00e9diatiques, mais dont le parcours m\u00e9rite qu&rsquo;on s&rsquo;y attarde. \u00c0 25 ans, originaire de <em>Domgermain<\/em> dans le Toulois, ce poids moyen professionnel se pr\u00e9pare \u00e0 disputer le Championnat de France le 7 f\u00e9vrier \u00e0 Ch\u00e2teauroux. Un rendez-vous qui pourrait tout changer pour lui.<\/p>\n<h2>Quentin Fontaine, boxeur professionnel : qui est-il vraiment ?<\/h2>\n<h3>Un profil fa\u00e7onn\u00e9 par la Lorraine<\/h3>\n<p>Natif du Toulois, <strong>Quentin Fontaine<\/strong> a grandi dans cette r\u00e9gion lorraine o\u00f9 la boxe n&rsquo;est pas une discipline dominante. Il a longtemps r\u00e9sid\u00e9 \u00e0 Bulligny, dans les C\u00f4tes-de-Toul, avant de basculer vers une nouvelle dynamique en 2025. Son parcours au Noble Art Toulois, sous la houlette de <em>Fabrice Gasser<\/em>, lui a permis de construire ses bases. Le probl\u00e8me ? Il se retrouvait seul comp\u00e9titeur professionnel au milieu de boxeurs pratiquant en loisir, sans infrastructure adapt\u00e9e ni sparring partenaires de son niveau.<\/p>\n<p>Cette situation l&rsquo;a conduit \u00e0 envisager s\u00e9rieusement d&rsquo;arr\u00eater. Franchement, c&rsquo;est une r\u00e9alit\u00e9 que beaucoup de boxeurs provinciaux connaissent : stagner faute d&rsquo;environnement comp\u00e9titif, c&rsquo;est \u00e9puisant mentalement. Il a tenu bon, et la suite lui donne raison.<\/p>\n<h3>Le tournant d&rsquo;avril 2025<\/h3>\n<p>Le changement de cap arrive en <strong>avril 2025<\/strong>, avec son transfert officiel au <em>Boxing Club de Pont-\u00e0-Mousson<\/em>. Son nouvel entra\u00eeneur, Jonathan Rodriguez, lui apporte ce que Gasser ne pouvait pas lui offrir faute de moyens : des sparrings r\u00e9guliers de haut niveau, un travail technique approfondi, et un programme d&rsquo;entra\u00eenement structur\u00e9. Rodriguez l&rsquo;accompagnait d\u00e9j\u00e0 ponctuellement lors de certaines pr\u00e9parations, notamment via des s\u00e9ances avec Olcay Kaya.<\/p>\n<p>Depuis cette transition, le boxeur s&rsquo;entra\u00eene <strong>deux fois par jour<\/strong>, alternant course, fractionn\u00e9, renforcement musculaire et sparrings intenses. Cette semaine, il a m\u00eame enfil\u00e9 les gants \u00e0 Roubaix avec Adagio McDonald, <em>ancien champion de France amateur nordiste<\/em>. Sa pr\u00e9paration actuelle est, selon ses propres mots, la plus exigeante qu&rsquo;il ait jamais travers\u00e9e. Pour <a href=\"https:\/\/boxeur-pro.fr\/pt\/boxe\/tecnicas-de-defesa-de-boxe-dicas-estrategias-essenciais\/\">ma\u00eetriser les techniques de d\u00e9fense en boxe<\/a>, ce niveau d&rsquo;entra\u00eenement quotidien est indispensable avant un championnat de France.<\/p>\n<h3>Un palmar\u00e8s en construction<\/h3>\n<table>\n<thead>\n<tr>\n<th>Estat\u00edsticas<\/th>\n<th>Fontaine<\/th>\n<th>Bariko<\/th>\n<\/tr>\n<\/thead>\n<tbody>\n<tr>\n<td>Vit\u00f3rias<\/td>\n<td>8<\/td>\n<td>13<\/td>\n<\/tr>\n<tr>\n<td>Derrotas<\/td>\n<td>7<\/td>\n<td>0<\/td>\n<\/tr>\n<tr>\n<td>Nuls<\/td>\n<td>3<\/td>\n<td>1<\/td>\n<\/tr>\n<\/tbody>\n<\/table>\n<p>Son bilan de <strong>8 victoires, 7 d\u00e9faites et 3 nuls<\/strong> ne refl\u00e8te pas totalement son niveau actuel. Parmi ses succ\u00e8s, la victoire contre le Normand Attemane Zanoune en juin 2024 \u00e0 Pont-\u00e0-Mousson reste une r\u00e9f\u00e9rence r\u00e9cente. Certes, les chiffres bruts semblent in\u00e9gaux face \u00e0 Bariko, mais un palmar\u00e8s se lit aussi dans la progression \u2014 et l\u00e0, la courbe est clairement ascendante.<\/p>\n<h2>Le Championnat de France en poids moyens : Fontaine face \u00e0 Bariko<\/h2>\n<h3>Un adversaire redoutable au sommet de la cat\u00e9gorie<\/h3>\n<p>Ephrem Bariko, c&rsquo;est aujourd&rsquo;hui <em>le patron des poids moyens fran\u00e7ais<\/em>. Avec 13 victoires et 1 nul, il n&rsquo;a jamais connu la d\u00e9faite. Fontaine et lui se sont d\u00e9j\u00e0 crois\u00e9s \u00e0 deux reprises. La derni\u00e8re fois, c&rsquo;\u00e9tait lors de la finale du <strong>Troph\u00e9e Jean-Claude Bouttier le 30 novembre 2024<\/strong>, perdue nettement \u00e0 l&rsquo;unanimit\u00e9 des trois juges. Un signal clair que l&rsquo;\u00e9cart existait. Mais c&rsquo;\u00e9tait avant le changement de club, avant les deux s\u00e9ances quotidiennes, avant Pont-\u00e0-Mousson.<\/p>\n<p>Le combat du 7 f\u00e9vrier se tiendra \u00e0 la <em>salle Pierre-Jablonski<\/em> de Ch\u00e2teauroux, sur 10 rounds de 3 minutes. C&rsquo;est le format d&rsquo;un vrai championnat, pas une rencontre de rodage. Pour un boxeur qui a failli raccrocher les gants il y a un an, d\u00e9crocher ce titre serait l&rsquo;une des histoires les plus marquantes de la boxe lorraine ces derni\u00e8res ann\u00e9es. Pour comprendre <a href=\"https:\/\/boxeur-pro.fr\/pt\/blogue\/comment-passer-pro-boxe-france-guide-etape-etape\/\">comment passer pro en boxe en France<\/a>, le chemin parcouru par Fontaine illustre parfaitement les exigences du circuit national.<\/p>\n<h3>La carte sous-jacente : Hadj Aissa contre Laporte<\/h3>\n<p>Le gala de Ch\u00e2teauroux ne se r\u00e9sume pas \u00e0 ce seul combat. Rany Hadj Aissa, boxeur de Laxou licenci\u00e9 \u00e0 Gien, affrontera le Breton Dylan Laporte en 6 rounds chez les poids lourds-l\u00e9gers. Ce que ce combat a d&rsquo;int\u00e9ressant ? Laporte est un ancien rugbyman de 33 ans, reconverti \u00e0 la boxe professionnelle seulement en <em>mai 2025<\/em>. Il n&rsquo;affiche qu&rsquo;une victoire au compteur, obtenue lors de sa prise de marques face au Tch\u00e8que Bernard Plavec. Un profil atypique qui rend ce combat difficile \u00e0 analyser.<\/p>\n<h3>Ce que le parcours de Fontaine enseigne<\/h3>\n<p>Voici ce qui distingue vraiment Fontaine dans ce championnat :<\/p>\n<ul>\n<li>Une progression technique rapide depuis son arriv\u00e9e \u00e0 Pont-\u00e0-Mousson<\/li>\n<li>Un v\u00e9cu de deux combats face \u00e0 Bariko, avec une connaissance mutuelle r\u00e9elle<\/li>\n<li>Une pr\u00e9paration physique d\u00e9crite comme in\u00e9gal\u00e9e dans sa carri\u00e8re<\/li>\n<li>Un mental forg\u00e9 par la travers\u00e9e d&rsquo;une p\u00e9riode de doute profond<\/li>\n<\/ul>\n<p>Ces \u00e9l\u00e9ments ne garantissent rien. Bariko reste favori, statistiquement et logiquement. Mais les championnats se gagnent aussi sur des d\u00e9tails que les chiffres ne capturent pas.<\/p>\n<h2>Pr\u00e9parer un championnat de France : les exigences concr\u00e8tes du haut niveau<\/h2>\n<h3>Deux s\u00e9ances par jour, une r\u00e9alit\u00e9 exigeante<\/h3>\n<p>Le r\u00e9gime d&rsquo;entra\u00eenement de Fontaine \u00e0 Pont-\u00e0-Mousson illustre ce que demande vraiment la pr\u00e9paration d&rsquo;un titre national. <strong>Deux s\u00e9ances quotidiennes<\/strong>, incluant course matinale, fractionn\u00e9, travail technique et sparrings intenses \u2014 ce niveau d&rsquo;engagement physique est comparable \u00e0 celui des boxeurs professionnels \u00e9voluant dans des salles parisiennes bien dot\u00e9es. La localisation g\u00e9ographique ne doit plus \u00eatre un frein, et Pont-\u00e0-Mousson prouve qu&rsquo;une salle de province peut offrir ce cadre.<\/p>\n<p>Jonathan Rodriguez a visiblement su identifier les lacunes \u00e0 corriger rapidement : appuis, puissance, technique d\u00e9fensive. Trois axes de travail qui correspondent pr\u00e9cis\u00e9ment aux points exploit\u00e9s par Bariko lors de leurs confrontations pr\u00e9c\u00e9dentes. Pour un boxeur de 25 ans avec encore de multiples ann\u00e9es devant lui, cette remise \u00e0 plat structurelle peut faire basculer une carri\u00e8re enti\u00e8re.<\/p>\n<p><em>Fontes :<\/em> <a href=\"https:\/\/fr.wikipedia.org\/wiki\/Boxe\" target=\"<em>blank\u00a0\u00bb rel=\u00a0\u00bbnoopener\u00a0\u00bb>wiki de la boxe<\/a> \u2014 <a href=\"https:>blank\u00a0\u00bb rel=\u00a0\u00bbnoopener\u00a0\u00bb>site des combattants<\/a><\/p>\n<div style='text-align:center;'><iframe width='560' height='315' src='https:\/\/www.youtube.com\/embed\/Ep0TZptKbeQ' frameborder='0' allow='accelerometer; autoplay; clipboard-write; encrypted-media; gyroscope; picture-in-picture' allowfullscreen><\/iframe><\/div>","protected":false},"excerpt":{"rendered":"<p>L&rsquo;article en bref Quentin Fontaine, boxeur professionnel lorrain de 25 ans, pr\u00e9pare le Championnat de France poids moyen le 7 f\u00e9vrier \u00e0 Ch\u00e2teauroux. Un tournant en avril 2025 : transfert au Boxing Club de Pont-\u00e0-Mousson sous la direction de Jonathan Rodriguez, offrant enfin un environnement comp\u00e9titif de haut niveau. Pr\u00e9paration &#8230; <a title=\"Quentin Fontaine boxe : carri\u00e8re et performances\" class=\"read-more\" href=\"https:\/\/boxeur-pro.fr\/pt\/blog\/quentin-fontaine-boxe-carriere-performances\/\" aria-label=\"Leia mais sobre Quentin Fontaine boxe : carri\u00e8re et performances\">Ler mais<\/a><\/p>","protected":false},"author":2,"featured_media":4477,"comment_status":"open","ping_status":"","sticky":false,"template":"","format":"standard","meta":{"footnotes":""},"categories":[7],"tags":[],"class_list":["post-4480","post","type-post","status-publish","format-standard","has-post-thumbnail","hentry","category-boxe"],"yoast_head":"<!-- This site is optimized with the Yoast SEO plugin v27.5 - https:\/\/yoast.com\/product\/yoast-seo-wordpress\/ -->\n<title>Quentin Fontaine boxe : carri\u00e8re et performances - Boxeur PRO<\/title>\n<meta name=\"robots\" content=\"index, follow, max-snippet:-1, max-image-preview:large, max-video-preview:-1\" \/>\n<link rel=\"canonical\" href=\"https:\/\/boxeur-pro.fr\/pt\/blogue\/quentin-fontaine-boxe-carriere-performances\/\" \/>\n<meta property=\"og:locale\" content=\"pt_PT\" \/>\n<meta property=\"og:type\" content=\"article\" \/>\n<meta property=\"og:title\" content=\"Quentin Fontaine boxe : carri\u00e8re et performances - Boxeur PRO\" \/>\n<meta property=\"og:description\" content=\"L&rsquo;article en bref Quentin Fontaine, boxeur professionnel lorrain de 25 ans, pr\u00e9pare le Championnat de France poids moyen le 7 f\u00e9vrier \u00e0 Ch\u00e2teauroux. Un tournant en avril 2025 : transfert au Boxing Club de Pont-\u00e0-Mousson sous la direction de Jonathan Rodriguez, offrant enfin un environnement comp\u00e9titif de haut niveau. Pr\u00e9paration ... Ler mais\" \/>\n<meta property=\"og:url\" content=\"https:\/\/boxeur-pro.fr\/pt\/blogue\/quentin-fontaine-boxe-carriere-performances\/\" \/>\n<meta property=\"og:site_name\" content=\"Boxeur PRO\" \/>\n<meta property=\"article:published_time\" content=\"2026-03-11T16:55:00+00:00\" \/>\n<meta name=\"author\" content=\"Maxime\" \/>\n<meta name=\"twitter:card\" content=\"summary_large_image\" \/>\n<meta name=\"twitter:label1\" content=\"Escrito por\" \/>\n\t<meta name=\"twitter:data1\" content=\"Maxime\" \/>\n\t<meta name=\"twitter:label2\" content=\"Tempo estimado de leitura\" \/>\n\t<meta name=\"twitter:data2\" content=\"5 minutos\" \/>\n<script type=\"application\/ld+json\" class=\"yoast-schema-graph\">{\"@context\":\"https:\\\/\\\/schema.org\",\"@graph\":[{\"@type\":\"Article\",\"@id\":\"https:\\\/\\\/boxeur-pro.fr\\\/pt\\\/blog\\\/quentin-fontaine-boxe-carriere-performances\\\/#article\",\"isPartOf\":{\"@id\":\"https:\\\/\\\/boxeur-pro.fr\\\/pt\\\/blog\\\/quentin-fontaine-boxe-carriere-performances\\\/\"},\"author\":{\"name\":\"Maxime\",\"@id\":\"https:\\\/\\\/boxeur-pro.fr\\\/pt\\\/#\\\/schema\\\/person\\\/086d0ef78c9fe53d995cf72b71821937\"},\"headline\":\"Quentin Fontaine boxe : carri\u00e8re et performances\",\"datePublished\":\"2026-03-11T16:55:00+00:00\",\"mainEntityOfPage\":{\"@id\":\"https:\\\/\\\/boxeur-pro.fr\\\/pt\\\/blog\\\/quentin-fontaine-boxe-carriere-performances\\\/\"},\"wordCount\":1112,\"commentCount\":0,\"publisher\":{\"@id\":\"https:\\\/\\\/boxeur-pro.fr\\\/pt\\\/#organization\"},\"image\":{\"@id\":\"https:\\\/\\\/boxeur-pro.fr\\\/pt\\\/blog\\\/quentin-fontaine-boxe-carriere-performances\\\/#primaryimage\"},\"thumbnailUrl\":\"https:\\\/\\\/boxeur-pro.fr\\\/wp-content\\\/uploads\\\/2026\\\/04\\\/boxeur_en_action_sur_le_ring_7235.webp\",\"articleSection\":[\"Boxe\"],\"inLanguage\":\"pt-PT\",\"potentialAction\":[{\"@type\":\"CommentAction\",\"name\":\"Comment\",\"target\":[\"https:\\\/\\\/boxeur-pro.fr\\\/pt\\\/blog\\\/quentin-fontaine-boxe-carriere-performances\\\/#respond\"]}]},{\"@type\":\"WebPage\",\"@id\":\"https:\\\/\\\/boxeur-pro.fr\\\/pt\\\/blog\\\/quentin-fontaine-boxe-carriere-performances\\\/\",\"url\":\"https:\\\/\\\/boxeur-pro.fr\\\/pt\\\/blog\\\/quentin-fontaine-boxe-carriere-performances\\\/\",\"name\":\"Quentin Fontaine boxe : carri\u00e8re et performances - Boxeur PRO\",\"isPartOf\":{\"@id\":\"https:\\\/\\\/boxeur-pro.fr\\\/pt\\\/#website\"},\"primaryImageOfPage\":{\"@id\":\"https:\\\/\\\/boxeur-pro.fr\\\/pt\\\/blog\\\/quentin-fontaine-boxe-carriere-performances\\\/#primaryimage\"},\"image\":{\"@id\":\"https:\\\/\\\/boxeur-pro.fr\\\/pt\\\/blog\\\/quentin-fontaine-boxe-carriere-performances\\\/#primaryimage\"},\"thumbnailUrl\":\"https:\\\/\\\/boxeur-pro.fr\\\/wp-content\\\/uploads\\\/2026\\\/04\\\/boxeur_en_action_sur_le_ring_7235.webp\",\"datePublished\":\"2026-03-11T16:55:00+00:00\",\"breadcrumb\":{\"@id\":\"https:\\\/\\\/boxeur-pro.fr\\\/pt\\\/blog\\\/quentin-fontaine-boxe-carriere-performances\\\/#breadcrumb\"},\"inLanguage\":\"pt-PT\",\"potentialAction\":[{\"@type\":\"ReadAction\",\"target\":[\"https:\\\/\\\/boxeur-pro.fr\\\/pt\\\/blog\\\/quentin-fontaine-boxe-carriere-performances\\\/\"]}]},{\"@type\":\"ImageObject\",\"inLanguage\":\"pt-PT\",\"@id\":\"https:\\\/\\\/boxeur-pro.fr\\\/pt\\\/blog\\\/quentin-fontaine-boxe-carriere-performances\\\/#primaryimage\",\"url\":\"https:\\\/\\\/boxeur-pro.fr\\\/wp-content\\\/uploads\\\/2026\\\/04\\\/boxeur_en_action_sur_le_ring_7235.webp\",\"contentUrl\":\"https:\\\/\\\/boxeur-pro.fr\\\/wp-content\\\/uploads\\\/2026\\\/04\\\/boxeur_en_action_sur_le_ring_7235.webp\",\"width\":1376,\"height\":768,\"caption\":\"Boxeur avec gants noirs et or dans ring illumin\u00e9\"},{\"@type\":\"BreadcrumbList\",\"@id\":\"https:\\\/\\\/boxeur-pro.fr\\\/pt\\\/blog\\\/quentin-fontaine-boxe-carriere-performances\\\/#breadcrumb\",\"itemListElement\":[{\"@type\":\"ListItem\",\"position\":1,\"name\":\"Accueil\",\"item\":\"https:\\\/\\\/boxeur-pro.fr\\\/\"},{\"@type\":\"ListItem\",\"position\":2,\"name\":\"Quentin Fontaine boxe : carri\u00e8re et performances\"}]},{\"@type\":\"WebSite\",\"@id\":\"https:\\\/\\\/boxeur-pro.fr\\\/pt\\\/#website\",\"url\":\"https:\\\/\\\/boxeur-pro.fr\\\/pt\\\/\",\"name\":\"Boxeur PRO\",\"description\":\"\",\"publisher\":{\"@id\":\"https:\\\/\\\/boxeur-pro.fr\\\/pt\\\/#organization\"},\"potentialAction\":[{\"@type\":\"SearchAction\",\"target\":{\"@type\":\"EntryPoint\",\"urlTemplate\":\"https:\\\/\\\/boxeur-pro.fr\\\/pt\\\/?s={search_term_string}\"},\"query-input\":{\"@type\":\"PropertyValueSpecification\",\"valueRequired\":true,\"valueName\":\"search_term_string\"}}],\"inLanguage\":\"pt-PT\"},{\"@type\":\"Organization\",\"@id\":\"https:\\\/\\\/boxeur-pro.fr\\\/pt\\\/#organization\",\"name\":\"Boxeur PRO\",\"url\":\"https:\\\/\\\/boxeur-pro.fr\\\/pt\\\/\",\"logo\":{\"@type\":\"ImageObject\",\"inLanguage\":\"pt-PT\",\"@id\":\"https:\\\/\\\/boxeur-pro.fr\\\/pt\\\/#\\\/schema\\\/logo\\\/image\\\/\",\"url\":\"https:\\\/\\\/boxeur-pro.fr\\\/wp-content\\\/uploads\\\/2024\\\/01\\\/LogoBoxeurProTransparent-1.png\",\"contentUrl\":\"https:\\\/\\\/boxeur-pro.fr\\\/wp-content\\\/uploads\\\/2024\\\/01\\\/LogoBoxeurProTransparent-1.png\",\"width\":709,\"height\":800,\"caption\":\"Boxeur PRO\"},\"image\":{\"@id\":\"https:\\\/\\\/boxeur-pro.fr\\\/pt\\\/#\\\/schema\\\/logo\\\/image\\\/\"}},{\"@type\":\"Person\",\"@id\":\"https:\\\/\\\/boxeur-pro.fr\\\/pt\\\/#\\\/schema\\\/person\\\/086d0ef78c9fe53d995cf72b71821937\",\"name\":\"Maxime\",\"image\":{\"@type\":\"ImageObject\",\"inLanguage\":\"pt-PT\",\"@id\":\"https:\\\/\\\/secure.gravatar.com\\\/avatar\\\/ce38768ebaf5d044c623efd7ff10a6ad2e1bf4f59b1039f5295b8e35e82bb447?s=96&d=mm&r=g\",\"url\":\"https:\\\/\\\/secure.gravatar.com\\\/avatar\\\/ce38768ebaf5d044c623efd7ff10a6ad2e1bf4f59b1039f5295b8e35e82bb447?s=96&d=mm&r=g\",\"contentUrl\":\"https:\\\/\\\/secure.gravatar.com\\\/avatar\\\/ce38768ebaf5d044c623efd7ff10a6ad2e1bf4f59b1039f5295b8e35e82bb447?s=96&d=mm&r=g\",\"caption\":\"Maxime\"},\"url\":\"https:\\\/\\\/boxeur-pro.fr\\\/pt\\\/author\\\/maxime\\\/\"}]}<\/script>\n<!-- \/ Yoast SEO plugin. -->","yoast_head_json":{"title":"Quentin Fontaine boxe : carri\u00e8re et performances - Boxeur PRO","robots":{"index":"index","follow":"follow","max-snippet":"max-snippet:-1","max-image-preview":"max-image-preview:large","max-video-preview":"max-video-preview:-1"},"canonical":"https:\/\/boxeur-pro.fr\/pt\/blogue\/quentin-fontaine-boxe-carriere-performances\/","og_locale":"pt_PT","og_type":"article","og_title":"Quentin Fontaine boxe : carri\u00e8re et performances - Boxeur PRO","og_description":"L&rsquo;article en bref Quentin Fontaine, boxeur professionnel lorrain de 25 ans, pr\u00e9pare le Championnat de France poids moyen le 7 f\u00e9vrier \u00e0 Ch\u00e2teauroux. Un tournant en avril 2025 : transfert au Boxing Club de Pont-\u00e0-Mousson sous la direction de Jonathan Rodriguez, offrant enfin un environnement comp\u00e9titif de haut niveau. Pr\u00e9paration ... Ler mais","og_url":"https:\/\/boxeur-pro.fr\/pt\/blogue\/quentin-fontaine-boxe-carriere-performances\/","og_site_name":"Boxeur PRO","article_published_time":"2026-03-11T16:55:00+00:00","author":"Maxime","twitter_card":"summary_large_image","twitter_misc":{"Escrito por":"Maxime","Tempo estimado de leitura":"5 minutos"},"schema":{"@context":"https:\/\/schema.org","@graph":[{"@type":"Article","@id":"https:\/\/boxeur-pro.fr\/pt\/blog\/quentin-fontaine-boxe-carriere-performances\/#article","isPartOf":{"@id":"https:\/\/boxeur-pro.fr\/pt\/blog\/quentin-fontaine-boxe-carriere-performances\/"},"author":{"name":"Maxime","@id":"https:\/\/boxeur-pro.fr\/pt\/#\/schema\/person\/086d0ef78c9fe53d995cf72b71821937"},"headline":"Quentin Fontaine boxe : carri\u00e8re et performances","datePublished":"2026-03-11T16:55:00+00:00","mainEntityOfPage":{"@id":"https:\/\/boxeur-pro.fr\/pt\/blog\/quentin-fontaine-boxe-carriere-performances\/"},"wordCount":1112,"commentCount":0,"publisher":{"@id":"https:\/\/boxeur-pro.fr\/pt\/#organization"},"image":{"@id":"https:\/\/boxeur-pro.fr\/pt\/blog\/quentin-fontaine-boxe-carriere-performances\/#primaryimage"},"thumbnailUrl":"https:\/\/boxeur-pro.fr\/wp-content\/uploads\/2026\/04\/boxeur_en_action_sur_le_ring_7235.webp","articleSection":["Boxe"],"inLanguage":"pt-PT","potentialAction":[{"@type":"CommentAction","name":"Comment","target":["https:\/\/boxeur-pro.fr\/pt\/blog\/quentin-fontaine-boxe-carriere-performances\/#respond"]}]},{"@type":"WebPage","@id":"https:\/\/boxeur-pro.fr\/pt\/blog\/quentin-fontaine-boxe-carriere-performances\/","url":"https:\/\/boxeur-pro.fr\/pt\/blog\/quentin-fontaine-boxe-carriere-performances\/","name":"Quentin Fontaine boxe : carri\u00e8re et performances - Boxeur PRO","isPartOf":{"@id":"https:\/\/boxeur-pro.fr\/pt\/#website"},"primaryImageOfPage":{"@id":"https:\/\/boxeur-pro.fr\/pt\/blog\/quentin-fontaine-boxe-carriere-performances\/#primaryimage"},"image":{"@id":"https:\/\/boxeur-pro.fr\/pt\/blog\/quentin-fontaine-boxe-carriere-performances\/#primaryimage"},"thumbnailUrl":"https:\/\/boxeur-pro.fr\/wp-content\/uploads\/2026\/04\/boxeur_en_action_sur_le_ring_7235.webp","datePublished":"2026-03-11T16:55:00+00:00","breadcrumb":{"@id":"https:\/\/boxeur-pro.fr\/pt\/blog\/quentin-fontaine-boxe-carriere-performances\/#breadcrumb"},"inLanguage":"pt-PT","potentialAction":[{"@type":"ReadAction","target":["https:\/\/boxeur-pro.fr\/pt\/blog\/quentin-fontaine-boxe-carriere-performances\/"]}]},{"@type":"ImageObject","inLanguage":"pt-PT","@id":"https:\/\/boxeur-pro.fr\/pt\/blog\/quentin-fontaine-boxe-carriere-performances\/#primaryimage","url":"https:\/\/boxeur-pro.fr\/wp-content\/uploads\/2026\/04\/boxeur_en_action_sur_le_ring_7235.webp","contentUrl":"https:\/\/boxeur-pro.fr\/wp-content\/uploads\/2026\/04\/boxeur_en_action_sur_le_ring_7235.webp","width":1376,"height":768,"caption":"Boxeur avec gants noirs et or dans ring illumin\u00e9"},{"@type":"BreadcrumbList","@id":"https:\/\/boxeur-pro.fr\/pt\/blog\/quentin-fontaine-boxe-carriere-performances\/#breadcrumb","itemListElement":[{"@type":"ListItem","position":1,"name":"Accueil","item":"https:\/\/boxeur-pro.fr\/"},{"@type":"ListItem","position":2,"name":"Quentin Fontaine boxe : carri\u00e8re et performances"}]},{"@type":"WebSite","@id":"https:\/\/boxeur-pro.fr\/pt\/#website","url":"https:\/\/boxeur-pro.fr\/pt\/","name":"Boxer PRO","description":"","publisher":{"@id":"https:\/\/boxeur-pro.fr\/pt\/#organization"},"potentialAction":[{"@type":"SearchAction","target":{"@type":"EntryPoint","urlTemplate":"https:\/\/boxeur-pro.fr\/pt\/?s={search_term_string}"},"query-input":{"@type":"PropertyValueSpecification","valueRequired":true,"valueName":"search_term_string"}}],"inLanguage":"pt-PT"},{"@type":"Organization","@id":"https:\/\/boxeur-pro.fr\/pt\/#organization","name":"Boxer PRO","url":"https:\/\/boxeur-pro.fr\/pt\/","logo":{"@type":"ImageObject","inLanguage":"pt-PT","@id":"https:\/\/boxeur-pro.fr\/pt\/#\/schema\/logo\/image\/","url":"https:\/\/boxeur-pro.fr\/wp-content\/uploads\/2024\/01\/LogoBoxeurProTransparent-1.png","contentUrl":"https:\/\/boxeur-pro.fr\/wp-content\/uploads\/2024\/01\/LogoBoxeurProTransparent-1.png","width":709,"height":800,"caption":"Boxeur PRO"},"image":{"@id":"https:\/\/boxeur-pro.fr\/pt\/#\/schema\/logo\/image\/"}},{"@type":"Person","@id":"https:\/\/boxeur-pro.fr\/pt\/#\/schema\/person\/086d0ef78c9fe53d995cf72b71821937","name":"Maxime","image":{"@type":"ImageObject","inLanguage":"pt-PT","@id":"https:\/\/secure.gravatar.com\/avatar\/ce38768ebaf5d044c623efd7ff10a6ad2e1bf4f59b1039f5295b8e35e82bb447?s=96&d=mm&r=g","url":"https:\/\/secure.gravatar.com\/avatar\/ce38768ebaf5d044c623efd7ff10a6ad2e1bf4f59b1039f5295b8e35e82bb447?s=96&d=mm&r=g","contentUrl":"https:\/\/secure.gravatar.com\/avatar\/ce38768ebaf5d044c623efd7ff10a6ad2e1bf4f59b1039f5295b8e35e82bb447?s=96&d=mm&r=g","caption":"Maxime"},"url":"https:\/\/boxeur-pro.fr\/pt\/author\/maxime\/"}]}},"_links":{"self":[{"href":"https:\/\/boxeur-pro.fr\/pt\/wp-json\/wp\/v2\/posts\/4480","targetHints":{"allow":["GET"]}}],"collection":[{"href":"https:\/\/boxeur-pro.fr\/pt\/wp-json\/wp\/v2\/posts"}],"about":[{"href":"https:\/\/boxeur-pro.fr\/pt\/wp-json\/wp\/v2\/types\/post"}],"author":[{"embeddable":true,"href":"https:\/\/boxeur-pro.fr\/pt\/wp-json\/wp\/v2\/users\/2"}],"replies":[{"embeddable":true,"href":"https:\/\/boxeur-pro.fr\/pt\/wp-json\/wp\/v2\/comments?post=4480"}],"version-history":[{"count":0,"href":"https:\/\/boxeur-pro.fr\/pt\/wp-json\/wp\/v2\/posts\/4480\/revisions"}],"wp:featuredmedia":[{"embeddable":true,"href":"https:\/\/boxeur-pro.fr\/pt\/wp-json\/wp\/v2\/media\/4477"}],"wp:attachment":[{"href":"https:\/\/boxeur-pro.fr\/pt\/wp-json\/wp\/v2\/media?parent=4480"}],"wp:term":[{"taxonomy":"category","embeddable":true,"href":"https:\/\/boxeur-pro.fr\/pt\/wp-json\/wp\/v2\/categories?post=4480"},{"taxonomy":"post_tag","embeddable":true,"href":"https:\/\/boxeur-pro.fr\/pt\/wp-json\/wp\/v2\/tags?post=4480"}],"curies":[{"name":"wp","href":"https:\/\/api.w.org\/{rel}","templated":true}]}}